{"id":13239,"date":"2016-11-04T23:23:53","date_gmt":"2016-11-05T02:23:53","guid":{"rendered":"http:\/\/blogdoeloiltoncajuhy.com.br\/site\/?p=13239"},"modified":"2016-11-04T23:23:53","modified_gmt":"2016-11-05T02:23:53","slug":"operacao-prende-56-assassinos-do-interior-do-estado-em-um-dia-aponta-policia-civil-em-bonfim-5-foram-presos","status":"publish","type":"post","link":"https:\/\/blogdoeloiltoncajuhy.com.br\/site\/operacao-prende-56-assassinos-do-interior-do-estado-em-um-dia-aponta-policia-civil-em-bonfim-5-foram-presos\/","title":{"rendered":"Opera\u00e7\u00e3o prende 56 assassinos do interior do estado em um dia, aponta Pol\u00edcia Civil. Em Bonfim, 5 foram presos"},"content":{"rendered":"<figure id=\"attachment_13240\" aria-describedby=\"caption-attachment-13240\" style=\"width: 380px\" class=\"wp-caption aligncenter\"><a href=\"https:\/\/i0.wp.com\/blogdoeloiltoncajuhy.com.br\/site\/wp-content\/uploads\/2016\/11\/opera%C3%A7%C3%A3o-pol%C3%ADcia-civil.jpg\"><img data-recalc-dims=\"1\" fetchpriority=\"high\" decoding=\"async\" class=\"wp-image-13240 size-full\" src=\"https:\/\/i0.wp.com\/blogdoeloiltoncajuhy.com.br\/site\/wp-content\/uploads\/2016\/11\/opera%C3%A7%C3%A3o-pol%C3%ADcia-civil.jpg?resize=380%2C280\" alt=\"operacao-policia-civil\" width=\"380\" height=\"280\" srcset=\"https:\/\/i0.wp.com\/blogdoeloiltoncajuhy.com.br\/site\/wp-content\/uploads\/2016\/11\/opera%C3%A7%C3%A3o-pol%C3%ADcia-civil.jpg?w=380&amp;ssl=1 380w, https:\/\/i0.wp.com\/blogdoeloiltoncajuhy.com.br\/site\/wp-content\/uploads\/2016\/11\/opera%C3%A7%C3%A3o-pol%C3%ADcia-civil.jpg?resize=300%2C221&amp;ssl=1 300w, https:\/\/i0.wp.com\/blogdoeloiltoncajuhy.com.br\/site\/wp-content\/uploads\/2016\/11\/opera%C3%A7%C3%A3o-pol%C3%ADcia-civil.jpg?resize=250%2C184&amp;ssl=1 250w\" sizes=\"(max-width: 380px) 100vw, 380px\" \/><\/a><figcaption id=\"caption-attachment-13240\" class=\"wp-caption-text\">Foto: El\u00f3i Corr\u00eaa\/GOVBA<\/figcaption><\/figure>\n<p>Uma opera\u00e7\u00e3o da Pol\u00edcia Civil prendeu 56 assassinos em apenas um dia no interior do estado. Segundo informa\u00e7\u00f5es do \u00f3rg\u00e3o de seguran\u00e7a, a Opera\u00e7\u00e3o Tem\u00e1tica foi realizada no \u00faltimo dia 27 de outubro, cumprindo mandados de pris\u00e3o por homic\u00eddio.<\/p>\n<p>Apenas na cidade de Itaberaba foram registradas 15 pris\u00f5es. <strong>Senhor do Bonfim vem na segunda posi\u00e7\u00e3o na lista, com 5<\/strong>. Em seguida aparecem os munic\u00edpios de Itapetinga (4), Santo Amaro (4), Seabra (3), Irec\u00ea (3), Teixeira de Freitas e Serrinha (3).<\/p>\n<p>A opera\u00e7\u00e3o envolveu 26 Coordenadorias Regionais de Pol\u00edcia do Interior (Coorpins) e tamb\u00e9m cumpriu 90 mandados de busca e apreens\u00e3o, al\u00e9m de 13 pris\u00f5es em flagrante por outros crimes, incluindo tr\u00e1fico de drogas.<\/p>\n<p>\u201cEssa a\u00e7\u00e3o coordenada da Pol\u00edcia Civil, em todo o territ\u00f3rio baiano, \u00e9 um exemplo do esfor\u00e7o dos nossos policiais em capturar, principalmente aqueles que atentam contra a vida\u201d, avaliou o diretor do Departamento de Pol\u00edcia do Interior (Depin), Ricardo Esteves Brito.<\/p>\n<p><em>*Bahia Not\u00edcias<\/em><\/p>\n","protected":false},"excerpt":{"rendered":"<p>Uma opera\u00e7\u00e3o da Pol\u00edcia Civil prendeu 56 assassinos em apenas um dia no interior do estado. Segundo informa\u00e7\u00f5es do \u00f3rg\u00e3o de seguran\u00e7a, a Opera\u00e7\u00e3o Tem\u00e1tica foi realizada no \u00faltimo dia 27 de outubro, cumprindo mandados de pris\u00e3o por homic\u00eddio. Apenas na cidade de Itaberaba foram registradas 15 pris\u00f5es. Senhor do Bonfim vem na segunda posi\u00e7\u00e3o [&hellip;]<\/p>\n","protected":false},"author":2,"featured_media":13240,"comment_status":"open","ping_status":"open","sticky":false,"template":"","format":"standard","meta":{"_acf_changed":false,"_monsterinsights_skip_tracking":false,"_monsterinsights_sitenote_active":false,"_monsterinsights_sitenote_note":"","_monsterinsights_sitenote_category":0,"_jetpack_memberships_contains_paid_content":false,"footnotes":"","jetpack_publicize_message":"","jetpack_publicize_feature_enabled":true,"jetpack_social_post_already_shared":true,"jetpack_social_options":{"image_generator_settings":{"template":"highway","default_image_id":0,"font":"","enabled":false},"version":2}},"categories":[5,1,4],"tags":[],"class_list":["post-13239","post","type-post","status-publish","format-standard","has-post-thumbnail","hentry","category-cotidiano","category-noticias","category-local"],"acf":[],"jetpack_publicize_connections":[],"jetpack_featured_media_url":"https:\/\/i0.wp.com\/blogdoeloiltoncajuhy.com.br\/site\/wp-content\/uploads\/2016\/11\/opera%C3%A7%C3%A3o-pol%C3%ADcia-civil.jpg?fit=380%2C280&ssl=1","jetpack_sharing_enabled":true,"publishpress_future_workflow_manual_trigger":{"enabledWorkflows":[]},"_links":{"self":[{"href":"https:\/\/blogdoeloiltoncajuhy.com.br\/site\/wp-json\/wp\/v2\/posts\/13239","targetHints":{"allow":["GET"]}}],"collection":[{"href":"https:\/\/blogdoeloiltoncajuhy.com.br\/site\/wp-json\/wp\/v2\/posts"}],"about":[{"href":"https:\/\/blogdoeloiltoncajuhy.com.br\/site\/wp-json\/wp\/v2\/types\/post"}],"author":[{"embeddable":true,"href":"https:\/\/blogdoeloiltoncajuhy.com.br\/site\/wp-json\/wp\/v2\/users\/2"}],"replies":[{"embeddable":true,"href":"https:\/\/blogdoeloiltoncajuhy.com.br\/site\/wp-json\/wp\/v2\/comments?post=13239"}],"version-history":[{"count":1,"href":"https:\/\/blogdoeloiltoncajuhy.com.br\/site\/wp-json\/wp\/v2\/posts\/13239\/revisions"}],"predecessor-version":[{"id":13241,"href":"https:\/\/blogdoeloiltoncajuhy.com.br\/site\/wp-json\/wp\/v2\/posts\/13239\/revisions\/13241"}],"wp:featuredmedia":[{"embeddable":true,"href":"https:\/\/blogdoeloiltoncajuhy.com.br\/site\/wp-json\/wp\/v2\/media\/13240"}],"wp:attachment":[{"href":"https:\/\/blogdoeloiltoncajuhy.com.br\/site\/wp-json\/wp\/v2\/media?parent=13239"}],"wp:term":[{"taxonomy":"category","embeddable":true,"href":"https:\/\/blogdoeloiltoncajuhy.com.br\/site\/wp-json\/wp\/v2\/categories?post=13239"},{"taxonomy":"post_tag","embeddable":true,"href":"https:\/\/blogdoeloiltoncajuhy.com.br\/site\/wp-json\/wp\/v2\/tags?post=13239"}],"curies":[{"name":"wp","href":"https:\/\/api.w.org\/{rel}","templated":true}]}}