{"id":13223,"date":"2016-11-03T22:23:01","date_gmt":"2016-11-04T01:23:01","guid":{"rendered":"http:\/\/blogdoeloiltoncajuhy.com.br\/site\/?p=13223"},"modified":"2016-11-03T22:24:48","modified_gmt":"2016-11-04T01:24:48","slug":"bonfim-caminhao-carregado-de-sucata-capota-e-motorista-morre-na-br-232-em-pe","status":"publish","type":"post","link":"https:\/\/blogdoeloiltoncajuhy.com.br\/site\/bonfim-caminhao-carregado-de-sucata-capota-e-motorista-morre-na-br-232-em-pe\/","title":{"rendered":"BONFIM: Caminh\u00e3o carregado de sucata capota e motorista morre na BR-232 em PE"},"content":{"rendered":"<p style=\"text-align: center;\"><em><strong>Condutor de 21 anos perdeu o controle do ve\u00edculo em Pesqueira, diz pol\u00edcia.\u00a0Caminh\u00e3o desceu barranco de cerca de 30 metros de altura, segundo PRF<\/strong><\/em><\/p>\n<figure id=\"attachment_13225\" aria-describedby=\"caption-attachment-13225\" style=\"width: 258px\" class=\"wp-caption alignleft\"><a href=\"https:\/\/i0.wp.com\/blogdoeloiltoncajuhy.com.br\/site\/wp-content\/uploads\/2016\/11\/dermisson-queiroz-e1478222458311.jpg\"><img data-recalc-dims=\"1\" fetchpriority=\"high\" decoding=\"async\" class=\"wp-image-13225 size-full\" src=\"https:\/\/i0.wp.com\/blogdoeloiltoncajuhy.com.br\/site\/wp-content\/uploads\/2016\/11\/dermisson-queiroz-e1478222458311.jpg?resize=258%2C460\" alt=\"dermisson-queiroz\" width=\"258\" height=\"460\" \/><\/a><figcaption id=\"caption-attachment-13225\" class=\"wp-caption-text\">Foto: Facebook<\/figcaption><\/figure>\n<p>Um motorista de 21 anos morreu na quarta-feira (2) em Pesqueira, no Agreste de Pernambuco. De acordo com a Pol\u00edcia Rodovi\u00e1ria Federal, o caminh\u00e3o carregado de sucata capotou no km 235, na BR-232.<\/p>\n<p>Ao G1, o policial George Mascena disse que o condutor do caminh\u00e3o perdeu o controle do ve\u00edculo e desceu um barranco de cerca de 30 metros de altura.<\/p>\n<p>O motorista morreu no local e o corpo foi recolhido e levado ao Instituto de Medicina Legal (IML) de Caruaru.<\/p>\n<p><em>*G1 Caruaru<\/em><\/p>\n<p>A reportagem do <strong>BLOG DO ELOILTON CAJUHY\u00a0<\/strong>descobriu que o motorista envolvido neste acidente trata-se de <strong>Dermisson Queiroz<\/strong>, 21 anos, que residia na Rua Tom Jobim, Alto da Maravilha, aqui em Senhor do Bonfim.<\/p>\n<p>Dermisson deixa um filho de 5 meses de vida.<\/p>\n<p>Em contato com um membro da fam\u00edlia, fomos informados que parentes j\u00e1 sa\u00edram de nossa cidade com destino a Caruaru-PE a fim de transladar o corpo do motorista para ser enterrado em Senhor do Bonfim.<\/p>\n<figure id=\"attachment_13226\" aria-describedby=\"caption-attachment-13226\" style=\"width: 620px\" class=\"wp-caption aligncenter\"><a href=\"https:\/\/i0.wp.com\/blogdoeloiltoncajuhy.com.br\/site\/wp-content\/uploads\/2016\/11\/dermisson-queiroz-2.jpg\"><img data-recalc-dims=\"1\" decoding=\"async\" class=\"wp-image-13226 size-full\" src=\"https:\/\/i0.wp.com\/blogdoeloiltoncajuhy.com.br\/site\/wp-content\/uploads\/2016\/11\/dermisson-queiroz-2.jpg?resize=620%2C465\" alt=\"dermisson-queiroz-2\" width=\"620\" height=\"465\" srcset=\"https:\/\/i0.wp.com\/blogdoeloiltoncajuhy.com.br\/site\/wp-content\/uploads\/2016\/11\/dermisson-queiroz-2.jpg?w=620&amp;ssl=1 620w, https:\/\/i0.wp.com\/blogdoeloiltoncajuhy.com.br\/site\/wp-content\/uploads\/2016\/11\/dermisson-queiroz-2.jpg?resize=300%2C225&amp;ssl=1 300w, https:\/\/i0.wp.com\/blogdoeloiltoncajuhy.com.br\/site\/wp-content\/uploads\/2016\/11\/dermisson-queiroz-2.jpg?resize=250%2C188&amp;ssl=1 250w\" sizes=\"(max-width: 620px) 100vw, 620px\" \/><\/a><figcaption id=\"caption-attachment-13226\" class=\"wp-caption-text\">Dermisson\u00a0perdeu o controle do caminh\u00e3o, segundo PRF (Foto: Divulga\u00e7\u00e3o\/PRF)<\/figcaption><\/figure>\n","protected":false},"excerpt":{"rendered":"<p>Condutor de 21 anos perdeu o controle do ve\u00edculo em Pesqueira, diz pol\u00edcia.\u00a0Caminh\u00e3o desceu barranco de cerca de 30 metros de altura, segundo PRF Um motorista de 21 anos morreu na quarta-feira (2) em Pesqueira, no Agreste de Pernambuco. De acordo com a Pol\u00edcia Rodovi\u00e1ria Federal, o caminh\u00e3o carregado de sucata capotou no km 235, [&hellip;]<\/p>\n","protected":false},"author":2,"featured_media":13226,"comment_status":"open","ping_status":"open","sticky":false,"template":"","format":"standard","meta":{"_acf_changed":false,"_monsterinsights_skip_tracking":false,"_monsterinsights_sitenote_active":false,"_monsterinsights_sitenote_note":"","_monsterinsights_sitenote_category":0,"_jetpack_memberships_contains_paid_content":false,"footnotes":"","jetpack_publicize_message":"","jetpack_publicize_feature_enabled":true,"jetpack_social_post_already_shared":true,"jetpack_social_options":{"image_generator_settings":{"template":"highway","default_image_id":0,"font":"","enabled":false},"version":2}},"categories":[5,1,4],"tags":[],"class_list":["post-13223","post","type-post","status-publish","format-standard","has-post-thumbnail","hentry","category-cotidiano","category-noticias","category-local"],"acf":[],"jetpack_publicize_connections":[],"jetpack_featured_media_url":"https:\/\/i0.wp.com\/blogdoeloiltoncajuhy.com.br\/site\/wp-content\/uploads\/2016\/11\/dermisson-queiroz-2.jpg?fit=620%2C465&ssl=1","jetpack_sharing_enabled":true,"publishpress_future_workflow_manual_trigger":{"enabledWorkflows":[]},"_links":{"self":[{"href":"https:\/\/blogdoeloiltoncajuhy.com.br\/site\/wp-json\/wp\/v2\/posts\/13223","targetHints":{"allow":["GET"]}}],"collection":[{"href":"https:\/\/blogdoeloiltoncajuhy.com.br\/site\/wp-json\/wp\/v2\/posts"}],"about":[{"href":"https:\/\/blogdoeloiltoncajuhy.com.br\/site\/wp-json\/wp\/v2\/types\/post"}],"author":[{"embeddable":true,"href":"https:\/\/blogdoeloiltoncajuhy.com.br\/site\/wp-json\/wp\/v2\/users\/2"}],"replies":[{"embeddable":true,"href":"https:\/\/blogdoeloiltoncajuhy.com.br\/site\/wp-json\/wp\/v2\/comments?post=13223"}],"version-history":[{"count":3,"href":"https:\/\/blogdoeloiltoncajuhy.com.br\/site\/wp-json\/wp\/v2\/posts\/13223\/revisions"}],"predecessor-version":[{"id":13228,"href":"https:\/\/blogdoeloiltoncajuhy.com.br\/site\/wp-json\/wp\/v2\/posts\/13223\/revisions\/13228"}],"wp:featuredmedia":[{"embeddable":true,"href":"https:\/\/blogdoeloiltoncajuhy.com.br\/site\/wp-json\/wp\/v2\/media\/13226"}],"wp:attachment":[{"href":"https:\/\/blogdoeloiltoncajuhy.com.br\/site\/wp-json\/wp\/v2\/media?parent=13223"}],"wp:term":[{"taxonomy":"category","embeddable":true,"href":"https:\/\/blogdoeloiltoncajuhy.com.br\/site\/wp-json\/wp\/v2\/categories?post=13223"},{"taxonomy":"post_tag","embeddable":true,"href":"https:\/\/blogdoeloiltoncajuhy.com.br\/site\/wp-json\/wp\/v2\/tags?post=13223"}],"curies":[{"name":"wp","href":"https:\/\/api.w.org\/{rel}","templated":true}]}}