{"id":13217,"date":"2016-11-03T18:24:44","date_gmt":"2016-11-03T21:24:44","guid":{"rendered":"http:\/\/blogdoeloiltoncajuhy.com.br\/site\/?p=13217"},"modified":"2016-11-03T18:24:44","modified_gmt":"2016-11-03T21:24:44","slug":"simone-e-simaria-relatam-busca-por-corpo-de-pai-enterrado-como-indigente","status":"publish","type":"post","link":"https:\/\/blogdoeloiltoncajuhy.com.br\/site\/simone-e-simaria-relatam-busca-por-corpo-de-pai-enterrado-como-indigente\/","title":{"rendered":"Simone e Simaria relatam busca por corpo de pai, enterrado como indigente"},"content":{"rendered":"<p style=\"text-align: center;\"><em><strong>Durante entrevista ao programa &#8216;De cara&#8217;, da r\u00e1dio O Dia, irm\u00e3s falaram sobre perda do pai h\u00e1 mais de 20 anos e o processo de exuma\u00e7\u00e3o do corpo<\/strong><\/em><\/p>\n<figure id=\"attachment_13218\" aria-describedby=\"caption-attachment-13218\" style=\"width: 500px\" class=\"wp-caption aligncenter\"><a href=\"https:\/\/i0.wp.com\/blogdoeloiltoncajuhy.com.br\/site\/wp-content\/uploads\/2016\/11\/Simone-e-Simaria-e1478208158860.png\"><img data-recalc-dims=\"1\" fetchpriority=\"high\" decoding=\"async\" class=\"wp-image-13218 size-full\" src=\"https:\/\/i0.wp.com\/blogdoeloiltoncajuhy.com.br\/site\/wp-content\/uploads\/2016\/11\/Simone-e-Simaria-e1478208158860.png?resize=500%2C265\" alt=\"simone-e-simaria-e1463\" width=\"500\" height=\"265\" \/><\/a><figcaption id=\"caption-attachment-13218\" class=\"wp-caption-text\">Foto: Divulga\u00e7\u00e3o<\/figcaption><\/figure>\n<p style=\"text-align: left;\">Simone e Simaria se emocionaram ao relatar um drama familiar durante participa\u00e7\u00e3o no programa &#8220;De Cara&#8221;, na r\u00e1dio FM O Dia nesta quarta-feira, 2. Na entrevista, as irm\u00e3s relembraram o passado e contaram aos apresentadores que o pai delas foi enterrado como indigente.<\/p>\n<p style=\"text-align: left;\">&#8220;A gente n\u00e3o tinha dinheiro, n\u00e3o tinha nada. A gente morava numa casa de t\u00e1bua, no meio do garimpo, que \u00e9 onde voc\u00ea vai pra pegar diamante, pra ver se acerta na vida. Era o Garimpo do Arroz, um lugar muito perigoso. Todos os dias a gente via pessoas mortas na porta de nossa casa, assassinadas mesmo. Foi muito triste nossa inf\u00e2ncia com nossos pais. Minha m\u00e3e sofreu muito com meu pai. A gente n\u00e3o tinha nada na vida, est\u00e1vamos ali tentando achar uma pedra. Aquele sonho de nordestino, que acha que vai achar uma pedra e vai mudar de vida, salvar a fam\u00edlia. Meu pai estava sempre buscando uma vida melhor para n\u00f3s duas&#8221;, contou Simaria.<\/p>\n<p style=\"text-align: left;\">&#8220;Ele tinha 44 anos e foi tomar banho. Minha m\u00e3e chamou. Meu pai era assim, quando minha m\u00e3e chamava, ele respondia logo. E a gente era louca nele. Ele era incr\u00edvel. Ele n\u00e3o respondeu. A casa era de madeira, quando olhei pelas frestas, vi ele deitado no ch\u00e3o, lembro at\u00e9 hoje, com a \u00e1gua caindo nos p\u00e9s&#8221;, seguiu a cantora, bastante emocionada.<\/p>\n<p style=\"text-align: left;\">Simone, ent\u00e3o, seguiu com o relato. &#8220;Como minha m\u00e3e n\u00e3o teve estudo, e a gente era muito crian\u00e7a, os amigos que ajudaram a fazer o enterro. E foi assim. Hoje a gente briga na justi\u00e7a pra conseguir achar o corpo pra fazer tudo direitinho, agora que a gente pode&#8221;, explicou a cantora.<\/p>\n<p style=\"text-align: left;\">Simaria ainda afirmou que, na busca pelo corpo do pai, j\u00e1 encontraram outros dois, mas n\u00e3o eram dele. &#8220;Acharam uma mulher, outra pessoa, mas ele n\u00e3o. Eu tinha 11 anos quando ele morreu. E eu nessa correria louca ainda n\u00e3o consegui parar pra resolver, porque depende da justi\u00e7a pra determinar um dia, para exumar o corpo&#8221;, contou ela, sem segurar as l\u00e1grimas.<\/p>\n<figure id=\"attachment_13219\" aria-describedby=\"caption-attachment-13219\" style=\"width: 320px\" class=\"wp-caption aligncenter\"><a href=\"https:\/\/i0.wp.com\/blogdoeloiltoncajuhy.com.br\/site\/wp-content\/uploads\/2016\/11\/simone-e-simaria_9842.jpg\"><img data-recalc-dims=\"1\" decoding=\"async\" class=\"wp-image-13219 size-full\" src=\"https:\/\/i0.wp.com\/blogdoeloiltoncajuhy.com.br\/site\/wp-content\/uploads\/2016\/11\/simone-e-simaria_9842.jpg?resize=320%2C213\" alt=\"simone-e-simaria_9842\" width=\"320\" height=\"213\" srcset=\"https:\/\/i0.wp.com\/blogdoeloiltoncajuhy.com.br\/site\/wp-content\/uploads\/2016\/11\/simone-e-simaria_9842.jpg?w=320&amp;ssl=1 320w, https:\/\/i0.wp.com\/blogdoeloiltoncajuhy.com.br\/site\/wp-content\/uploads\/2016\/11\/simone-e-simaria_9842.jpg?resize=300%2C200&amp;ssl=1 300w, https:\/\/i0.wp.com\/blogdoeloiltoncajuhy.com.br\/site\/wp-content\/uploads\/2016\/11\/simone-e-simaria_9842.jpg?resize=250%2C166&amp;ssl=1 250w\" sizes=\"(max-width: 320px) 100vw, 320px\" \/><\/a><figcaption id=\"caption-attachment-13219\" class=\"wp-caption-text\">Simone e Simaria (Foto: Celso Tavares \/ EGO)<\/figcaption><\/figure>\n<p style=\"text-align: left;\">Em outros momentos da entrevista, a dupla relembrou o in\u00edcio da carreira e falou da correria da estrada. Simone ainda explicou o motivo de ter comprado uma casa em Goi\u00e2nia. &#8220;Normalmente, nossa agenda termina no sul. Pra voltar para o nordeste, fica bem complicado&#8221;, afirmou a cantora.<\/p>\n<p style=\"text-align: left;\">Simaria ainda revelou que j\u00e1 foi tra\u00edda diversas vezes. &#8220;Eu nunca tive coragem de botar chifre, mesmo tra\u00edda. J\u00e1 fui v\u00e1rias vezes&#8221;, disparou ela. &#8220;E n\u00e3o julgo. Se tem vontade de fazer, tem que fazer. N\u00e3o nasci pra botar chifre em ningu\u00e9m, s\u00f3 pra ganhar (risos)&#8221;.<\/p>\n<p style=\"text-align: left;\"><em>*EGO<\/em><\/p>\n","protected":false},"excerpt":{"rendered":"<p>Durante entrevista ao programa &#8216;De cara&#8217;, da r\u00e1dio O Dia, irm\u00e3s falaram sobre perda do pai h\u00e1 mais de 20 anos e o processo de exuma\u00e7\u00e3o do corpo Simone e Simaria se emocionaram ao relatar um drama familiar durante participa\u00e7\u00e3o no programa &#8220;De Cara&#8221;, na r\u00e1dio FM O Dia nesta quarta-feira, 2. Na entrevista, as [&hellip;]<\/p>\n","protected":false},"author":2,"featured_media":13219,"comment_status":"open","ping_status":"open","sticky":false,"template":"","format":"standard","meta":{"_acf_changed":false,"_monsterinsights_skip_tracking":false,"_monsterinsights_sitenote_active":false,"_monsterinsights_sitenote_note":"","_monsterinsights_sitenote_category":0,"_jetpack_memberships_contains_paid_content":false,"footnotes":"","jetpack_publicize_message":"","jetpack_publicize_feature_enabled":true,"jetpack_social_post_already_shared":true,"jetpack_social_options":{"image_generator_settings":{"template":"highway","default_image_id":0,"font":"","enabled":false},"version":2}},"categories":[8,1],"tags":[],"class_list":["post-13217","post","type-post","status-publish","format-standard","has-post-thumbnail","hentry","category-cultura","category-noticias"],"acf":[],"jetpack_publicize_connections":[],"jetpack_featured_media_url":"https:\/\/i0.wp.com\/blogdoeloiltoncajuhy.com.br\/site\/wp-content\/uploads\/2016\/11\/simone-e-simaria_9842.jpg?fit=320%2C213&ssl=1","jetpack_sharing_enabled":true,"publishpress_future_workflow_manual_trigger":{"enabledWorkflows":[]},"_links":{"self":[{"href":"https:\/\/blogdoeloiltoncajuhy.com.br\/site\/wp-json\/wp\/v2\/posts\/13217","targetHints":{"allow":["GET"]}}],"collection":[{"href":"https:\/\/blogdoeloiltoncajuhy.com.br\/site\/wp-json\/wp\/v2\/posts"}],"about":[{"href":"https:\/\/blogdoeloiltoncajuhy.com.br\/site\/wp-json\/wp\/v2\/types\/post"}],"author":[{"embeddable":true,"href":"https:\/\/blogdoeloiltoncajuhy.com.br\/site\/wp-json\/wp\/v2\/users\/2"}],"replies":[{"embeddable":true,"href":"https:\/\/blogdoeloiltoncajuhy.com.br\/site\/wp-json\/wp\/v2\/comments?post=13217"}],"version-history":[{"count":1,"href":"https:\/\/blogdoeloiltoncajuhy.com.br\/site\/wp-json\/wp\/v2\/posts\/13217\/revisions"}],"predecessor-version":[{"id":13220,"href":"https:\/\/blogdoeloiltoncajuhy.com.br\/site\/wp-json\/wp\/v2\/posts\/13217\/revisions\/13220"}],"wp:featuredmedia":[{"embeddable":true,"href":"https:\/\/blogdoeloiltoncajuhy.com.br\/site\/wp-json\/wp\/v2\/media\/13219"}],"wp:attachment":[{"href":"https:\/\/blogdoeloiltoncajuhy.com.br\/site\/wp-json\/wp\/v2\/media?parent=13217"}],"wp:term":[{"taxonomy":"category","embeddable":true,"href":"https:\/\/blogdoeloiltoncajuhy.com.br\/site\/wp-json\/wp\/v2\/categories?post=13217"},{"taxonomy":"post_tag","embeddable":true,"href":"https:\/\/blogdoeloiltoncajuhy.com.br\/site\/wp-json\/wp\/v2\/tags?post=13217"}],"curies":[{"name":"wp","href":"https:\/\/api.w.org\/{rel}","templated":true}]}}