{"id":13206,"date":"2016-11-03T16:12:55","date_gmt":"2016-11-03T19:12:55","guid":{"rendered":"http:\/\/blogdoeloiltoncajuhy.com.br\/site\/?p=13206"},"modified":"2016-11-03T16:12:55","modified_gmt":"2016-11-03T19:12:55","slug":"a-vida-sem-sexo-elba-ramalho-diz-como-e-viver-em-castidade-ha-5-anos","status":"publish","type":"post","link":"https:\/\/blogdoeloiltoncajuhy.com.br\/site\/a-vida-sem-sexo-elba-ramalho-diz-como-e-viver-em-castidade-ha-5-anos\/","title":{"rendered":"A vida sem sexo: Elba Ramalho diz como \u00e9 viver em castidade h\u00e1 5 anos"},"content":{"rendered":"<figure id=\"attachment_13207\" aria-describedby=\"caption-attachment-13207\" style=\"width: 550px\" class=\"wp-caption aligncenter\"><a href=\"https:\/\/i0.wp.com\/blogdoeloiltoncajuhy.com.br\/site\/wp-content\/uploads\/2016\/11\/elba-ramalho_11-16-e1478200309957.jpg\"><img data-recalc-dims=\"1\" fetchpriority=\"high\" decoding=\"async\" class=\"wp-image-13207 size-full\" src=\"https:\/\/i0.wp.com\/blogdoeloiltoncajuhy.com.br\/site\/wp-content\/uploads\/2016\/11\/elba-ramalho_11-16-e1478200309957.jpg?resize=550%2C550\" alt=\"elba-ramalho_11-16\" width=\"550\" height=\"550\" \/><\/a><figcaption id=\"caption-attachment-13207\" class=\"wp-caption-text\">Elba Ramalho est\u00e1 fazendo shows menores para ficar mais pr\u00f3ximo do p\u00fablico \u2013 Foto: Reprodu\u00e7\u00e3o\/ Instagram<\/figcaption><\/figure>\n<p>Aos 64 anos, a paraibana Elba Ramalha parece viver a \u00e9poca mais tranquila de sua vida. A cantora est\u00e1 apostando cada vez mais nas apresenta\u00e7\u00f5es intimistas, em lugares pequenos onde o p\u00fablico fica mais pr\u00f3ximo ao palco.<\/p>\n<p>Nos shows, ela sempre recita alguma de suas poesias. \u00c0 coluna TV e Lazer, do jornal Extra, Elba contou que \u201c\u00e9 a atriz falando mais alto\u201d no tablado. Antes de fazer sucesso como cantora, ela foi atriz, e n\u00e3o esquece suas ra\u00edzes:<\/p>\n<p>\u201cMinha escola \u00e9 o teatro. \u00c9 ali que o p\u00fablico se torna c\u00famplice das can\u00e7\u00f5es\u201d disse. Sobre as poesias nos shows, ela conta que \u00e9 a \u201cElba atriz\u201d em cena: \u201cMais uma vez, \u00e9 a atriz presente! Felizmente tenho boa mem\u00f3ria. Fiz poucas composi\u00e7\u00f5es. Mas penso em escrever um livro\u201d, revelou.<\/p>\n<p>\u00c0 publica\u00e7\u00e3o, a cantora tamb\u00e9m falou que conhece os sucessos da gera\u00e7\u00e3o atual gra\u00e7as \u00e0s filhas adolescentes:<\/p>\n<p>\u201cTenho filhas adolescentes, n\u00e9!? Acho que o c\u00e9u \u00e9 repleto de estrelas, e todas t\u00eam seu brilho pr\u00f3prio. Nenhuma ofusca a outra!\u201d, contou.<\/p>\n<p>Para finalizar, Elba falou sobre a decis\u00e3o de viver em castidade. Devota de Nossa Senhora, a cantora vive sem rela\u00e7\u00f5es sexuais h\u00e1 cinco anos:<\/p>\n<p>\u201cIsso se deu de forma bem natural. Minha devo\u00e7\u00e3o e minha f\u00e9 s\u00e3o inabal\u00e1veis. Brinco que se Deus quiser me mandar um bom Jos\u00e9, posso ser uma boa Maria\u201d, completou.<\/p>\n<figure id=\"attachment_13208\" aria-describedby=\"caption-attachment-13208\" style=\"width: 550px\" class=\"wp-caption aligncenter\"><a href=\"https:\/\/i0.wp.com\/blogdoeloiltoncajuhy.com.br\/site\/wp-content\/uploads\/2016\/11\/elba-ramalho_11-16_2-e1478200349446.jpg\"><img data-recalc-dims=\"1\" decoding=\"async\" class=\"wp-image-13208 size-full\" src=\"https:\/\/i0.wp.com\/blogdoeloiltoncajuhy.com.br\/site\/wp-content\/uploads\/2016\/11\/elba-ramalho_11-16_2-e1478200349446.jpg?resize=550%2C550\" alt=\"elba-ramalho_11-16_2\" width=\"550\" height=\"550\" \/><\/a><figcaption id=\"caption-attachment-13208\" class=\"wp-caption-text\">Elba Ramalho fala sobre poesias em seus shows \u2013 Foto: Reprodu\u00e7\u00e3o\/ Instagram<\/figcaption><\/figure>\n<p><em>*Cena Pop<\/em><\/p>\n","protected":false},"excerpt":{"rendered":"<p>Aos 64 anos, a paraibana Elba Ramalha parece viver a \u00e9poca mais tranquila de sua vida. A cantora est\u00e1 apostando cada vez mais nas apresenta\u00e7\u00f5es intimistas, em lugares pequenos onde o p\u00fablico fica mais pr\u00f3ximo ao palco. Nos shows, ela sempre recita alguma de suas poesias. \u00c0 coluna TV e Lazer, do jornal Extra, Elba [&hellip;]<\/p>\n","protected":false},"author":2,"featured_media":13208,"comment_status":"open","ping_status":"open","sticky":false,"template":"","format":"standard","meta":{"_acf_changed":false,"_monsterinsights_skip_tracking":false,"_monsterinsights_sitenote_active":false,"_monsterinsights_sitenote_note":"","_monsterinsights_sitenote_category":0,"_jetpack_memberships_contains_paid_content":false,"footnotes":"","jetpack_publicize_message":"","jetpack_publicize_feature_enabled":true,"jetpack_social_post_already_shared":true,"jetpack_social_options":{"image_generator_settings":{"template":"highway","default_image_id":0,"font":"","enabled":false},"version":2}},"categories":[8,1],"tags":[],"class_list":["post-13206","post","type-post","status-publish","format-standard","has-post-thumbnail","hentry","category-cultura","category-noticias"],"acf":[],"jetpack_publicize_connections":[],"jetpack_featured_media_url":"https:\/\/i0.wp.com\/blogdoeloiltoncajuhy.com.br\/site\/wp-content\/uploads\/2016\/11\/elba-ramalho_11-16_2-e1478200349446.jpg?fit=550%2C550&ssl=1","jetpack_sharing_enabled":true,"publishpress_future_workflow_manual_trigger":{"enabledWorkflows":[]},"_links":{"self":[{"href":"https:\/\/blogdoeloiltoncajuhy.com.br\/site\/wp-json\/wp\/v2\/posts\/13206","targetHints":{"allow":["GET"]}}],"collection":[{"href":"https:\/\/blogdoeloiltoncajuhy.com.br\/site\/wp-json\/wp\/v2\/posts"}],"about":[{"href":"https:\/\/blogdoeloiltoncajuhy.com.br\/site\/wp-json\/wp\/v2\/types\/post"}],"author":[{"embeddable":true,"href":"https:\/\/blogdoeloiltoncajuhy.com.br\/site\/wp-json\/wp\/v2\/users\/2"}],"replies":[{"embeddable":true,"href":"https:\/\/blogdoeloiltoncajuhy.com.br\/site\/wp-json\/wp\/v2\/comments?post=13206"}],"version-history":[{"count":1,"href":"https:\/\/blogdoeloiltoncajuhy.com.br\/site\/wp-json\/wp\/v2\/posts\/13206\/revisions"}],"predecessor-version":[{"id":13209,"href":"https:\/\/blogdoeloiltoncajuhy.com.br\/site\/wp-json\/wp\/v2\/posts\/13206\/revisions\/13209"}],"wp:featuredmedia":[{"embeddable":true,"href":"https:\/\/blogdoeloiltoncajuhy.com.br\/site\/wp-json\/wp\/v2\/media\/13208"}],"wp:attachment":[{"href":"https:\/\/blogdoeloiltoncajuhy.com.br\/site\/wp-json\/wp\/v2\/media?parent=13206"}],"wp:term":[{"taxonomy":"category","embeddable":true,"href":"https:\/\/blogdoeloiltoncajuhy.com.br\/site\/wp-json\/wp\/v2\/categories?post=13206"},{"taxonomy":"post_tag","embeddable":true,"href":"https:\/\/blogdoeloiltoncajuhy.com.br\/site\/wp-json\/wp\/v2\/tags?post=13206"}],"curies":[{"name":"wp","href":"https:\/\/api.w.org\/{rel}","templated":true}]}}