{"id":13196,"date":"2016-11-02T21:42:19","date_gmt":"2016-11-03T00:42:19","guid":{"rendered":"http:\/\/blogdoeloiltoncajuhy.com.br\/site\/?p=13196"},"modified":"2016-11-02T21:42:19","modified_gmt":"2016-11-03T00:42:19","slug":"papa-diz-acreditar-que-proibicao-de-padres-mulheres-e-para-sempre","status":"publish","type":"post","link":"https:\/\/blogdoeloiltoncajuhy.com.br\/site\/papa-diz-acreditar-que-proibicao-de-padres-mulheres-e-para-sempre\/","title":{"rendered":"Papa diz acreditar que proibi\u00e7\u00e3o de padres mulheres \u00e9 para sempre"},"content":{"rendered":"<p style=\"text-align: center;\"><em><strong>Igreja diz que Jesus escolheu somente homens como ap\u00f3stolos.\u00a0Declara\u00e7\u00e3o foi dada durante visita \u00e0 Su\u00e9cia<\/strong><\/em><\/p>\n<figure id=\"attachment_13197\" aria-describedby=\"caption-attachment-13197\" style=\"width: 620px\" class=\"wp-caption aligncenter\"><a href=\"https:\/\/i0.wp.com\/blogdoeloiltoncajuhy.com.br\/site\/wp-content\/uploads\/2016\/11\/papa-francisco-mulher.jpg\"><img data-recalc-dims=\"1\" fetchpriority=\"high\" decoding=\"async\" class=\"wp-image-13197 size-full\" src=\"https:\/\/i0.wp.com\/blogdoeloiltoncajuhy.com.br\/site\/wp-content\/uploads\/2016\/11\/papa-francisco-mulher.jpg?resize=620%2C465\" alt=\"papa-francisco-mulher\" width=\"620\" height=\"465\" srcset=\"https:\/\/i0.wp.com\/blogdoeloiltoncajuhy.com.br\/site\/wp-content\/uploads\/2016\/11\/papa-francisco-mulher.jpg?w=620&amp;ssl=1 620w, https:\/\/i0.wp.com\/blogdoeloiltoncajuhy.com.br\/site\/wp-content\/uploads\/2016\/11\/papa-francisco-mulher.jpg?resize=300%2C225&amp;ssl=1 300w, https:\/\/i0.wp.com\/blogdoeloiltoncajuhy.com.br\/site\/wp-content\/uploads\/2016\/11\/papa-francisco-mulher.jpg?resize=250%2C188&amp;ssl=1 250w\" sizes=\"(max-width: 620px) 100vw, 620px\" \/><\/a><figcaption id=\"caption-attachment-13197\" class=\"wp-caption-text\">Papa Francisco conversa com jornalistas em voo de volta para Roma, na ter\u00e7a-feira (1\u00ba) (Foto: Ettore Ferrari\/ Reuters)<\/figcaption><\/figure>\n<p style=\"text-align: left;\">O Papa Francisco disse nesta ter\u00e7a-feira (1\u00ba) acreditar que a proibi\u00e7\u00e3o de mulheres se tornarem padres na Igreja Cat\u00f3lica Romana \u00e9 para sempre e nunca ser\u00e1 alterado, em um de seus coment\u00e1rios mais definitivos sobre o assunto.<\/p>\n<p style=\"text-align: left;\">Ele falava a bordo do avi\u00e3o papal, voltando para Roma ap\u00f3s passagem pela Su\u00e9cia, em entrevista coletiva a rep\u00f3rteres, que se tornou uma tradi\u00e7\u00e3o em voos de retorno ap\u00f3s viagens ao exterior.<\/p>\n<p style=\"text-align: left;\">Uma rep\u00f3rter destacou que a chefe da Igreja Luterana, que recebeu Francisco na Su\u00e9cia, era uma mulher, e ent\u00e3o perguntou se ele pensa que a Igreja Cat\u00f3lica ir\u00e1 permitir que mulheres sejam ordenadas nas pr\u00f3ximas d\u00e9cadas.<\/p>\n<p style=\"text-align: left;\">&#8220;S\u00e3o Jo\u00e3o Paulo 2\u00b0 teve a \u00faltima palavra clara sobre isto e assim fica, assim fica&#8221;, disse Francisco.<br \/>\nFrancisco se referia ao documento de 1994 do papa Jo\u00e3o Paulo 2\u00ba que fechou a porta \u00e0 entrada de mulheres como padres. O Vaticano diz que isto \u00e9 parte infal\u00edvel da tradi\u00e7\u00e3o cat\u00f3lica.<\/p>\n<p style=\"text-align: left;\">A rep\u00f3rter ent\u00e3o pressionou o papa, perguntando: &#8220;Mas nunca? Nunca?&#8221;.\u00a0Francisco respondeu: &#8220;Se lermos cuidadosamente a declara\u00e7\u00e3o de S\u00e3o Jo\u00e3o Paulo 2\u00b0, as coisas v\u00e3o nesta dire\u00e7\u00e3o&#8221;.<\/p>\n<p style=\"text-align: left;\">Francisco havia dito previamente que a porta para ordena\u00e7\u00e3o de mulheres est\u00e1 fechada, mas apoiadores de mulheres como padres esperam que um pr\u00f3ximo papa mude a decis\u00e3o, particularmente por conta da escassez de padres no mundo.<\/p>\n<p style=\"text-align: left;\">A Igreja Cat\u00f3lica diz que mulheres n\u00e3o podem ser ordenadas porque Jesus escolheu somente homens como ap\u00f3stolos. Cr\u00edticos dizem que Jesus s\u00f3 seguia as normas de sua \u00e9poca.<\/p>\n<p style=\"text-align: left;\"><em>*Da Reuters<\/em><\/p>\n","protected":false},"excerpt":{"rendered":"<p>Igreja diz que Jesus escolheu somente homens como ap\u00f3stolos.\u00a0Declara\u00e7\u00e3o foi dada durante visita \u00e0 Su\u00e9cia O Papa Francisco disse nesta ter\u00e7a-feira (1\u00ba) acreditar que a proibi\u00e7\u00e3o de mulheres se tornarem padres na Igreja Cat\u00f3lica Romana \u00e9 para sempre e nunca ser\u00e1 alterado, em um de seus coment\u00e1rios mais definitivos sobre o assunto. Ele falava a [&hellip;]<\/p>\n","protected":false},"author":2,"featured_media":13197,"comment_status":"open","ping_status":"open","sticky":false,"template":"","format":"standard","meta":{"_acf_changed":false,"_monsterinsights_skip_tracking":false,"_monsterinsights_sitenote_active":false,"_monsterinsights_sitenote_note":"","_monsterinsights_sitenote_category":0,"_jetpack_memberships_contains_paid_content":false,"footnotes":"","jetpack_publicize_message":"","jetpack_publicize_feature_enabled":true,"jetpack_social_post_already_shared":true,"jetpack_social_options":{"image_generator_settings":{"template":"highway","default_image_id":0,"font":"","enabled":false},"version":2}},"categories":[5,1],"tags":[],"class_list":["post-13196","post","type-post","status-publish","format-standard","has-post-thumbnail","hentry","category-cotidiano","category-noticias"],"acf":[],"jetpack_publicize_connections":[],"jetpack_featured_media_url":"https:\/\/i0.wp.com\/blogdoeloiltoncajuhy.com.br\/site\/wp-content\/uploads\/2016\/11\/papa-francisco-mulher.jpg?fit=620%2C465&ssl=1","jetpack_sharing_enabled":true,"publishpress_future_workflow_manual_trigger":{"enabledWorkflows":[]},"_links":{"self":[{"href":"https:\/\/blogdoeloiltoncajuhy.com.br\/site\/wp-json\/wp\/v2\/posts\/13196","targetHints":{"allow":["GET"]}}],"collection":[{"href":"https:\/\/blogdoeloiltoncajuhy.com.br\/site\/wp-json\/wp\/v2\/posts"}],"about":[{"href":"https:\/\/blogdoeloiltoncajuhy.com.br\/site\/wp-json\/wp\/v2\/types\/post"}],"author":[{"embeddable":true,"href":"https:\/\/blogdoeloiltoncajuhy.com.br\/site\/wp-json\/wp\/v2\/users\/2"}],"replies":[{"embeddable":true,"href":"https:\/\/blogdoeloiltoncajuhy.com.br\/site\/wp-json\/wp\/v2\/comments?post=13196"}],"version-history":[{"count":1,"href":"https:\/\/blogdoeloiltoncajuhy.com.br\/site\/wp-json\/wp\/v2\/posts\/13196\/revisions"}],"predecessor-version":[{"id":13198,"href":"https:\/\/blogdoeloiltoncajuhy.com.br\/site\/wp-json\/wp\/v2\/posts\/13196\/revisions\/13198"}],"wp:featuredmedia":[{"embeddable":true,"href":"https:\/\/blogdoeloiltoncajuhy.com.br\/site\/wp-json\/wp\/v2\/media\/13197"}],"wp:attachment":[{"href":"https:\/\/blogdoeloiltoncajuhy.com.br\/site\/wp-json\/wp\/v2\/media?parent=13196"}],"wp:term":[{"taxonomy":"category","embeddable":true,"href":"https:\/\/blogdoeloiltoncajuhy.com.br\/site\/wp-json\/wp\/v2\/categories?post=13196"},{"taxonomy":"post_tag","embeddable":true,"href":"https:\/\/blogdoeloiltoncajuhy.com.br\/site\/wp-json\/wp\/v2\/tags?post=13196"}],"curies":[{"name":"wp","href":"https:\/\/api.w.org\/{rel}","templated":true}]}}