{"id":13191,"date":"2016-11-02T20:21:51","date_gmt":"2016-11-02T23:21:51","guid":{"rendered":"http:\/\/blogdoeloiltoncajuhy.com.br\/site\/?p=13191"},"modified":"2016-11-02T20:21:51","modified_gmt":"2016-11-02T23:21:51","slug":"encontro-de-juizes-na-bahia-tera-presencas-de-carmen-lucia-lewandowski-e-sergio-moro","status":"publish","type":"post","link":"https:\/\/blogdoeloiltoncajuhy.com.br\/site\/encontro-de-juizes-na-bahia-tera-presencas-de-carmen-lucia-lewandowski-e-sergio-moro\/","title":{"rendered":"Encontro de ju\u00edzes na Bahia ter\u00e1 presen\u00e7as de Carmen L\u00facia, Lewandowski e S\u00e9rgio Moro"},"content":{"rendered":"<p style=\"text-align: center;\"><em><strong>VI ENAJE come\u00e7a nesta quinta-feira (03) em Porto Seguro<\/strong><\/em><\/p>\n<p><a href=\"https:\/\/i0.wp.com\/blogdoeloiltoncajuhy.com.br\/site\/wp-content\/uploads\/2016\/11\/C%C3%A1rmen-L%C3%BAcia-Lewandowski-e-Sergio-Moro.jpg\"><img data-recalc-dims=\"1\" fetchpriority=\"high\" decoding=\"async\" class=\"aligncenter size-full wp-image-13192\" src=\"https:\/\/i0.wp.com\/blogdoeloiltoncajuhy.com.br\/site\/wp-content\/uploads\/2016\/11\/C%C3%A1rmen-L%C3%BAcia-Lewandowski-e-Sergio-Moro.jpg?resize=523%2C266\" alt=\"carmen-lucia-lewandowski-e-sergio-moro\" width=\"523\" height=\"266\" srcset=\"https:\/\/i0.wp.com\/blogdoeloiltoncajuhy.com.br\/site\/wp-content\/uploads\/2016\/11\/C%C3%A1rmen-L%C3%BAcia-Lewandowski-e-Sergio-Moro.jpg?w=523&amp;ssl=1 523w, https:\/\/i0.wp.com\/blogdoeloiltoncajuhy.com.br\/site\/wp-content\/uploads\/2016\/11\/C%C3%A1rmen-L%C3%BAcia-Lewandowski-e-Sergio-Moro.jpg?resize=300%2C153&amp;ssl=1 300w, https:\/\/i0.wp.com\/blogdoeloiltoncajuhy.com.br\/site\/wp-content\/uploads\/2016\/11\/C%C3%A1rmen-L%C3%BAcia-Lewandowski-e-Sergio-Moro.jpg?resize=250%2C127&amp;ssl=1 250w\" sizes=\"(max-width: 523px) 100vw, 523px\" \/><\/a>Come\u00e7a nesta quinta-feira (03) o VI Encontro Nacional de Ju\u00edzes Estaduais (Enaje). O evento, que acontece em Porto Seguro, na Costa do Descobrimento, segue at\u00e9 o s\u00e1bado (05), com um p\u00fablico de cerca de mil pessoas, que discutir\u00e3o o tema \u201c\u00c9tica, independ\u00eancia e valoriza\u00e7\u00e3o da Magistratura\u201d.<\/p>\n<p>Entre os palestrantes estar\u00e3o a presidente do Supremo Tribunal Federal (STF), ministra C\u00e1rmen L\u00facia; o ministro Ricardo Lewandowski; o juiz S\u00e9rgio Moro, respons\u00e1vel pela Opera\u00e7\u00e3o Lava Jato, e o italiano Gherardo Colombo, que atuou como juiz e procurador na M\u00e3os Limpas, na d\u00e9cada de 90. O evento \u00e9 realizado pela Associa\u00e7\u00e3o dos Magistrados Brasileiros (AMB) em conjunto com a Associa\u00e7\u00e3o dos Magistrados da Bahia (AMAB).<\/p>\n<p>\u201cA Bahia vai receber de bra\u00e7os abertos magistrados de todo o pa\u00eds, para discutirmos temas de grande import\u00e2ncia. O encontro ser\u00e1 uma oportunidade para debatermos sobre o aprimoramento do Judici\u00e1rio e da Magistratura\u201d, afirmou o presidente da AMAB, juiz Freddy Pitta Lima. Para o presidente da AMB, juiz Jo\u00e3o Ricardo Costa, o aprimoramento do Judici\u00e1rio brasileiro e as contribui\u00e7\u00f5es para o aperfei\u00e7oamento das a\u00e7\u00f5es institucionais est\u00e3o entre as principais diretrizes do Enaje.<\/p>\n<p>\u201cA programa\u00e7\u00e3o cient\u00edfica vai estimular a reflex\u00e3o dos colegas da Justi\u00e7a sobre temas como o combate \u00e0 corrup\u00e7\u00e3o, os principais desafios \u00e0 implementa\u00e7\u00e3o do novo C\u00f3digo de Processo Civil (CPC), o futuro da magistratura, entre outros\u201d, afirma.<\/p>\n<p>O ponto alto do evento ser\u00e1 um talk show, na tarde de sexta-feira (04), entre dois nomes emblem\u00e1ticos do Judici\u00e1rio no combate \u00e0 corrup\u00e7\u00e3o: os ju\u00edzes S\u00e9rgio Moro e o italiano Gherardo Colombo. Eles v\u00e3o dividir reflex\u00f5es sobre a atua\u00e7\u00e3o nas opera\u00e7\u00f5es, comparando os m\u00e9todos de investiga\u00e7\u00e3o e os obst\u00e1culos encontrados. As recorrentes tentativas de silenciar a Lava Jato ser\u00e3o confrontadas com o que ocorreu na It\u00e1lia, na M\u00e3os Limpas.<\/p>\n<p>\u201cPretendo abordar algumas quest\u00f5es jur\u00eddicas controvertidas que surgiram no decorrer da Lava Jato, pris\u00f5es cautelares, colabora\u00e7\u00e3o e publicidade dos processos, al\u00e9m de apresentar um panorama geral baseado nos casos j\u00e1 julgados da opera\u00e7\u00e3o\u201d, adianta S\u00e9rgio Moro.<\/p>\n<p><strong>Abertura &#8211;<\/strong> O ministro Ricardo Lewandowski, do STF, conduzir\u00e1 a solenidade de abertura, na noite de quinta-feira (03). Ele vai falar sobre a valoriza\u00e7\u00e3o da magistratura e enfocar\u00e1 as medidas realizadas no \u00e2mbito do STF e do Conselho Nacional de Justi\u00e7a (CNJ) que contribu\u00edram para restaurar a autoestima dos magistrados.<\/p>\n<p>\u201cA import\u00e2ncia dos membros do Poder Judici\u00e1rio n\u00e3o tem sido adequadamente reconhecida pela sociedade, mesmo prestando servi\u00e7os essenciais ao povo brasileiro, n\u00e3o raro com risco para a pr\u00f3pria vida e integridade f\u00edsica\u201d, complementou.<\/p>\n<p>Haver\u00e1, tamb\u00e9m painel com os ju\u00edzes Fernando Gajardoni e Salom\u00e3o Viana, professores de Direito Processual Civil da Universidade de S\u00e3o Paulo (USP) e da Universidade Federal da Bahia (UFBA), respectivamente. Outro destaque da programa\u00e7\u00e3o \u00e9 a palestra \u201c\u00c9tica: desafio do pensamento e da a\u00e7\u00e3o na sociedade contempor\u00e2nea\u201d, que ser\u00e1 apresentada pela mestre e doutora em Filosofia M\u00e1rcia Tiburi, professora da Universidade Presbiteriana Mackenzie.<\/p>\n<p>A primeira brasileira a ocupar um cargo no Tribunal de Apela\u00e7\u00f5es das Na\u00e7\u00f5es Unidas (Unat-ONU) tamb\u00e9m est\u00e1 entre as palestrantes. Martha Halfeld Schmidt falar\u00e1 sobre o trabalho na corte de apela\u00e7\u00e3o em Nova York e revelar\u00e1 quais os rigorosos crit\u00e9rios de sele\u00e7\u00e3o dos ju\u00edzes para o sistema formal de Justi\u00e7a da ONU.<\/p>\n<p>Bastante aguardada pelos magistrados, a ministra C\u00e1rmen L\u00facia \u00e9 presen\u00e7a confirmada no evento. A presidente do STF e do CNJ far\u00e1 a confer\u00eancia de encerramento do Enaje, na manh\u00e3 do pr\u00f3ximo s\u00e1bado (05).<\/p>\n<p><strong>SERVI\u00c7O<\/strong><\/p>\n<p><strong>O qu\u00ea:<\/strong> VI Encontro Nacional de Ju\u00edzes Estaduais (Enaje)<br \/>\n<strong>Quando e onde:<\/strong><br \/>\n&#8211; 03\/11 (Quinta-feira) &#8211; 19h30 \u2013 Confer\u00eancia de abertura \u2013 Centro de Conven\u00e7\u00f5es do Vela Branca Resort (Porto Seguro)<br \/>\n&#8211; 04\/11 (Sexta-feira) &#8211; 10h &#8211; Talk show, pain\u00e9is e palestras &#8211; Centro de Conven\u00e7\u00f5es do Arraial d\u2019Ajuda Eco Resort (Arraial d&#8217;Ajuda)<br \/>\n&#8211; 05\/11 (S\u00e1bado) &#8211; 10h &#8211; Confer\u00eancia de encerramento &#8211; Centro de Conven\u00e7\u00f5es do Arraial d\u2019Ajuda Eco Resort (Arraial d&#8217;Ajuda)<\/p>\n<p><strong>Mais informa\u00e7\u00f5es:<\/strong><br \/>\nAMAB &#8211; Pedro Carvalho (comunicacao@amab.com.br) e (71) 99165.6391 \/ 99165.6390<br \/>\nAMB &#8211; M\u00e1rcia Leite (marcia.leite@inpressoficina.com.br) e (61) 99690-8745.<\/p>\n","protected":false},"excerpt":{"rendered":"<p>VI ENAJE come\u00e7a nesta quinta-feira (03) em Porto Seguro Come\u00e7a nesta quinta-feira (03) o VI Encontro Nacional de Ju\u00edzes Estaduais (Enaje). O evento, que acontece em Porto Seguro, na Costa do Descobrimento, segue at\u00e9 o s\u00e1bado (05), com um p\u00fablico de cerca de mil pessoas, que discutir\u00e3o o tema \u201c\u00c9tica, independ\u00eancia e valoriza\u00e7\u00e3o da Magistratura\u201d. [&hellip;]<\/p>\n","protected":false},"author":2,"featured_media":13192,"comment_status":"open","ping_status":"open","sticky":false,"template":"","format":"standard","meta":{"_acf_changed":false,"_monsterinsights_skip_tracking":false,"_monsterinsights_sitenote_active":false,"_monsterinsights_sitenote_note":"","_monsterinsights_sitenote_category":0,"_jetpack_memberships_contains_paid_content":false,"footnotes":"","jetpack_publicize_message":"","jetpack_publicize_feature_enabled":true,"jetpack_social_post_already_shared":true,"jetpack_social_options":{"image_generator_settings":{"template":"highway","default_image_id":0,"font":"","enabled":false},"version":2}},"categories":[5,1],"tags":[],"class_list":["post-13191","post","type-post","status-publish","format-standard","has-post-thumbnail","hentry","category-cotidiano","category-noticias"],"acf":[],"jetpack_publicize_connections":[],"jetpack_featured_media_url":"https:\/\/i0.wp.com\/blogdoeloiltoncajuhy.com.br\/site\/wp-content\/uploads\/2016\/11\/C%C3%A1rmen-L%C3%BAcia-Lewandowski-e-Sergio-Moro.jpg?fit=523%2C266&ssl=1","jetpack_sharing_enabled":true,"publishpress_future_workflow_manual_trigger":{"enabledWorkflows":[]},"_links":{"self":[{"href":"https:\/\/blogdoeloiltoncajuhy.com.br\/site\/wp-json\/wp\/v2\/posts\/13191","targetHints":{"allow":["GET"]}}],"collection":[{"href":"https:\/\/blogdoeloiltoncajuhy.com.br\/site\/wp-json\/wp\/v2\/posts"}],"about":[{"href":"https:\/\/blogdoeloiltoncajuhy.com.br\/site\/wp-json\/wp\/v2\/types\/post"}],"author":[{"embeddable":true,"href":"https:\/\/blogdoeloiltoncajuhy.com.br\/site\/wp-json\/wp\/v2\/users\/2"}],"replies":[{"embeddable":true,"href":"https:\/\/blogdoeloiltoncajuhy.com.br\/site\/wp-json\/wp\/v2\/comments?post=13191"}],"version-history":[{"count":1,"href":"https:\/\/blogdoeloiltoncajuhy.com.br\/site\/wp-json\/wp\/v2\/posts\/13191\/revisions"}],"predecessor-version":[{"id":13193,"href":"https:\/\/blogdoeloiltoncajuhy.com.br\/site\/wp-json\/wp\/v2\/posts\/13191\/revisions\/13193"}],"wp:featuredmedia":[{"embeddable":true,"href":"https:\/\/blogdoeloiltoncajuhy.com.br\/site\/wp-json\/wp\/v2\/media\/13192"}],"wp:attachment":[{"href":"https:\/\/blogdoeloiltoncajuhy.com.br\/site\/wp-json\/wp\/v2\/media?parent=13191"}],"wp:term":[{"taxonomy":"category","embeddable":true,"href":"https:\/\/blogdoeloiltoncajuhy.com.br\/site\/wp-json\/wp\/v2\/categories?post=13191"},{"taxonomy":"post_tag","embeddable":true,"href":"https:\/\/blogdoeloiltoncajuhy.com.br\/site\/wp-json\/wp\/v2\/tags?post=13191"}],"curies":[{"name":"wp","href":"https:\/\/api.w.org\/{rel}","templated":true}]}}