{"id":13181,"date":"2016-11-02T10:30:12","date_gmt":"2016-11-02T13:30:12","guid":{"rendered":"http:\/\/blogdoeloiltoncajuhy.com.br\/site\/?p=13181"},"modified":"2016-11-02T10:30:12","modified_gmt":"2016-11-02T13:30:12","slug":"senhor-do-bonfim-prf-apreende-115-kg-de-maconha","status":"publish","type":"post","link":"https:\/\/blogdoeloiltoncajuhy.com.br\/site\/senhor-do-bonfim-prf-apreende-115-kg-de-maconha\/","title":{"rendered":"SENHOR DO BONFIM: PRF apreende 115 kg de maconha"},"content":{"rendered":"<p><a href=\"https:\/\/i0.wp.com\/blogdoeloiltoncajuhy.com.br\/site\/wp-content\/uploads\/2016\/11\/Maconha-2-e1478093333498.jpg\"><img data-recalc-dims=\"1\" fetchpriority=\"high\" decoding=\"async\" class=\"aligncenter size-full wp-image-13182\" src=\"https:\/\/i0.wp.com\/blogdoeloiltoncajuhy.com.br\/site\/wp-content\/uploads\/2016\/11\/Maconha-2-e1478093333498.jpg?resize=560%2C315\" alt=\"maconha-2\" width=\"560\" height=\"315\" \/><\/a>Em mais uma opera\u00e7\u00e3o de combate a criminalidade, agentes da PRF-Delegacia 10\/04 de Senhor do Bonfim, abordaram na madrugada de hoje (02), na BR-407, KM 115 (povoado da Estiva), o ve\u00edculo Ford\/Focus, placa de Lauro de Freitas, com dois ocupantes e, alguns segundos depois, o ve\u00edculo Saveiro, placa de Natal, com apenas o condutor.<\/p>\n<p>Ao ser feita averigua\u00e7\u00e3o minuciosa nos ve\u00edculos, no Focus os policiais perceberam um forte odor de maconha no seu interior, encontrando apenas resqu\u00edcios do produto; j\u00e1 na Saveiro, depois de retirada a parte pl\u00e1stica da carroceria, al\u00e9m das laterais do ve\u00edculo e atr\u00e1s do banco, foram encontrados 115 kg\u00a0de maconha.<\/p>\n<p><a href=\"https:\/\/i0.wp.com\/blogdoeloiltoncajuhy.com.br\/site\/wp-content\/uploads\/2016\/11\/Maconha-e1478093368755.jpg\"><img data-recalc-dims=\"1\" decoding=\"async\" class=\"aligncenter size-full wp-image-13184\" src=\"https:\/\/i0.wp.com\/blogdoeloiltoncajuhy.com.br\/site\/wp-content\/uploads\/2016\/11\/Maconha-e1478093368755.jpg?resize=560%2C315\" alt=\"maconha\" width=\"560\" height=\"315\" \/><\/a>Feita consulta aos sistemas, constatou-se que os condutores do Focus e da Saveiro t\u00eam mandado de pris\u00e3o em aberto por tr\u00e1fico de drogas.\u00a0Ao ser questionado sobre se conhecia os ocupantes do Focus, o condutor da Saveiro disse que sim, mas o condutor e passageiro do Focus negaram.<\/p>\n<p>Presos em flagrante por tr\u00e1fico de drogas e associa\u00e7\u00e3o ao tr\u00e1fico, os tr\u00eas foram encaminhados para a Delegacia de Pol\u00edcia de Senhor do Bonfim, juntamente com os ve\u00edculos e a maconha apreendida.<\/p>\n<p><a href=\"https:\/\/i0.wp.com\/blogdoeloiltoncajuhy.com.br\/site\/wp-content\/uploads\/2016\/11\/Maconha-3-e1478093389168.jpg\"><img data-recalc-dims=\"1\" decoding=\"async\" class=\"aligncenter size-full wp-image-13183\" src=\"https:\/\/i0.wp.com\/blogdoeloiltoncajuhy.com.br\/site\/wp-content\/uploads\/2016\/11\/Maconha-3-e1478093389168.jpg?resize=560%2C315\" alt=\"maconha-3\" width=\"560\" height=\"315\" \/><\/a>As opera\u00e7\u00f5es de combate a criminalidade da Delegacia PRF 10\/04, que abrange os Postos 01 &#8211; Sr. do Bonfim e 02 &#8211; Capim Grosso, acontecem em dias, hor\u00e1rios e locais alternados.<\/p>\n<p><em>*BLOG DO ELOILTON CAJUHY &#8211; Com informa\u00e7\u00f5es do Inspetor Lopes J\u00fanior &#8211; BDCOM &#8211; Del. PRF 10\/04 <\/em><\/p>\n","protected":false},"excerpt":{"rendered":"<p>Em mais uma opera\u00e7\u00e3o de combate a criminalidade, agentes da PRF-Delegacia 10\/04 de Senhor do Bonfim, abordaram na madrugada de hoje (02), na BR-407, KM 115 (povoado da Estiva), o ve\u00edculo Ford\/Focus, placa de Lauro de Freitas, com dois ocupantes e, alguns segundos depois, o ve\u00edculo Saveiro, placa de Natal, com apenas o condutor. Ao [&hellip;]<\/p>\n","protected":false},"author":2,"featured_media":13184,"comment_status":"open","ping_status":"open","sticky":false,"template":"","format":"standard","meta":{"_acf_changed":false,"_monsterinsights_skip_tracking":false,"_monsterinsights_sitenote_active":false,"_monsterinsights_sitenote_note":"","_monsterinsights_sitenote_category":0,"_jetpack_memberships_contains_paid_content":false,"footnotes":"","jetpack_publicize_message":"","jetpack_publicize_feature_enabled":true,"jetpack_social_post_already_shared":true,"jetpack_social_options":{"image_generator_settings":{"template":"highway","default_image_id":0,"font":"","enabled":false},"version":2}},"categories":[5,1,4],"tags":[],"class_list":["post-13181","post","type-post","status-publish","format-standard","has-post-thumbnail","hentry","category-cotidiano","category-noticias","category-local"],"acf":[],"jetpack_publicize_connections":[],"jetpack_featured_media_url":"https:\/\/i0.wp.com\/blogdoeloiltoncajuhy.com.br\/site\/wp-content\/uploads\/2016\/11\/Maconha-e1478093368755.jpg?fit=560%2C315&ssl=1","jetpack_sharing_enabled":true,"publishpress_future_workflow_manual_trigger":{"enabledWorkflows":[]},"_links":{"self":[{"href":"https:\/\/blogdoeloiltoncajuhy.com.br\/site\/wp-json\/wp\/v2\/posts\/13181","targetHints":{"allow":["GET"]}}],"collection":[{"href":"https:\/\/blogdoeloiltoncajuhy.com.br\/site\/wp-json\/wp\/v2\/posts"}],"about":[{"href":"https:\/\/blogdoeloiltoncajuhy.com.br\/site\/wp-json\/wp\/v2\/types\/post"}],"author":[{"embeddable":true,"href":"https:\/\/blogdoeloiltoncajuhy.com.br\/site\/wp-json\/wp\/v2\/users\/2"}],"replies":[{"embeddable":true,"href":"https:\/\/blogdoeloiltoncajuhy.com.br\/site\/wp-json\/wp\/v2\/comments?post=13181"}],"version-history":[{"count":1,"href":"https:\/\/blogdoeloiltoncajuhy.com.br\/site\/wp-json\/wp\/v2\/posts\/13181\/revisions"}],"predecessor-version":[{"id":13185,"href":"https:\/\/blogdoeloiltoncajuhy.com.br\/site\/wp-json\/wp\/v2\/posts\/13181\/revisions\/13185"}],"wp:featuredmedia":[{"embeddable":true,"href":"https:\/\/blogdoeloiltoncajuhy.com.br\/site\/wp-json\/wp\/v2\/media\/13184"}],"wp:attachment":[{"href":"https:\/\/blogdoeloiltoncajuhy.com.br\/site\/wp-json\/wp\/v2\/media?parent=13181"}],"wp:term":[{"taxonomy":"category","embeddable":true,"href":"https:\/\/blogdoeloiltoncajuhy.com.br\/site\/wp-json\/wp\/v2\/categories?post=13181"},{"taxonomy":"post_tag","embeddable":true,"href":"https:\/\/blogdoeloiltoncajuhy.com.br\/site\/wp-json\/wp\/v2\/tags?post=13181"}],"curies":[{"name":"wp","href":"https:\/\/api.w.org\/{rel}","templated":true}]}}