{"id":13174,"date":"2016-11-01T20:27:27","date_gmt":"2016-11-01T23:27:27","guid":{"rendered":"http:\/\/blogdoeloiltoncajuhy.com.br\/site\/?p=13174"},"modified":"2016-11-01T20:27:27","modified_gmt":"2016-11-01T23:27:27","slug":"decisao-de-juiz-para-desocupacao-de-escola-no-df-causa-polemica","status":"publish","type":"post","link":"https:\/\/blogdoeloiltoncajuhy.com.br\/site\/decisao-de-juiz-para-desocupacao-de-escola-no-df-causa-polemica\/","title":{"rendered":"Decis\u00e3o de juiz para desocupa\u00e7\u00e3o de escola no DF causa pol\u00eamica"},"content":{"rendered":"<figure id=\"attachment_13176\" aria-describedby=\"caption-attachment-13176\" style=\"width: 700px\" class=\"wp-caption aligncenter\"><a href=\"https:\/\/i0.wp.com\/blogdoeloiltoncajuhy.com.br\/site\/wp-content\/uploads\/2016\/11\/cemab-taguatinga-1.jpg\"><img data-recalc-dims=\"1\" fetchpriority=\"high\" decoding=\"async\" class=\"wp-image-13176 size-full\" src=\"https:\/\/i0.wp.com\/blogdoeloiltoncajuhy.com.br\/site\/wp-content\/uploads\/2016\/11\/cemab-taguatinga-1.jpg?resize=700%2C465\" width=\"700\" height=\"465\" srcset=\"https:\/\/i0.wp.com\/blogdoeloiltoncajuhy.com.br\/site\/wp-content\/uploads\/2016\/11\/cemab-taguatinga-1.jpg?w=700&amp;ssl=1 700w, https:\/\/i0.wp.com\/blogdoeloiltoncajuhy.com.br\/site\/wp-content\/uploads\/2016\/11\/cemab-taguatinga-1.jpg?resize=300%2C199&amp;ssl=1 300w, https:\/\/i0.wp.com\/blogdoeloiltoncajuhy.com.br\/site\/wp-content\/uploads\/2016\/11\/cemab-taguatinga-1.jpg?resize=250%2C166&amp;ssl=1 250w\" sizes=\"(max-width: 700px) 100vw, 700px\" \/><\/a><figcaption id=\"caption-attachment-13176\" class=\"wp-caption-text\">Foto: Breno Fortes \/ Correio Braziliense<\/figcaption><\/figure>\n<p>A decis\u00e3o de um juiz do Distrito Federal para desocupa\u00e7\u00e3o de uma escola em Taguatinga, cidade-sat\u00e9lite de Bras\u00edlia, repercutiu negativamente entre estudantes e defensores de direitos humanos e dividiu opini\u00f5es.<\/p>\n<p>O juiz da Vara da Inf\u00e2ncia e Juventude Tribunal de Justi\u00e7a do Distrito Federal e dos Territ\u00f3rios, Alex Costa de Oliveira, autorizou que a Pol\u00edcia Militar do DF n\u00e3o permitisse o acesso de familiares dos estudantes no local, impedisse a entrada de alimentos, suspendesse o fornecimento de \u00e1gua e energia e utilizasse instrumentos sonoros para que os ocupantes n\u00e3o conseguissem dormir. A escola foi desocupada na manh\u00e3 desta ter\u00e7a-fera (1\u00ba), segundo a PM, de forma pac\u00edfica.<\/p>\n<p>Os estudantes protestavam contra a Proposta de Emenda \u00e0 Constitui\u00e7\u00e3o que cria um teto para os gastos p\u00fablicos pelos pr\u00f3ximos 20 anos.<\/p>\n<p>A decis\u00e3o trata-se do deferimento de pedido de desocupa\u00e7\u00e3o do Centro de Ensino Asa Branca (Cemab), expedido na noite de domingo (30). &#8220;Como forma de auxiliar no convencimento \u00e0 desocupa\u00e7\u00e3o, autorizo expressamente que a Pol\u00edcia Militar utilize meios de restri\u00e7\u00e3o de habitabilidade do im\u00f3vel, tal como suspenda o corte do fornecimento de \u00e1gua, energia e g\u00e1s. Da mesma forma, autorizo que restrinja o acesso de terceiros, em especial parentes e conhecidos dos ocupantes at\u00e9 que a ordem seja cumprida&#8221;, diz trecho da decis\u00e3o.<\/p>\n<p>O juiz acrescenta: &#8220;Autorizo tamb\u00e9m que impe\u00e7a a entrada de alimentos. Autorizo, ainda, o uso de instrumentos sonoros cont\u00ednuos, direcionados ao local da ocupa\u00e7\u00e3o, para impedir o per\u00edodo de sono. Tais autoriza\u00e7\u00f5es ficam mantidas independentemente da presen\u00e7a de menores ocupantes no local, os a bem da verdade, n\u00e3o podem l\u00e1 permanecer desacompanhados de seus respons\u00e1veis legais&#8221;.<\/p>\n<p><strong>Pol\u00eamica<\/strong><\/p>\n<p>Nas redes sociais, houve coment\u00e1rios de apoio ao juiz elogiando a decis\u00e3o por parte de quem \u00e9 contra as ocupa\u00e7\u00f5es. Outros usu\u00e1rios criticaram a medida, comparando-as \u00e0s pr\u00e1ticas de tortura comuns durante a ditadura militar.<\/p>\n<p>Para o advogado Ariel de Castro Alves, que \u00e9 Coordenador da Comiss\u00e3o da Crian\u00e7a e do Adolescente do Conselho de Direitos Humanos de S\u00e3o Paulo, a decis\u00e3o \u00e9 &#8220;uma afronta ao pr\u00f3prio Estatuto da Crian\u00e7a e do Adolescente (ECA)&#8221;.<\/p>\n<p>Ele explica que contraria artigo do estatuto que diz que \u00e9 dever da fam\u00edlia, da sociedade e do Estado assegurar \u00e0 crian\u00e7a, ao adolescente e ao jovem, com absoluta prioridade, o direito \u00e0 vida, \u00e0 sa\u00fade, \u00e0 alimenta\u00e7\u00e3o, \u00e0 educa\u00e7\u00e3o, ao lazer, \u00e0 profissionaliza\u00e7\u00e3o, \u00e0 cultura, \u00e0 dignidade, ao respeito, \u00e0 liberdade e \u00e0 conviv\u00eancia familiar e comunit\u00e1ria, al\u00e9m de coloc\u00e1-los a salvo de toda forma de neglig\u00eancia, discrimina\u00e7\u00e3o, explora\u00e7\u00e3o, viol\u00eancia, crueldade e opress\u00e3o.<\/p>\n<p>Al\u00e9m disso, ressalta que submeter crian\u00e7a ou adolescente sob sua autoridade, guarda ou vigil\u00e2ncia a vexame ou a constrangimento pode levar a pena de seis meses a dois anos de deten\u00e7\u00e3o. &#8220;O juiz est\u00e1 legitimando a tortura. \u00c9 incompat\u00edvel que um juiz da inf\u00e2ncia tenha essas pr\u00e1ticas, ilegais, inconstitucionais e que podem configurar crimes de tortura e maus tratos&#8221;, diz.<\/p>\n<p>A pena por crime de tortura \u00e9 de reclus\u00e3o de dois a oito anos, segundo a Lei 9455\/1997, que define os crimes de tortura.<\/p>\n<p><em>*Ag\u00eancia Brasil<\/em><\/p>\n","protected":false},"excerpt":{"rendered":"<p>A decis\u00e3o de um juiz do Distrito Federal para desocupa\u00e7\u00e3o de uma escola em Taguatinga, cidade-sat\u00e9lite de Bras\u00edlia, repercutiu negativamente entre estudantes e defensores de direitos humanos e dividiu opini\u00f5es. O juiz da Vara da Inf\u00e2ncia e Juventude Tribunal de Justi\u00e7a do Distrito Federal e dos Territ\u00f3rios, Alex Costa de Oliveira, autorizou que a Pol\u00edcia [&hellip;]<\/p>\n","protected":false},"author":2,"featured_media":13176,"comment_status":"open","ping_status":"open","sticky":false,"template":"","format":"standard","meta":{"_acf_changed":false,"_monsterinsights_skip_tracking":false,"_monsterinsights_sitenote_active":false,"_monsterinsights_sitenote_note":"","_monsterinsights_sitenote_category":0,"_jetpack_memberships_contains_paid_content":false,"footnotes":"","jetpack_publicize_message":"","jetpack_publicize_feature_enabled":true,"jetpack_social_post_already_shared":true,"jetpack_social_options":{"image_generator_settings":{"template":"highway","default_image_id":0,"font":"","enabled":false},"version":2}},"categories":[5,14,1],"tags":[],"class_list":["post-13174","post","type-post","status-publish","format-standard","has-post-thumbnail","hentry","category-cotidiano","category-educacao","category-noticias"],"acf":[],"jetpack_publicize_connections":[],"jetpack_featured_media_url":"https:\/\/i0.wp.com\/blogdoeloiltoncajuhy.com.br\/site\/wp-content\/uploads\/2016\/11\/cemab-taguatinga-1.jpg?fit=700%2C465&ssl=1","jetpack_sharing_enabled":true,"publishpress_future_workflow_manual_trigger":{"enabledWorkflows":[]},"_links":{"self":[{"href":"https:\/\/blogdoeloiltoncajuhy.com.br\/site\/wp-json\/wp\/v2\/posts\/13174","targetHints":{"allow":["GET"]}}],"collection":[{"href":"https:\/\/blogdoeloiltoncajuhy.com.br\/site\/wp-json\/wp\/v2\/posts"}],"about":[{"href":"https:\/\/blogdoeloiltoncajuhy.com.br\/site\/wp-json\/wp\/v2\/types\/post"}],"author":[{"embeddable":true,"href":"https:\/\/blogdoeloiltoncajuhy.com.br\/site\/wp-json\/wp\/v2\/users\/2"}],"replies":[{"embeddable":true,"href":"https:\/\/blogdoeloiltoncajuhy.com.br\/site\/wp-json\/wp\/v2\/comments?post=13174"}],"version-history":[{"count":1,"href":"https:\/\/blogdoeloiltoncajuhy.com.br\/site\/wp-json\/wp\/v2\/posts\/13174\/revisions"}],"predecessor-version":[{"id":13177,"href":"https:\/\/blogdoeloiltoncajuhy.com.br\/site\/wp-json\/wp\/v2\/posts\/13174\/revisions\/13177"}],"wp:featuredmedia":[{"embeddable":true,"href":"https:\/\/blogdoeloiltoncajuhy.com.br\/site\/wp-json\/wp\/v2\/media\/13176"}],"wp:attachment":[{"href":"https:\/\/blogdoeloiltoncajuhy.com.br\/site\/wp-json\/wp\/v2\/media?parent=13174"}],"wp:term":[{"taxonomy":"category","embeddable":true,"href":"https:\/\/blogdoeloiltoncajuhy.com.br\/site\/wp-json\/wp\/v2\/categories?post=13174"},{"taxonomy":"post_tag","embeddable":true,"href":"https:\/\/blogdoeloiltoncajuhy.com.br\/site\/wp-json\/wp\/v2\/tags?post=13174"}],"curies":[{"name":"wp","href":"https:\/\/api.w.org\/{rel}","templated":true}]}}