{"id":13165,"date":"2016-11-01T19:49:20","date_gmt":"2016-11-01T22:49:20","guid":{"rendered":"http:\/\/blogdoeloiltoncajuhy.com.br\/site\/?p=13165"},"modified":"2016-11-01T19:49:20","modified_gmt":"2016-11-01T22:49:20","slug":"ana-autoriza-nova-reducao-de-vazao-de-barragens-no-rio-sao-francisco","status":"publish","type":"post","link":"https:\/\/blogdoeloiltoncajuhy.com.br\/site\/ana-autoriza-nova-reducao-de-vazao-de-barragens-no-rio-sao-francisco\/","title":{"rendered":"ANA autoriza nova redu\u00e7\u00e3o de vaz\u00e3o de barragens no Rio S\u00e3o Francisco"},"content":{"rendered":"<figure id=\"attachment_13166\" aria-describedby=\"caption-attachment-13166\" style=\"width: 580px\" class=\"wp-caption aligncenter\"><a href=\"https:\/\/i0.wp.com\/blogdoeloiltoncajuhy.com.br\/site\/wp-content\/uploads\/2016\/11\/chesf-sobradinho.jpg\"><img data-recalc-dims=\"1\" fetchpriority=\"high\" decoding=\"async\" class=\"wp-image-13166 size-full\" src=\"https:\/\/i0.wp.com\/blogdoeloiltoncajuhy.com.br\/site\/wp-content\/uploads\/2016\/11\/chesf-sobradinho.jpg?resize=580%2C388\" alt=\"chesf-sobradinho\" width=\"580\" height=\"388\" srcset=\"https:\/\/i0.wp.com\/blogdoeloiltoncajuhy.com.br\/site\/wp-content\/uploads\/2016\/11\/chesf-sobradinho.jpg?w=580&amp;ssl=1 580w, https:\/\/i0.wp.com\/blogdoeloiltoncajuhy.com.br\/site\/wp-content\/uploads\/2016\/11\/chesf-sobradinho.jpg?resize=300%2C201&amp;ssl=1 300w, https:\/\/i0.wp.com\/blogdoeloiltoncajuhy.com.br\/site\/wp-content\/uploads\/2016\/11\/chesf-sobradinho.jpg?resize=250%2C167&amp;ssl=1 250w\" sizes=\"(max-width: 580px) 100vw, 580px\" \/><\/a><figcaption id=\"caption-attachment-13166\" class=\"wp-caption-text\">Desde janeiro deste ano, a vaz\u00e3o m\u00ednima da Usina Hidrel\u00e9trica de Sobradinho, no Rio S\u00e3o Francisco, est\u00e1 em 800 metros c\u00fabicos por segundo (Foto: Marcello Casal Jr\/Ag\u00eancia Brasil)<\/figcaption><\/figure>\n<p>A Ag\u00eancia Nacional de \u00c1guas (ANA) autorizou a redu\u00e7\u00e3o da vaz\u00e3o m\u00ednima das barragens de Sobradinho (BA) e Xing\u00f3 (AL\/SE), no Rio S\u00e3o Francisco, para 700 metros c\u00fabicos por segundo (m\u00b3\/s). O limite, que valer\u00e1 at\u00e9 o dia 31 de janeiro de 2017, \u00e9 o menor j\u00e1 adotado para os dois reservat\u00f3rios, mas a ag\u00eancia poder\u00e1 suspender a decis\u00e3o caso haja recomenda\u00e7\u00f5es t\u00e9cnicas. A resolu\u00e7\u00e3o da ANA autorizando a redu\u00e7\u00e3o foi publicada hoje (1\u00ba) no Di\u00e1rio Oficial da Uni\u00e3o.<\/p>\n<p>A redu\u00e7\u00e3o do volume de \u00e1gua que sai dos reservat\u00f3rios para o rio foi solicitada pelo setor el\u00e9trico para que o n\u00edvel dos reservat\u00f3rios n\u00e3o chegue a zero. Atualmente, o reservat\u00f3rio da Hidrel\u00e9trica de Sobradinho est\u00e1 com 7,52% de sua capacidade total de armazenamento. Segundo a ANA, a gera\u00e7\u00e3o hidrel\u00e9trica na bacia n\u00e3o est\u00e1 sendo priorizada, j\u00e1 que o Nordeste est\u00e1 sendo suprido com fontes e\u00f3licas e t\u00e9rmicas e tamb\u00e9m recebe energia de outras regi\u00f5es.<\/p>\n<p>A vaz\u00e3o m\u00ednima padr\u00e3o dos reservat\u00f3rios de Sobradinho e Xing\u00f3, em situa\u00e7\u00e3o de normalidade, \u00e9 de 1,3 mil m\u00b3\/s, mas esse volume j\u00e1 foi reduzido v\u00e1rias vezes por causa da falta de chuvas na regi\u00e3o. Desde janeiro deste ano, a vaz\u00e3o estava em 800 m\u00b3\/s e, em setembro, foram autorizados testes para a redu\u00e7\u00e3o da vaz\u00e3o para 750 m\u00b3\/s.<\/p>\n<p>De acordo com as resolu\u00e7\u00f5es da ANA sobre o tema, a Companhia Hidro El\u00e9trica do S\u00e3o Francisco (Chesf), respons\u00e1vel por aplicar a redu\u00e7\u00e3o tempor\u00e1ria, est\u00e1 sujeita \u00e0 fiscaliza\u00e7\u00e3o da ag\u00eancia. A empresa tamb\u00e9m deve dar publicidade \u00e0s informa\u00e7\u00f5es t\u00e9cnicas da opera\u00e7\u00e3o aos usu\u00e1rios da bacia e ao Comit\u00ea da Bacia Hidrogr\u00e1fica do Rio S\u00e3o Francisco (CBHSF) durante o per\u00edodo de vaz\u00f5es defluentes m\u00ednimas reduzidas.<\/p>\n<p><em>*Ag\u00eancia Brasil<\/em><\/p>\n","protected":false},"excerpt":{"rendered":"<p>A Ag\u00eancia Nacional de \u00c1guas (ANA) autorizou a redu\u00e7\u00e3o da vaz\u00e3o m\u00ednima das barragens de Sobradinho (BA) e Xing\u00f3 (AL\/SE), no Rio S\u00e3o Francisco, para 700 metros c\u00fabicos por segundo (m\u00b3\/s). O limite, que valer\u00e1 at\u00e9 o dia 31 de janeiro de 2017, \u00e9 o menor j\u00e1 adotado para os dois reservat\u00f3rios, mas a ag\u00eancia [&hellip;]<\/p>\n","protected":false},"author":2,"featured_media":13166,"comment_status":"open","ping_status":"open","sticky":false,"template":"","format":"standard","meta":{"_acf_changed":false,"_monsterinsights_skip_tracking":false,"_monsterinsights_sitenote_active":false,"_monsterinsights_sitenote_note":"","_monsterinsights_sitenote_category":0,"_jetpack_memberships_contains_paid_content":false,"footnotes":"","jetpack_publicize_message":"","jetpack_publicize_feature_enabled":true,"jetpack_social_post_already_shared":true,"jetpack_social_options":{"image_generator_settings":{"template":"highway","default_image_id":0,"font":"","enabled":false},"version":2}},"categories":[5,1],"tags":[],"class_list":["post-13165","post","type-post","status-publish","format-standard","has-post-thumbnail","hentry","category-cotidiano","category-noticias"],"acf":[],"jetpack_publicize_connections":[],"jetpack_featured_media_url":"https:\/\/i0.wp.com\/blogdoeloiltoncajuhy.com.br\/site\/wp-content\/uploads\/2016\/11\/chesf-sobradinho.jpg?fit=580%2C388&ssl=1","jetpack_sharing_enabled":true,"publishpress_future_workflow_manual_trigger":{"enabledWorkflows":[]},"_links":{"self":[{"href":"https:\/\/blogdoeloiltoncajuhy.com.br\/site\/wp-json\/wp\/v2\/posts\/13165","targetHints":{"allow":["GET"]}}],"collection":[{"href":"https:\/\/blogdoeloiltoncajuhy.com.br\/site\/wp-json\/wp\/v2\/posts"}],"about":[{"href":"https:\/\/blogdoeloiltoncajuhy.com.br\/site\/wp-json\/wp\/v2\/types\/post"}],"author":[{"embeddable":true,"href":"https:\/\/blogdoeloiltoncajuhy.com.br\/site\/wp-json\/wp\/v2\/users\/2"}],"replies":[{"embeddable":true,"href":"https:\/\/blogdoeloiltoncajuhy.com.br\/site\/wp-json\/wp\/v2\/comments?post=13165"}],"version-history":[{"count":1,"href":"https:\/\/blogdoeloiltoncajuhy.com.br\/site\/wp-json\/wp\/v2\/posts\/13165\/revisions"}],"predecessor-version":[{"id":13167,"href":"https:\/\/blogdoeloiltoncajuhy.com.br\/site\/wp-json\/wp\/v2\/posts\/13165\/revisions\/13167"}],"wp:featuredmedia":[{"embeddable":true,"href":"https:\/\/blogdoeloiltoncajuhy.com.br\/site\/wp-json\/wp\/v2\/media\/13166"}],"wp:attachment":[{"href":"https:\/\/blogdoeloiltoncajuhy.com.br\/site\/wp-json\/wp\/v2\/media?parent=13165"}],"wp:term":[{"taxonomy":"category","embeddable":true,"href":"https:\/\/blogdoeloiltoncajuhy.com.br\/site\/wp-json\/wp\/v2\/categories?post=13165"},{"taxonomy":"post_tag","embeddable":true,"href":"https:\/\/blogdoeloiltoncajuhy.com.br\/site\/wp-json\/wp\/v2\/tags?post=13165"}],"curies":[{"name":"wp","href":"https:\/\/api.w.org\/{rel}","templated":true}]}}