{"id":13152,"date":"2016-10-31T20:16:45","date_gmt":"2016-10-31T23:16:45","guid":{"rendered":"http:\/\/blogdoeloiltoncajuhy.com.br\/site\/?p=13152"},"modified":"2016-10-31T21:59:07","modified_gmt":"2016-11-01T00:59:07","slug":"sera-em-novembro-primeira-audiencia-do-atropelamento-que-vitimou-o-estudante-bonfinense-filipe-kupi","status":"publish","type":"post","link":"https:\/\/blogdoeloiltoncajuhy.com.br\/site\/sera-em-novembro-primeira-audiencia-do-atropelamento-que-vitimou-o-estudante-bonfinense-filipe-kupi\/","title":{"rendered":"Ser\u00e1 em novembro primeira audi\u00eancia do atropelamento que vitimou o estudante bonfinense Filipe Kupi"},"content":{"rendered":"<p><a href=\"https:\/\/i0.wp.com\/blogdoeloiltoncajuhy.com.br\/site\/wp-content\/uploads\/2015\/10\/Filipe4.jpg\"><img data-recalc-dims=\"1\" fetchpriority=\"high\" decoding=\"async\" class=\"aligncenter wp-image-4937 size-full\" src=\"https:\/\/i0.wp.com\/blogdoeloiltoncajuhy.com.br\/site\/wp-content\/uploads\/2015\/10\/Filipe4-e1477955789905.jpg?resize=500%2C500\" alt=\"Filipe4\" width=\"500\" height=\"500\" \/><\/a>Filipe Kupi era um jovem de 19 anos cheio de sonhos que o motivaram a sair da sua cidade, Senhor do Bonfim-BA, para cursar Direito da Universidade do Estado da Bahia (Uneb) em Juazeiro-BA. Os amigos o descrevem como sin\u00f4nimo de felicidade, compaix\u00e3o e comunica\u00e7\u00e3o. \u201cEle era uma pessoa maravilhosa, inteligente e que tinha um futuro brilhante pela frente. Ele gostava de desafio\u201d, disse Ana Vit\u00f3ria, amiga de Filipe.<\/p>\n<p>Mas, na noite do dia 18 de outubro de 2015, ele teve os sonhos e a vida interrompidos enquanto travessava uma rua nas proximidades do terminal de \u00f4nibus em Juazeiro. Filipe foi atropelado por outro jovem que, segundo o advogado Murilo Ricardo da Silva Alves, \u201cestava em velocidade alt\u00edssima\u201d, arremessando o corpo de Filipe quase 100 metros distante do local do acidente\u201d.<\/p>\n<p>Apesar disto, ap\u00f3s mais de um ano do ocorrido, o caso continua sem uma resposta para a fam\u00edlia e amigos da v\u00edtima, que chegaram a criar o grupo \u201cSomos todos Filipe Kupi\u201d, na tentativa de sensibilizar o judici\u00e1rio e a sociedade atrav\u00e9s de manifesta\u00e7\u00f5es que cobravam justi\u00e7a para a morte de Felipe.<\/p>\n<p>De acordo com a amiga de Filipe e presidente do Centro Acad\u00eamico de Direito da Uneb, Sarah Noberto, o grupo vem conquistando alguns avan\u00e7os. Uma den\u00fancia foi aberta no Minist\u00e9rio P\u00fablico da Bahia (MP-BA) e o processo vem tramitando na Vara Crime de Juazeiro.<\/p>\n<p>Os familiares e amigos conseguiram que a primeira audi\u00eancia do caso fosse marcada para este ano. \u201dA primeira audi\u00eancia estava marcada para o dia 22 de Mar\u00e7o de 2017, mas conseguimos colocar um assistente do Minist\u00e9rio P\u00fablico, um amigo advogado, e conseguimos o exito de antecipar a audi\u00eancia para o dia 10 de Novembro\u201d.<\/p>\n<p>Familiares e amigos de Filipe Kupi continuam afirmando que n\u00e3o querem vingan\u00e7a, e sim justi\u00e7a para que isso n\u00e3o venha acontecer com outras fam\u00edlias. \u201cA gente t\u00e1 lutando para que a justi\u00e7a seja feita da forma que tem que ser, da forma que est\u00e1 na lei, para que a fam\u00edlia, os amigos e a sociedade tenham uma\u00a0resposta e n\u00e3o convivam com a sensa\u00e7\u00e3o de impunidade\u201d ressalta Sarah.<\/p>\n<p><em>*Preto No Branco \/ Sibelle Fonseca<\/em><\/p>\n","protected":false},"excerpt":{"rendered":"<p>Filipe Kupi era um jovem de 19 anos cheio de sonhos que o motivaram a sair da sua cidade, Senhor do Bonfim-BA, para cursar Direito da Universidade do Estado da Bahia (Uneb) em Juazeiro-BA. Os amigos o descrevem como sin\u00f4nimo de felicidade, compaix\u00e3o e comunica\u00e7\u00e3o. \u201cEle era uma pessoa maravilhosa, inteligente e que tinha um [&hellip;]<\/p>\n","protected":false},"author":2,"featured_media":13153,"comment_status":"open","ping_status":"open","sticky":false,"template":"","format":"standard","meta":{"_acf_changed":false,"_monsterinsights_skip_tracking":false,"_monsterinsights_sitenote_active":false,"_monsterinsights_sitenote_note":"","_monsterinsights_sitenote_category":0,"_jetpack_memberships_contains_paid_content":false,"footnotes":"","jetpack_publicize_message":"","jetpack_publicize_feature_enabled":true,"jetpack_social_post_already_shared":true,"jetpack_social_options":{"image_generator_settings":{"template":"highway","default_image_id":0,"font":"","enabled":false},"version":2}},"categories":[5,1,11,4],"tags":[],"class_list":["post-13152","post","type-post","status-publish","format-standard","has-post-thumbnail","hentry","category-cotidiano","category-noticias","category-regional","category-local"],"acf":[],"jetpack_publicize_connections":[],"jetpack_featured_media_url":"https:\/\/i0.wp.com\/blogdoeloiltoncajuhy.com.br\/site\/wp-content\/uploads\/2016\/10\/felipe-kupi_16-e1477955560297.jpg?fit=540%2C538&ssl=1","jetpack_sharing_enabled":true,"publishpress_future_workflow_manual_trigger":{"enabledWorkflows":[]},"_links":{"self":[{"href":"https:\/\/blogdoeloiltoncajuhy.com.br\/site\/wp-json\/wp\/v2\/posts\/13152","targetHints":{"allow":["GET"]}}],"collection":[{"href":"https:\/\/blogdoeloiltoncajuhy.com.br\/site\/wp-json\/wp\/v2\/posts"}],"about":[{"href":"https:\/\/blogdoeloiltoncajuhy.com.br\/site\/wp-json\/wp\/v2\/types\/post"}],"author":[{"embeddable":true,"href":"https:\/\/blogdoeloiltoncajuhy.com.br\/site\/wp-json\/wp\/v2\/users\/2"}],"replies":[{"embeddable":true,"href":"https:\/\/blogdoeloiltoncajuhy.com.br\/site\/wp-json\/wp\/v2\/comments?post=13152"}],"version-history":[{"count":3,"href":"https:\/\/blogdoeloiltoncajuhy.com.br\/site\/wp-json\/wp\/v2\/posts\/13152\/revisions"}],"predecessor-version":[{"id":13156,"href":"https:\/\/blogdoeloiltoncajuhy.com.br\/site\/wp-json\/wp\/v2\/posts\/13152\/revisions\/13156"}],"wp:featuredmedia":[{"embeddable":true,"href":"https:\/\/blogdoeloiltoncajuhy.com.br\/site\/wp-json\/wp\/v2\/media\/13153"}],"wp:attachment":[{"href":"https:\/\/blogdoeloiltoncajuhy.com.br\/site\/wp-json\/wp\/v2\/media?parent=13152"}],"wp:term":[{"taxonomy":"category","embeddable":true,"href":"https:\/\/blogdoeloiltoncajuhy.com.br\/site\/wp-json\/wp\/v2\/categories?post=13152"},{"taxonomy":"post_tag","embeddable":true,"href":"https:\/\/blogdoeloiltoncajuhy.com.br\/site\/wp-json\/wp\/v2\/tags?post=13152"}],"curies":[{"name":"wp","href":"https:\/\/api.w.org\/{rel}","templated":true}]}}