{"id":13138,"date":"2016-10-31T18:32:21","date_gmt":"2016-10-31T21:32:21","guid":{"rendered":"http:\/\/blogdoeloiltoncajuhy.com.br\/site\/?p=13138"},"modified":"2016-10-31T18:32:21","modified_gmt":"2016-10-31T21:32:21","slug":"bonfim-associacao-de-moradores-do-residencial-cidade-nova-iii-realiza-mutirao-de-limpeza-na-sede-do-centro-comunitario","status":"publish","type":"post","link":"https:\/\/blogdoeloiltoncajuhy.com.br\/site\/bonfim-associacao-de-moradores-do-residencial-cidade-nova-iii-realiza-mutirao-de-limpeza-na-sede-do-centro-comunitario\/","title":{"rendered":"BONFIM: Associa\u00e7\u00e3o de Moradores do Residencial Cidade Nova III realiza mutir\u00e3o de limpeza na sede do Centro Comunit\u00e1rio"},"content":{"rendered":"<p><a href=\"https:\/\/i0.wp.com\/blogdoeloiltoncajuhy.com.br\/site\/wp-content\/uploads\/2016\/10\/luh2-e1477949450579.jpg\"><img data-recalc-dims=\"1\" fetchpriority=\"high\" decoding=\"async\" class=\"aligncenter size-full wp-image-13139\" src=\"https:\/\/i0.wp.com\/blogdoeloiltoncajuhy.com.br\/site\/wp-content\/uploads\/2016\/10\/luh2-e1477949450579.jpg?resize=500%2C375\" alt=\"luh2\" width=\"500\" height=\"375\" \/><\/a>Na manh\u00e3 deste domingo, 30, a presidente eleita da Associa\u00e7\u00e3o de Moradores do Residencial Cidade Nova III, Lucineide Costa, realizou um mutir\u00e3o de limpeza no Centro Comunit\u00e1rio e seus arredores com o apoio da comunidade. Cansados de esperar pela prefeitura de Senhor do Bonfim, membros da diretoria &#8211; eleita na \u00faltima quarta-feira, dia 26 -, decidiram, por conta pr\u00f3pria, realizar a limpeza do Centro Comunit\u00e1rio local.<\/p>\n<p>O referido Centro Comunit\u00e1rio est\u00e1 incluso no projeto do programa federal Minha Casa Minha Vida, atualmente gerido pela administra\u00e7\u00e3o municipal, e tinha seu espa\u00e7o usado por uma igreja evang\u00e9lica, com autoriza\u00e7\u00e3o da Secretaria de A\u00e7\u00e3o Social deste munic\u00edpio, ao inv\u00e9s de servir \u00e0 pr\u00f3pria comunidade.<\/p>\n<p><strong>Vandalismo<\/strong><\/p>\n<p>Segundo a presidente eleita, ap\u00f3s o resultado da elei\u00e7\u00e3o que confirmou sua vitoria, com a vota\u00e7\u00e3o de 137 x 38, a sede do Centro Comunit\u00e1rio do bairro foi v\u00edtima de vandalismo. Ap\u00f3s ter cadeado arrombado, as paredes foram pichadas, o piso sujo com tinta, vasos sanit\u00e1rios e portas foram quebrados, telhado danificado por pedras e instala\u00e7\u00f5es el\u00e9tricas arrancadas. \u201cO curioso nisso \u00e9 que antes da elei\u00e7\u00e3o tudo estava limpo e funcionando perfeitamente\u201d, falou.<\/p>\n<p><strong><a href=\"https:\/\/i0.wp.com\/blogdoeloiltoncajuhy.com.br\/site\/wp-content\/uploads\/2016\/10\/luh1-e1477949495461.jpg\"><img data-recalc-dims=\"1\" decoding=\"async\" class=\"aligncenter size-full wp-image-13140\" src=\"https:\/\/i0.wp.com\/blogdoeloiltoncajuhy.com.br\/site\/wp-content\/uploads\/2016\/10\/luh1-e1477949495461.jpg?resize=500%2C375\" alt=\"luh1\" width=\"500\" height=\"375\" \/><\/a>A Pol\u00eamica da Chave<\/strong><\/p>\n<p>Outro fato apontado por Lucineide Costa foi que, ap\u00f3s solicitar ao representante da secretaria de assist\u00eancia social a chave do im\u00f3vel para que a nova diretoria pudesse fazer uma vistoria, foi informada que as chaves seriam entregues ao Procurador do munic\u00edpio, e que somente ap\u00f3s a transi\u00e7\u00e3o de governo a nova diretoria teria acesso ao pr\u00e9dio para a realiza\u00e7\u00e3o de eventos agendados esporadicamente, n\u00e3o podendo instalar-se naquele local a sede da Associa\u00e7\u00e3o de Moradores. Mais uma vez, o curioso \u00e9 que uma c\u00f3pia da chave continuou de posse da diretoria da igreja evang\u00e9lica que funcionava no local ao inv\u00e9s de estar na posse do procurador do munic\u00edpio.<\/p>\n<p><strong>Cursos profissionalizantes<\/strong><\/p>\n<p>Lucineide afirmou que buscar\u00e1 junto aos governos do estado e municipal apoio para trazer para os moradores do Cidade Nova III cursos profissionalizantes como: corte e costura, manuten\u00e7\u00e3o de micro e panifica\u00e7\u00e3o, proporcionando aos seus participantes uma alternativa de emprego e gera\u00e7\u00e3o de renda. Lucineide buscar\u00e1 tamb\u00e9m junto \u00e0 Sudesb materiais esportivos e recreativos, proporcionando mais divers\u00e3o aos jovens da comunidade.<\/p>\n<p><em><a href=\"https:\/\/i0.wp.com\/blogdoeloiltoncajuhy.com.br\/site\/wp-content\/uploads\/2016\/10\/luh3.jpg\"><img data-recalc-dims=\"1\" decoding=\"async\" class=\"aligncenter size-full wp-image-13141\" src=\"https:\/\/i0.wp.com\/blogdoeloiltoncajuhy.com.br\/site\/wp-content\/uploads\/2016\/10\/luh3.jpg?resize=692%2C519\" alt=\"luh3\" width=\"692\" height=\"519\" srcset=\"https:\/\/i0.wp.com\/blogdoeloiltoncajuhy.com.br\/site\/wp-content\/uploads\/2016\/10\/luh3.jpg?w=692&amp;ssl=1 692w, https:\/\/i0.wp.com\/blogdoeloiltoncajuhy.com.br\/site\/wp-content\/uploads\/2016\/10\/luh3.jpg?resize=300%2C225&amp;ssl=1 300w, https:\/\/i0.wp.com\/blogdoeloiltoncajuhy.com.br\/site\/wp-content\/uploads\/2016\/10\/luh3.jpg?resize=250%2C188&amp;ssl=1 250w\" sizes=\"(max-width: 692px) 100vw, 692px\" \/><\/a>*Texto Andr\u00e9 Bonfim<\/em><\/p>\n<p><em>**Fotos\u00a0Associa\u00e7\u00e3o de Moradores do Residencial Cidade Nova III<\/em><\/p>\n","protected":false},"excerpt":{"rendered":"<p>Na manh\u00e3 deste domingo, 30, a presidente eleita da Associa\u00e7\u00e3o de Moradores do Residencial Cidade Nova III, Lucineide Costa, realizou um mutir\u00e3o de limpeza no Centro Comunit\u00e1rio e seus arredores com o apoio da comunidade. Cansados de esperar pela prefeitura de Senhor do Bonfim, membros da diretoria &#8211; eleita na \u00faltima quarta-feira, dia 26 -, [&hellip;]<\/p>\n","protected":false},"author":2,"featured_media":13141,"comment_status":"open","ping_status":"open","sticky":false,"template":"","format":"standard","meta":{"_acf_changed":false,"_monsterinsights_skip_tracking":false,"_monsterinsights_sitenote_active":false,"_monsterinsights_sitenote_note":"","_monsterinsights_sitenote_category":0,"_jetpack_memberships_contains_paid_content":false,"footnotes":"","jetpack_publicize_message":"","jetpack_publicize_feature_enabled":true,"jetpack_social_post_already_shared":true,"jetpack_social_options":{"image_generator_settings":{"template":"highway","default_image_id":0,"font":"","enabled":false},"version":2}},"categories":[1,4],"tags":[],"class_list":["post-13138","post","type-post","status-publish","format-standard","has-post-thumbnail","hentry","category-noticias","category-local"],"acf":[],"jetpack_publicize_connections":[],"jetpack_featured_media_url":"https:\/\/i0.wp.com\/blogdoeloiltoncajuhy.com.br\/site\/wp-content\/uploads\/2016\/10\/luh3.jpg?fit=692%2C519&ssl=1","jetpack_sharing_enabled":true,"publishpress_future_workflow_manual_trigger":{"enabledWorkflows":[]},"_links":{"self":[{"href":"https:\/\/blogdoeloiltoncajuhy.com.br\/site\/wp-json\/wp\/v2\/posts\/13138","targetHints":{"allow":["GET"]}}],"collection":[{"href":"https:\/\/blogdoeloiltoncajuhy.com.br\/site\/wp-json\/wp\/v2\/posts"}],"about":[{"href":"https:\/\/blogdoeloiltoncajuhy.com.br\/site\/wp-json\/wp\/v2\/types\/post"}],"author":[{"embeddable":true,"href":"https:\/\/blogdoeloiltoncajuhy.com.br\/site\/wp-json\/wp\/v2\/users\/2"}],"replies":[{"embeddable":true,"href":"https:\/\/blogdoeloiltoncajuhy.com.br\/site\/wp-json\/wp\/v2\/comments?post=13138"}],"version-history":[{"count":1,"href":"https:\/\/blogdoeloiltoncajuhy.com.br\/site\/wp-json\/wp\/v2\/posts\/13138\/revisions"}],"predecessor-version":[{"id":13142,"href":"https:\/\/blogdoeloiltoncajuhy.com.br\/site\/wp-json\/wp\/v2\/posts\/13138\/revisions\/13142"}],"wp:featuredmedia":[{"embeddable":true,"href":"https:\/\/blogdoeloiltoncajuhy.com.br\/site\/wp-json\/wp\/v2\/media\/13141"}],"wp:attachment":[{"href":"https:\/\/blogdoeloiltoncajuhy.com.br\/site\/wp-json\/wp\/v2\/media?parent=13138"}],"wp:term":[{"taxonomy":"category","embeddable":true,"href":"https:\/\/blogdoeloiltoncajuhy.com.br\/site\/wp-json\/wp\/v2\/categories?post=13138"},{"taxonomy":"post_tag","embeddable":true,"href":"https:\/\/blogdoeloiltoncajuhy.com.br\/site\/wp-json\/wp\/v2\/tags?post=13138"}],"curies":[{"name":"wp","href":"https:\/\/api.w.org\/{rel}","templated":true}]}}