{"id":13135,"date":"2016-10-31T15:51:44","date_gmt":"2016-10-31T18:51:44","guid":{"rendered":"http:\/\/blogdoeloiltoncajuhy.com.br\/site\/?p=13135"},"modified":"2016-10-31T15:51:44","modified_gmt":"2016-10-31T18:51:44","slug":"novembro-azul-cancer-de-prostata-mata-um-homem-a-cada-40-minutos-no-brasil","status":"publish","type":"post","link":"https:\/\/blogdoeloiltoncajuhy.com.br\/site\/novembro-azul-cancer-de-prostata-mata-um-homem-a-cada-40-minutos-no-brasil\/","title":{"rendered":"Novembro Azul: c\u00e2ncer de pr\u00f3stata mata um homem a cada 40 minutos no Brasil"},"content":{"rendered":"<p>A edi\u00e7\u00e3o deste ano da campanha Novembro Azul vai ampliar sua abordagem \u2013 com o mote \u201cDe novembro a novembro azul &#8211; movimento permanente pela sa\u00fade integral do homem\u201d, a a\u00e7\u00e3o vai orientar sobre o c\u00e2ncer de pr\u00f3stata e tamb\u00e9m alertar os homens sobre a import\u00e2ncia de cuidar da sa\u00fade.<\/p>\n<figure id=\"attachment_13136\" aria-describedby=\"caption-attachment-13136\" style=\"width: 580px\" class=\"wp-caption aligncenter\"><a href=\"https:\/\/i0.wp.com\/blogdoeloiltoncajuhy.com.br\/site\/wp-content\/uploads\/2016\/10\/novembro_azul.jpg\"><img data-recalc-dims=\"1\" fetchpriority=\"high\" decoding=\"async\" class=\"wp-image-13136 size-full\" src=\"https:\/\/i0.wp.com\/blogdoeloiltoncajuhy.com.br\/site\/wp-content\/uploads\/2016\/10\/novembro_azul.jpg?resize=580%2C388\" alt=\"novembro_azul\" width=\"580\" height=\"388\" srcset=\"https:\/\/i0.wp.com\/blogdoeloiltoncajuhy.com.br\/site\/wp-content\/uploads\/2016\/10\/novembro_azul.jpg?w=580&amp;ssl=1 580w, https:\/\/i0.wp.com\/blogdoeloiltoncajuhy.com.br\/site\/wp-content\/uploads\/2016\/10\/novembro_azul.jpg?resize=300%2C201&amp;ssl=1 300w, https:\/\/i0.wp.com\/blogdoeloiltoncajuhy.com.br\/site\/wp-content\/uploads\/2016\/10\/novembro_azul.jpg?resize=250%2C167&amp;ssl=1 250w\" sizes=\"(max-width: 580px) 100vw, 580px\" \/><\/a><figcaption id=\"caption-attachment-13136\" class=\"wp-caption-text\">Novembro Azu lembra a import\u00e2ncia da preven\u00e7\u00e3o ao c\u00e2ncer de pr\u00f3stata \/ Imagem de Arquivo\/Ag\u00eancia Brasil<\/figcaption><\/figure>\n<p>Criada pelo Instituto Lado a Lado pela Vida, a campanha visa orientar a popula\u00e7\u00e3o masculina sobre o c\u00e2ncer de pr\u00f3stata. A doen\u00e7a figura como o segundo tipo de c\u00e2ncer mais comum entre homens, com mais de 13 mil mortes anuais \u2013 uma a cada 40 minutos. Mais de 61 mil novos casos devem ser registrados no pa\u00eds em 2016, segundo o Instituto Nacional do C\u00e2ncer.<\/p>\n<p>A proposta do instituto este ano \u00e9, com a campanha j\u00e1 consolidada no Brasil, passar a alertar sobre os cuidados com a sa\u00fade integral do homem, mobilizando a popula\u00e7\u00e3o masculina para que se torne protagonista de sua hist\u00f3ria e respons\u00e1vel por sua pr\u00f3pria qualidade de vida, em diferentes fases da vida.<\/p>\n<p><strong>Atividades<\/strong><\/p>\n<p>Durante o m\u00eas de novembro, ser\u00e3o realizadas atividades de orienta\u00e7\u00e3o sobre o c\u00e2ncer de pr\u00f3stata e a sa\u00fade do homem e a\u00e7\u00f5es para estimular a atividade f\u00edsica. Haver\u00e1 distribui\u00e7\u00e3o de material informativo e pr\u00e9dios ser\u00e3o iluminados na cor azul \u2013 entre eles, o Viaduto do Ch\u00e1, em S\u00e3o Paulo, e o Congresso Nacional, em Bras\u00edlia.<\/p>\n<p>Um dos destaques da programa\u00e7\u00e3o \u00e9 o II F\u00f3rum Ser Homem no Brasil, marcado para a pr\u00f3xima segunda-feira (7). Com apoio do Senado Federal, o evento vai reunir profissionais de sa\u00fade, parlamentares, governantes, representantes do Minist\u00e9rio da Sa\u00fade e popula\u00e7\u00e3o em geral para debater a preven\u00e7\u00e3o e o combate ao c\u00e2ncer de pr\u00f3stata e outros tipos de c\u00e2ncer, como de p\u00eanis e test\u00edculo.<\/p>\n<p>Nas redes sociais, a campanha vai tratar da sa\u00fade integral do homem e usar\u00e1 as seguintes hashtags: #novembroazul #denovembroanovembroazul #menospreconceito e #maisvida. A programa\u00e7\u00e3o completa do Novembro Azul pode ser conferida no portal do Instituto<strong><a href=\"http:\/\/www.ladoaladopelavida.org.br\/\" target=\"_blank\"> Lado a Lado pela Vida<\/a><\/strong>.<\/p>\n<p><em>*Ag\u00eancia Brasil<\/em><\/p>\n","protected":false},"excerpt":{"rendered":"<p>A edi\u00e7\u00e3o deste ano da campanha Novembro Azul vai ampliar sua abordagem \u2013 com o mote \u201cDe novembro a novembro azul &#8211; movimento permanente pela sa\u00fade integral do homem\u201d, a a\u00e7\u00e3o vai orientar sobre o c\u00e2ncer de pr\u00f3stata e tamb\u00e9m alertar os homens sobre a import\u00e2ncia de cuidar da sa\u00fade. Criada pelo Instituto Lado a [&hellip;]<\/p>\n","protected":false},"author":2,"featured_media":13136,"comment_status":"open","ping_status":"open","sticky":false,"template":"","format":"standard","meta":{"_acf_changed":false,"_monsterinsights_skip_tracking":false,"_monsterinsights_sitenote_active":false,"_monsterinsights_sitenote_note":"","_monsterinsights_sitenote_category":0,"_jetpack_memberships_contains_paid_content":false,"footnotes":"","jetpack_publicize_message":"","jetpack_publicize_feature_enabled":true,"jetpack_social_post_already_shared":true,"jetpack_social_options":{"image_generator_settings":{"template":"highway","default_image_id":0,"font":"","enabled":false},"version":2}},"categories":[1,7],"tags":[],"class_list":["post-13135","post","type-post","status-publish","format-standard","has-post-thumbnail","hentry","category-noticias","category-saude"],"acf":[],"jetpack_publicize_connections":[],"jetpack_featured_media_url":"https:\/\/i0.wp.com\/blogdoeloiltoncajuhy.com.br\/site\/wp-content\/uploads\/2016\/10\/novembro_azul.jpg?fit=580%2C388&ssl=1","jetpack_sharing_enabled":true,"publishpress_future_workflow_manual_trigger":{"enabledWorkflows":[]},"_links":{"self":[{"href":"https:\/\/blogdoeloiltoncajuhy.com.br\/site\/wp-json\/wp\/v2\/posts\/13135","targetHints":{"allow":["GET"]}}],"collection":[{"href":"https:\/\/blogdoeloiltoncajuhy.com.br\/site\/wp-json\/wp\/v2\/posts"}],"about":[{"href":"https:\/\/blogdoeloiltoncajuhy.com.br\/site\/wp-json\/wp\/v2\/types\/post"}],"author":[{"embeddable":true,"href":"https:\/\/blogdoeloiltoncajuhy.com.br\/site\/wp-json\/wp\/v2\/users\/2"}],"replies":[{"embeddable":true,"href":"https:\/\/blogdoeloiltoncajuhy.com.br\/site\/wp-json\/wp\/v2\/comments?post=13135"}],"version-history":[{"count":1,"href":"https:\/\/blogdoeloiltoncajuhy.com.br\/site\/wp-json\/wp\/v2\/posts\/13135\/revisions"}],"predecessor-version":[{"id":13137,"href":"https:\/\/blogdoeloiltoncajuhy.com.br\/site\/wp-json\/wp\/v2\/posts\/13135\/revisions\/13137"}],"wp:featuredmedia":[{"embeddable":true,"href":"https:\/\/blogdoeloiltoncajuhy.com.br\/site\/wp-json\/wp\/v2\/media\/13136"}],"wp:attachment":[{"href":"https:\/\/blogdoeloiltoncajuhy.com.br\/site\/wp-json\/wp\/v2\/media?parent=13135"}],"wp:term":[{"taxonomy":"category","embeddable":true,"href":"https:\/\/blogdoeloiltoncajuhy.com.br\/site\/wp-json\/wp\/v2\/categories?post=13135"},{"taxonomy":"post_tag","embeddable":true,"href":"https:\/\/blogdoeloiltoncajuhy.com.br\/site\/wp-json\/wp\/v2\/tags?post=13135"}],"curies":[{"name":"wp","href":"https:\/\/api.w.org\/{rel}","templated":true}]}}