{"id":13111,"date":"2016-10-29T19:57:35","date_gmt":"2016-10-29T22:57:35","guid":{"rendered":"http:\/\/blogdoeloiltoncajuhy.com.br\/site\/?p=13111"},"modified":"2016-10-29T19:57:35","modified_gmt":"2016-10-29T22:57:35","slug":"futuro-governo-brasileiro-antecipa-3-nomes-de-sua-equipe","status":"publish","type":"post","link":"https:\/\/blogdoeloiltoncajuhy.com.br\/site\/futuro-governo-brasileiro-antecipa-3-nomes-de-sua-equipe\/","title":{"rendered":"FUTURO GOVERNO: Brasileiro antecipa 3 nomes de sua equipe"},"content":{"rendered":"<figure id=\"attachment_4682\" aria-describedby=\"caption-attachment-4682\" style=\"width: 200px\" class=\"wp-caption aligncenter\"><a href=\"https:\/\/i0.wp.com\/blogdoeloiltoncajuhy.com.br\/site\/wp-content\/uploads\/2015\/10\/Brasileiro_Carol-Garcia_SECOM-3-e1477781545436.jpg\"><img data-recalc-dims=\"1\" fetchpriority=\"high\" decoding=\"async\" class=\"wp-image-4682 size-medium\" src=\"https:\/\/i0.wp.com\/blogdoeloiltoncajuhy.com.br\/site\/wp-content\/uploads\/2015\/10\/Brasileiro_Carol-Garcia_SECOM-3.jpg?resize=200%2C300\" alt=\"Pol\u00edcia Militar faz palestra no Nordeste de Amaralina Na foto: Carlos Brasileiro, secret\u00e1rio de Desenvolvimento Social e Combate \u00e0 Pobreza Foto: Carol Garcia \/ SECOM\" width=\"200\" height=\"300\" \/><\/a><figcaption id=\"caption-attachment-4682\" class=\"wp-caption-text\">Foto: Carol Garcia<\/figcaption><\/figure>\n<p>O prefeito eleito de Senhor do Bonfim, Carlos Brasileiro, acaba de informar ao\u00a0<strong>BLOG DO ELOILTON CAJUHY<\/strong>, os nomes de 3 secret\u00e1rios que ir\u00e3o compor sua equipe de governo.<\/p>\n<p><em><strong>CONFIRA:<\/strong><\/em><\/p>\n<p><strong><a href=\"https:\/\/i0.wp.com\/blogdoeloiltoncajuhy.com.br\/site\/wp-content\/uploads\/2016\/10\/jos%C3%A9-antonio-2.jpg\"><img data-recalc-dims=\"1\" decoding=\"async\" class=\"aligncenter size-full wp-image-13112\" src=\"https:\/\/i0.wp.com\/blogdoeloiltoncajuhy.com.br\/site\/wp-content\/uploads\/2016\/10\/jos%C3%A9-antonio-2.jpg?resize=251%2C294\" alt=\"jose-antonio-2\" width=\"251\" height=\"294\" srcset=\"https:\/\/i0.wp.com\/blogdoeloiltoncajuhy.com.br\/site\/wp-content\/uploads\/2016\/10\/jos%C3%A9-antonio-2.jpg?w=251&amp;ssl=1 251w, https:\/\/i0.wp.com\/blogdoeloiltoncajuhy.com.br\/site\/wp-content\/uploads\/2016\/10\/jos%C3%A9-antonio-2.jpg?resize=213%2C250&amp;ssl=1 213w\" sizes=\"(max-width: 251px) 100vw, 251px\" \/><\/a>&#8211; Z\u00c9 ANTONIO &#8211;\u00a0<\/strong>Vice prefeito eleito, ele ir\u00e1 ocupar a <strong>Secretaria da Casa Civil<\/strong>, a ser criada perlo novo governo. Este n\u00e3o \u00e9 novidade, pois, na entrevista coletiva concedida por Brasileiro um dia ap\u00f3s sua elei\u00e7\u00e3o, ele j\u00e1 havia adiantado;<\/p>\n<p><strong><a href=\"https:\/\/i0.wp.com\/blogdoeloiltoncajuhy.com.br\/site\/wp-content\/uploads\/2016\/10\/angeli-matos-1.jpg\"><img data-recalc-dims=\"1\" decoding=\"async\" class=\"aligncenter wp-image-13114 size-full\" src=\"https:\/\/i0.wp.com\/blogdoeloiltoncajuhy.com.br\/site\/wp-content\/uploads\/2016\/10\/angeli-matos-1.jpg?resize=320%2C443\" width=\"320\" height=\"443\" srcset=\"https:\/\/i0.wp.com\/blogdoeloiltoncajuhy.com.br\/site\/wp-content\/uploads\/2016\/10\/angeli-matos-1.jpg?w=320&amp;ssl=1 320w, https:\/\/i0.wp.com\/blogdoeloiltoncajuhy.com.br\/site\/wp-content\/uploads\/2016\/10\/angeli-matos-1.jpg?resize=217%2C300&amp;ssl=1 217w, https:\/\/i0.wp.com\/blogdoeloiltoncajuhy.com.br\/site\/wp-content\/uploads\/2016\/10\/angeli-matos-1.jpg?resize=181%2C250&amp;ssl=1 181w\" sizes=\"(max-width: 320px) 100vw, 320px\" \/><\/a>&#8211; ANGELI MATOS &#8211;\u00a0<\/strong>Enfermeira formada pela Universidade Federal da Bahia (UFBA), Angeli ser\u00e1 <strong>Secret\u00e1ria de Sa\u00fade<\/strong>, cargo que j\u00e1 exerceu quando do segundo mandato de Carlos Brasileiro, substituindo Dr. Jo\u00e3o Soares de Ara\u00fajo. Angeli Matos tamb\u00e9m foi secret\u00e1ria de sa\u00fade nos primeiros tr\u00eas meses de mandato do ex-prefeito Paulo Machado;<\/p>\n<p><strong><a href=\"https:\/\/i0.wp.com\/blogdoeloiltoncajuhy.com.br\/site\/wp-content\/uploads\/2016\/10\/claudio-nunes.jpg\"><img data-recalc-dims=\"1\" loading=\"lazy\" decoding=\"async\" class=\"aligncenter size-full wp-image-13115\" src=\"https:\/\/i0.wp.com\/blogdoeloiltoncajuhy.com.br\/site\/wp-content\/uploads\/2016\/10\/claudio-nunes.jpg?resize=347%2C395\" alt=\"claudio-nunes\" width=\"347\" height=\"395\" srcset=\"https:\/\/i0.wp.com\/blogdoeloiltoncajuhy.com.br\/site\/wp-content\/uploads\/2016\/10\/claudio-nunes.jpg?w=347&amp;ssl=1 347w, https:\/\/i0.wp.com\/blogdoeloiltoncajuhy.com.br\/site\/wp-content\/uploads\/2016\/10\/claudio-nunes.jpg?resize=264%2C300&amp;ssl=1 264w, https:\/\/i0.wp.com\/blogdoeloiltoncajuhy.com.br\/site\/wp-content\/uploads\/2016\/10\/claudio-nunes.jpg?resize=220%2C250&amp;ssl=1 220w\" sizes=\"(max-width: 347px) 100vw, 347px\" \/><\/a>&#8211; CLAUDIO NUNES &#8211;\u00a0<\/strong>Empres\u00e1rio, Nunes foi escolhido por Brasileiro para a <strong>Secretaria de Administra\u00e7\u00e3o<\/strong>, cargo que ele ocupou no governo de Paulo Machado, depois de ter sido secret\u00e1rio de Ind\u00fastria, Com\u00e9rcio e Turismo.<\/p>\n<p><em>*BLOG DO ELOILTON CAJUHY<\/em><\/p>\n","protected":false},"excerpt":{"rendered":"<p>O prefeito eleito de Senhor do Bonfim, Carlos Brasileiro, acaba de informar ao\u00a0BLOG DO ELOILTON CAJUHY, os nomes de 3 secret\u00e1rios que ir\u00e3o compor sua equipe de governo. CONFIRA: &#8211; Z\u00c9 ANTONIO &#8211;\u00a0Vice prefeito eleito, ele ir\u00e1 ocupar a Secretaria da Casa Civil, a ser criada perlo novo governo. Este n\u00e3o \u00e9 novidade, pois, na [&hellip;]<\/p>\n","protected":false},"author":2,"featured_media":13115,"comment_status":"open","ping_status":"open","sticky":false,"template":"","format":"standard","meta":{"_acf_changed":false,"_monsterinsights_skip_tracking":false,"_monsterinsights_sitenote_active":false,"_monsterinsights_sitenote_note":"","_monsterinsights_sitenote_category":0,"_jetpack_memberships_contains_paid_content":false,"footnotes":"","jetpack_publicize_message":"","jetpack_publicize_feature_enabled":true,"jetpack_social_post_already_shared":true,"jetpack_social_options":{"image_generator_settings":{"template":"highway","default_image_id":0,"font":"","enabled":false},"version":2}},"categories":[1,3,4],"tags":[],"class_list":["post-13111","post","type-post","status-publish","format-standard","has-post-thumbnail","hentry","category-noticias","category-politica","category-local"],"acf":[],"jetpack_publicize_connections":[],"jetpack_featured_media_url":"https:\/\/i0.wp.com\/blogdoeloiltoncajuhy.com.br\/site\/wp-content\/uploads\/2016\/10\/claudio-nunes.jpg?fit=347%2C395&ssl=1","jetpack_sharing_enabled":true,"publishpress_future_workflow_manual_trigger":{"enabledWorkflows":[]},"_links":{"self":[{"href":"https:\/\/blogdoeloiltoncajuhy.com.br\/site\/wp-json\/wp\/v2\/posts\/13111","targetHints":{"allow":["GET"]}}],"collection":[{"href":"https:\/\/blogdoeloiltoncajuhy.com.br\/site\/wp-json\/wp\/v2\/posts"}],"about":[{"href":"https:\/\/blogdoeloiltoncajuhy.com.br\/site\/wp-json\/wp\/v2\/types\/post"}],"author":[{"embeddable":true,"href":"https:\/\/blogdoeloiltoncajuhy.com.br\/site\/wp-json\/wp\/v2\/users\/2"}],"replies":[{"embeddable":true,"href":"https:\/\/blogdoeloiltoncajuhy.com.br\/site\/wp-json\/wp\/v2\/comments?post=13111"}],"version-history":[{"count":1,"href":"https:\/\/blogdoeloiltoncajuhy.com.br\/site\/wp-json\/wp\/v2\/posts\/13111\/revisions"}],"predecessor-version":[{"id":13116,"href":"https:\/\/blogdoeloiltoncajuhy.com.br\/site\/wp-json\/wp\/v2\/posts\/13111\/revisions\/13116"}],"wp:featuredmedia":[{"embeddable":true,"href":"https:\/\/blogdoeloiltoncajuhy.com.br\/site\/wp-json\/wp\/v2\/media\/13115"}],"wp:attachment":[{"href":"https:\/\/blogdoeloiltoncajuhy.com.br\/site\/wp-json\/wp\/v2\/media?parent=13111"}],"wp:term":[{"taxonomy":"category","embeddable":true,"href":"https:\/\/blogdoeloiltoncajuhy.com.br\/site\/wp-json\/wp\/v2\/categories?post=13111"},{"taxonomy":"post_tag","embeddable":true,"href":"https:\/\/blogdoeloiltoncajuhy.com.br\/site\/wp-json\/wp\/v2\/tags?post=13111"}],"curies":[{"name":"wp","href":"https:\/\/api.w.org\/{rel}","templated":true}]}}