{"id":13089,"date":"2016-10-28T10:39:06","date_gmt":"2016-10-28T13:39:06","guid":{"rendered":"http:\/\/blogdoeloiltoncajuhy.com.br\/site\/?p=13089"},"modified":"2016-10-28T10:39:06","modified_gmt":"2016-10-28T13:39:06","slug":"cnbb-pec-241-e-injusta-seletiva-supervaloriza-o-mercado-e-afronta-a-constituicao","status":"publish","type":"post","link":"https:\/\/blogdoeloiltoncajuhy.com.br\/site\/cnbb-pec-241-e-injusta-seletiva-supervaloriza-o-mercado-e-afronta-a-constituicao\/","title":{"rendered":"CNBB: \u201cPEC 241 \u00e9 injusta, seletiva, supervaloriza o mercado e afronta a Constitui\u00e7\u00e3o\u201d"},"content":{"rendered":"<p style=\"text-align: center;\"><em>Conselho Permanente \u00e9 contr\u00e1rio \u00e0 proposta que congela gastos com sa\u00fade e educa\u00e7\u00e3o<\/em><\/p>\n<p><a href=\"https:\/\/i0.wp.com\/blogdoeloiltoncajuhy.com.br\/site\/wp-content\/uploads\/2016\/10\/coletiva1.jpg\"><img data-recalc-dims=\"1\" fetchpriority=\"high\" decoding=\"async\" class=\"aligncenter size-full wp-image-13090\" src=\"https:\/\/i0.wp.com\/blogdoeloiltoncajuhy.com.br\/site\/wp-content\/uploads\/2016\/10\/coletiva1.jpg?resize=360%2C227\" alt=\"coletiva1\" width=\"360\" height=\"227\" srcset=\"https:\/\/i0.wp.com\/blogdoeloiltoncajuhy.com.br\/site\/wp-content\/uploads\/2016\/10\/coletiva1.jpg?w=360&amp;ssl=1 360w, https:\/\/i0.wp.com\/blogdoeloiltoncajuhy.com.br\/site\/wp-content\/uploads\/2016\/10\/coletiva1.jpg?resize=300%2C189&amp;ssl=1 300w, https:\/\/i0.wp.com\/blogdoeloiltoncajuhy.com.br\/site\/wp-content\/uploads\/2016\/10\/coletiva1.jpg?resize=250%2C158&amp;ssl=1 250w\" sizes=\"(max-width: 360px) 100vw, 360px\" \/><\/a>Em coletiva \u00e0 imprensa, nesta quinta-feira, 27, o Conselho Permanente da Confer\u00eancia Nacional dos Bispos do Brasil (CNBB) divulgou nota sobre a Proposta de Emenda \u00e0 Constitui\u00e7\u00e3o (PEC) 241\/2016, de autoria do Poder Executivo.<\/p>\n<p>Apresentada como f\u00f3rmula para alcan\u00e7ar o equil\u00edbrio dos gastos p\u00fablicos, a PEC 241 limita, a partir do ano que vem, as despesas prim\u00e1rias do Estado, como a educa\u00e7\u00e3o, sa\u00fade, infraestrutura, seguran\u00e7a, funcionalismo e outros, para os pr\u00f3ximos 20 anos.<\/p>\n<p>Na nota, os bispos afirmam que a proposta \u00e9 injusta e seletiva. \u201cEla elege, para pagar a conta do descontrole dos gastos, os trabalhadores e os pobres, ou seja, aqueles que mais precisam do Estado para que seus direitos constitucionais sejam garantidos\u201d, diz um trecho.<\/p>\n<p>O texto, lido pela presid\u00eancia da CNBB, enfatiza que a proposta supervaloriza o mercado em detrimento do Estado e garante, ainda, que a mesma \u00e9 um afronte \u00e0 Constitui\u00e7\u00e3o de 1988. \u201cAo tratar dos artigos 198 e 212, que garantem um limite m\u00ednimo de investimento nas \u00e1reas de sa\u00fade e educa\u00e7\u00e3o, ela desconsidera a ordem constitucional\u201d, afirma o texto.<\/p>\n<p>Como sugest\u00e3o para reverter o caminho, no final, a CNBB afirma que a PEC precisa ser debatida de forma ampla e democr\u00e1tica. Para a entidade, a mobiliza\u00e7\u00e3o popular e a sociedade civil s\u00e3o fundamentais para supera\u00e7\u00e3o da crise econ\u00f4mica e pol\u00edtica. \u201cA CNBB continuar\u00e1 acompanhando esse processo, colocando-se \u00e0 disposi\u00e7\u00e3o para a busca de uma solu\u00e7\u00e3o que garanta o direito de todos e n\u00e3o onere os mais pobres\u201d, diz o trecho final.<\/p>\n<p><strong><a href=\"https:\/\/i0.wp.com\/blogdoeloiltoncajuhy.com.br\/site\/wp-content\/uploads\/2016\/10\/coletiva2.jpg\"><img data-recalc-dims=\"1\" decoding=\"async\" class=\"aligncenter size-full wp-image-13091\" src=\"https:\/\/i0.wp.com\/blogdoeloiltoncajuhy.com.br\/site\/wp-content\/uploads\/2016\/10\/coletiva2.jpg?resize=360%2C240\" alt=\"coletiva2\" width=\"360\" height=\"240\" srcset=\"https:\/\/i0.wp.com\/blogdoeloiltoncajuhy.com.br\/site\/wp-content\/uploads\/2016\/10\/coletiva2.jpg?w=360&amp;ssl=1 360w, https:\/\/i0.wp.com\/blogdoeloiltoncajuhy.com.br\/site\/wp-content\/uploads\/2016\/10\/coletiva2.jpg?resize=300%2C200&amp;ssl=1 300w, https:\/\/i0.wp.com\/blogdoeloiltoncajuhy.com.br\/site\/wp-content\/uploads\/2016\/10\/coletiva2.jpg?resize=250%2C167&amp;ssl=1 250w\" sizes=\"(max-width: 360px) 100vw, 360px\" \/><\/a>Destaques<\/strong><\/p>\n<p>Questionado se a CNBB pretende levar \u00e0 nota ao Congresso Nacional, o presidente da entidade, dom Sergio da Rocha, afirmou que, primeiramente, o objetivo \u00e9 que ela chegue a todas \u00e0s comunidades da pr\u00f3pria igreja. \u201c\u00c9 claro que n\u00f3s temos interesse que os pr\u00f3prios parlamentares conhe\u00e7am essa reflex\u00e3o, essa posi\u00e7\u00e3o da CNBB, especialmente o Senado j\u00e1 que a pr\u00f3xima etapa acontece l\u00e1, ent\u00e3o estamos dispostos a um di\u00e1logo com os poderes\u201d, garantiu.<\/p>\n<p>Ainda sobre a mesma tem\u00e1tica, o vice-presidente da CNBB, dom Murilo Krieger ressaltou que pesa sobre o Senado Federal, a responsabilidade de dialogar amplamente com a sociedade. \u201cA sociedade n\u00e3o tem uma participa\u00e7\u00e3o, ela foi colocada diante de uma situa\u00e7\u00e3o e nem imagina as consequ\u00eancias, que ser\u00e3o duradouras. Ent\u00e3o, se \u00e9 uma solu\u00e7\u00e3o ideal para o Brasil, porque n\u00e3o dialogar e envolver toda a sociedade?\u201d, indagou o bispo.<\/p>\n<p><a href=\"http:\/\/www.cnbb.org.br\/index.php?option=com_content&amp;view=article&amp;id=19744:nota-da-cnbb-sobre-a-pec-241&amp;catid=114:noticias&amp;Itemid=106\"><em><strong>Clique aqui e veja a nota da CNBB na \u00edntegra<\/strong><\/em><\/a><\/p>\n<p><em>*Fonte: Site oficial CNBB<\/em><\/p>\n","protected":false},"excerpt":{"rendered":"<p>Conselho Permanente \u00e9 contr\u00e1rio \u00e0 proposta que congela gastos com sa\u00fade e educa\u00e7\u00e3o Em coletiva \u00e0 imprensa, nesta quinta-feira, 27, o Conselho Permanente da Confer\u00eancia Nacional dos Bispos do Brasil (CNBB) divulgou nota sobre a Proposta de Emenda \u00e0 Constitui\u00e7\u00e3o (PEC) 241\/2016, de autoria do Poder Executivo. Apresentada como f\u00f3rmula para alcan\u00e7ar o equil\u00edbrio dos [&hellip;]<\/p>\n","protected":false},"author":2,"featured_media":13091,"comment_status":"open","ping_status":"open","sticky":false,"template":"","format":"standard","meta":{"_acf_changed":false,"_monsterinsights_skip_tracking":false,"_monsterinsights_sitenote_active":false,"_monsterinsights_sitenote_note":"","_monsterinsights_sitenote_category":0,"_jetpack_memberships_contains_paid_content":false,"footnotes":"","jetpack_publicize_message":"","jetpack_publicize_feature_enabled":true,"jetpack_social_post_already_shared":true,"jetpack_social_options":{"image_generator_settings":{"template":"highway","default_image_id":0,"font":"","enabled":false},"version":2}},"categories":[5,1,3],"tags":[],"class_list":["post-13089","post","type-post","status-publish","format-standard","has-post-thumbnail","hentry","category-cotidiano","category-noticias","category-politica"],"acf":[],"jetpack_publicize_connections":[],"jetpack_featured_media_url":"https:\/\/i0.wp.com\/blogdoeloiltoncajuhy.com.br\/site\/wp-content\/uploads\/2016\/10\/coletiva2.jpg?fit=360%2C240&ssl=1","jetpack_sharing_enabled":true,"publishpress_future_workflow_manual_trigger":{"enabledWorkflows":[]},"_links":{"self":[{"href":"https:\/\/blogdoeloiltoncajuhy.com.br\/site\/wp-json\/wp\/v2\/posts\/13089","targetHints":{"allow":["GET"]}}],"collection":[{"href":"https:\/\/blogdoeloiltoncajuhy.com.br\/site\/wp-json\/wp\/v2\/posts"}],"about":[{"href":"https:\/\/blogdoeloiltoncajuhy.com.br\/site\/wp-json\/wp\/v2\/types\/post"}],"author":[{"embeddable":true,"href":"https:\/\/blogdoeloiltoncajuhy.com.br\/site\/wp-json\/wp\/v2\/users\/2"}],"replies":[{"embeddable":true,"href":"https:\/\/blogdoeloiltoncajuhy.com.br\/site\/wp-json\/wp\/v2\/comments?post=13089"}],"version-history":[{"count":1,"href":"https:\/\/blogdoeloiltoncajuhy.com.br\/site\/wp-json\/wp\/v2\/posts\/13089\/revisions"}],"predecessor-version":[{"id":13092,"href":"https:\/\/blogdoeloiltoncajuhy.com.br\/site\/wp-json\/wp\/v2\/posts\/13089\/revisions\/13092"}],"wp:featuredmedia":[{"embeddable":true,"href":"https:\/\/blogdoeloiltoncajuhy.com.br\/site\/wp-json\/wp\/v2\/media\/13091"}],"wp:attachment":[{"href":"https:\/\/blogdoeloiltoncajuhy.com.br\/site\/wp-json\/wp\/v2\/media?parent=13089"}],"wp:term":[{"taxonomy":"category","embeddable":true,"href":"https:\/\/blogdoeloiltoncajuhy.com.br\/site\/wp-json\/wp\/v2\/categories?post=13089"},{"taxonomy":"post_tag","embeddable":true,"href":"https:\/\/blogdoeloiltoncajuhy.com.br\/site\/wp-json\/wp\/v2\/tags?post=13089"}],"curies":[{"name":"wp","href":"https:\/\/api.w.org\/{rel}","templated":true}]}}