{"id":13083,"date":"2016-10-27T20:04:58","date_gmt":"2016-10-27T23:04:58","guid":{"rendered":"http:\/\/blogdoeloiltoncajuhy.com.br\/site\/?p=13083"},"modified":"2016-10-27T20:04:58","modified_gmt":"2016-10-27T23:04:58","slug":"ons-preve-reducao-de-tarifas-de-energia-em-2017-com-recuperacao-de-reservatorios","status":"publish","type":"post","link":"https:\/\/blogdoeloiltoncajuhy.com.br\/site\/ons-preve-reducao-de-tarifas-de-energia-em-2017-com-recuperacao-de-reservatorios\/","title":{"rendered":"ONS prev\u00ea redu\u00e7\u00e3o de tarifas de energia em 2017 com recupera\u00e7\u00e3o de reservat\u00f3rios"},"content":{"rendered":"<p><a href=\"https:\/\/i0.wp.com\/blogdoeloiltoncajuhy.com.br\/site\/wp-content\/uploads\/2016\/10\/ONS.jpg\"><img data-recalc-dims=\"1\" fetchpriority=\"high\" decoding=\"async\" class=\"aligncenter size-full wp-image-13084\" src=\"https:\/\/i0.wp.com\/blogdoeloiltoncajuhy.com.br\/site\/wp-content\/uploads\/2016\/10\/ONS.jpg?resize=640%2C360\" alt=\"ons\" width=\"640\" height=\"360\" srcset=\"https:\/\/i0.wp.com\/blogdoeloiltoncajuhy.com.br\/site\/wp-content\/uploads\/2016\/10\/ONS.jpg?w=640&amp;ssl=1 640w, https:\/\/i0.wp.com\/blogdoeloiltoncajuhy.com.br\/site\/wp-content\/uploads\/2016\/10\/ONS.jpg?resize=300%2C169&amp;ssl=1 300w, https:\/\/i0.wp.com\/blogdoeloiltoncajuhy.com.br\/site\/wp-content\/uploads\/2016\/10\/ONS.jpg?resize=250%2C141&amp;ssl=1 250w\" sizes=\"(max-width: 640px) 100vw, 640px\" \/><\/a>O diretor-geral do Operador Nacional do Sistema El\u00e9trico (ONS), Luiz Eduardo Barata, disse hoje (27), que o governo espera que, com a recupera\u00e7\u00e3o h\u00eddrica dos reservat\u00f3rios da Regi\u00e3o Sudeste, os maiores do pa\u00eds, ser\u00e1 poss\u00edvel reduzir os custos da energia em 2017 para todo o Brasil. &#8220;Nossa expectativa \u00e9 que para o final do ano que vem cheguemos a uma faixa de 40% a 50% do reservat\u00f3rio. Isso caracteriza menos t\u00e9rmica, menos custos, tarifas mais baratas com seguran\u00e7a&#8221;, diz Barata em evento no Rio de Janeiro.<\/p>\n<p>As hidrel\u00e9tricas da Regi\u00e3o Sudeste est\u00e3o com 35% da capacidade de armazenamento de \u00e1gua nas represas. No final de 2015, a capacidade de armazenamento era de 27,5% e, em 2014, de 16% de armazenamento nas represas da regi\u00e3o.<\/p>\n<p>No Nordeste, as previs\u00f5es do ONS n\u00e3o s\u00e3o otimistas em rela\u00e7\u00e3o \u00e0 seca que castiga a regi\u00e3o e que deve continuar. \u201cEstamos saindo do per\u00edodo seco para o per\u00edodo \u00famido. Os sinais que a turma do clima est\u00e1 nos dando \u00e9 que dever\u00e1 ser um ver\u00e3o em torno da m\u00e9dia no Sudeste e no Sul, mas no Nordeste n\u00e3o deveremos ter mudan\u00e7a em rela\u00e7\u00e3o ao que temos tido nos \u00faltimos anos\u201d.<\/p>\n<p>Barata disse que o ONS est\u00e1 desenvolvendo metodologia para prever ventos em curto espa\u00e7o de tempo e, a partir do ano que vem, melhorar a estimativa da gera\u00e7\u00e3o de energia e\u00f3lica. \u201cPara termos uma previs\u00e3o mensal, precisamos de uma previs\u00e3o de vento. Hoje at\u00e9 90% das nossas previs\u00f5es tem margem de 30% de erro\u201d, explicou. \u201cEstamos trabalhando para termos margem de erro menor que 20% para diminuir a folga de reserva\u201d.<\/p>\n<p><em>*Ag\u00eancia Brasil<\/em><\/p>\n","protected":false},"excerpt":{"rendered":"<p>O diretor-geral do Operador Nacional do Sistema El\u00e9trico (ONS), Luiz Eduardo Barata, disse hoje (27), que o governo espera que, com a recupera\u00e7\u00e3o h\u00eddrica dos reservat\u00f3rios da Regi\u00e3o Sudeste, os maiores do pa\u00eds, ser\u00e1 poss\u00edvel reduzir os custos da energia em 2017 para todo o Brasil. &#8220;Nossa expectativa \u00e9 que para o final do ano [&hellip;]<\/p>\n","protected":false},"author":2,"featured_media":13084,"comment_status":"open","ping_status":"open","sticky":false,"template":"","format":"standard","meta":{"_acf_changed":false,"_monsterinsights_skip_tracking":false,"_monsterinsights_sitenote_active":false,"_monsterinsights_sitenote_note":"","_monsterinsights_sitenote_category":0,"_jetpack_memberships_contains_paid_content":false,"footnotes":"","jetpack_publicize_message":"","jetpack_publicize_feature_enabled":true,"jetpack_social_post_already_shared":true,"jetpack_social_options":{"image_generator_settings":{"template":"highway","default_image_id":0,"font":"","enabled":false},"version":2}},"categories":[5,1],"tags":[],"class_list":["post-13083","post","type-post","status-publish","format-standard","has-post-thumbnail","hentry","category-cotidiano","category-noticias"],"acf":[],"jetpack_publicize_connections":[],"jetpack_featured_media_url":"https:\/\/i0.wp.com\/blogdoeloiltoncajuhy.com.br\/site\/wp-content\/uploads\/2016\/10\/ONS.jpg?fit=640%2C360&ssl=1","jetpack_sharing_enabled":true,"publishpress_future_workflow_manual_trigger":{"enabledWorkflows":[]},"_links":{"self":[{"href":"https:\/\/blogdoeloiltoncajuhy.com.br\/site\/wp-json\/wp\/v2\/posts\/13083","targetHints":{"allow":["GET"]}}],"collection":[{"href":"https:\/\/blogdoeloiltoncajuhy.com.br\/site\/wp-json\/wp\/v2\/posts"}],"about":[{"href":"https:\/\/blogdoeloiltoncajuhy.com.br\/site\/wp-json\/wp\/v2\/types\/post"}],"author":[{"embeddable":true,"href":"https:\/\/blogdoeloiltoncajuhy.com.br\/site\/wp-json\/wp\/v2\/users\/2"}],"replies":[{"embeddable":true,"href":"https:\/\/blogdoeloiltoncajuhy.com.br\/site\/wp-json\/wp\/v2\/comments?post=13083"}],"version-history":[{"count":1,"href":"https:\/\/blogdoeloiltoncajuhy.com.br\/site\/wp-json\/wp\/v2\/posts\/13083\/revisions"}],"predecessor-version":[{"id":13085,"href":"https:\/\/blogdoeloiltoncajuhy.com.br\/site\/wp-json\/wp\/v2\/posts\/13083\/revisions\/13085"}],"wp:featuredmedia":[{"embeddable":true,"href":"https:\/\/blogdoeloiltoncajuhy.com.br\/site\/wp-json\/wp\/v2\/media\/13084"}],"wp:attachment":[{"href":"https:\/\/blogdoeloiltoncajuhy.com.br\/site\/wp-json\/wp\/v2\/media?parent=13083"}],"wp:term":[{"taxonomy":"category","embeddable":true,"href":"https:\/\/blogdoeloiltoncajuhy.com.br\/site\/wp-json\/wp\/v2\/categories?post=13083"},{"taxonomy":"post_tag","embeddable":true,"href":"https:\/\/blogdoeloiltoncajuhy.com.br\/site\/wp-json\/wp\/v2\/tags?post=13083"}],"curies":[{"name":"wp","href":"https:\/\/api.w.org\/{rel}","templated":true}]}}