{"id":13078,"date":"2016-10-27T19:03:23","date_gmt":"2016-10-27T22:03:23","guid":{"rendered":"http:\/\/blogdoeloiltoncajuhy.com.br\/site\/?p=13078"},"modified":"2016-10-27T19:03:23","modified_gmt":"2016-10-27T22:03:23","slug":"comece-a-sexta-feira-meditando-a-multidao-toda-procurava-tocar-em-jesus-porque-uma-forca-saia-dele-e-curava-a-todos-lc-612-19","status":"publish","type":"post","link":"https:\/\/blogdoeloiltoncajuhy.com.br\/site\/comece-a-sexta-feira-meditando-a-multidao-toda-procurava-tocar-em-jesus-porque-uma-forca-saia-dele-e-curava-a-todos-lc-612-19\/","title":{"rendered":"COMECE A SEXTA-FEIRA MEDITANDO: &#8220;A multid\u00e3o toda procurava tocar em Jesus, porque uma for\u00e7a sa\u00eda dele, e curava a todos&#8221; (Lc 6,12-19)"},"content":{"rendered":"<p><a href=\"https:\/\/i0.wp.com\/blogdoeloiltoncajuhy.com.br\/site\/wp-content\/uploads\/2015\/10\/liturgia_diaria.jpg\"><img data-recalc-dims=\"1\" fetchpriority=\"high\" decoding=\"async\" class=\"aligncenter size-full wp-image-4757\" src=\"https:\/\/i0.wp.com\/blogdoeloiltoncajuhy.com.br\/site\/wp-content\/uploads\/2015\/10\/liturgia_diaria.jpg?resize=449%2C340\" alt=\"liturgia_diaria\" width=\"449\" height=\"340\" srcset=\"https:\/\/i0.wp.com\/blogdoeloiltoncajuhy.com.br\/site\/wp-content\/uploads\/2015\/10\/liturgia_diaria.jpg?w=449&amp;ssl=1 449w, https:\/\/i0.wp.com\/blogdoeloiltoncajuhy.com.br\/site\/wp-content\/uploads\/2015\/10\/liturgia_diaria.jpg?resize=300%2C227&amp;ssl=1 300w, https:\/\/i0.wp.com\/blogdoeloiltoncajuhy.com.br\/site\/wp-content\/uploads\/2015\/10\/liturgia_diaria.jpg?resize=250%2C189&amp;ssl=1 250w\" sizes=\"(max-width: 449px) 100vw, 449px\" \/><\/a>Naqueles dias, Jesus foi \u00e0 montanha para rezar. E passou a noite toda em ora\u00e7\u00e3o a Deus. Ao amanhecer, chamou seus disc\u00edpulos e escolheu doze dentre eles, aos quais deu o nome de ap\u00f3stolos: Sim\u00e3o, a quem imp\u00f4s o nome de Pedro, e seu irm\u00e3o Andr\u00e9; Tiago e Jo\u00e3o; Filipe e Bartolomeu; Mateus e Tom\u00e9; Tiago, filho de Alfeu, e Sim\u00e3o, chamado Zelota; Judas, filho de Tiago, e Judas Iscariotes, aquele que se tornou traidor.<\/p>\n<p>Jesus desceu da montanha com eles e parou num lugar plano. Ali estavam muitos dos seus disc\u00edpulos e grande multid\u00e3o de gente de toda a Judeia e de Jerusal\u00e9m, do litoral de Tiro e Sid\u00f4nia. Vieram para ouvir Jesus e serem curados de suas doen\u00e7as. E aqueles que estavam atormentados por esp\u00edritos maus tamb\u00e9m foram curados. A multid\u00e3o toda procurava tocar em Jesus, porque uma for\u00e7a sa\u00eda dele, e curava a todos.<\/p>\n<p><em>*Can\u00e7\u00e3o Nova<\/em><\/p>\n","protected":false},"excerpt":{"rendered":"<p>Naqueles dias, Jesus foi \u00e0 montanha para rezar. E passou a noite toda em ora\u00e7\u00e3o a Deus. Ao amanhecer, chamou seus disc\u00edpulos e escolheu doze dentre eles, aos quais deu o nome de ap\u00f3stolos: Sim\u00e3o, a quem imp\u00f4s o nome de Pedro, e seu irm\u00e3o Andr\u00e9; Tiago e Jo\u00e3o; Filipe e Bartolomeu; Mateus e Tom\u00e9; [&hellip;]<\/p>\n","protected":false},"author":2,"featured_media":0,"comment_status":"open","ping_status":"open","sticky":false,"template":"","format":"standard","meta":{"_acf_changed":false,"_monsterinsights_skip_tracking":false,"_monsterinsights_sitenote_active":false,"_monsterinsights_sitenote_note":"","_monsterinsights_sitenote_category":0,"_jetpack_memberships_contains_paid_content":false,"footnotes":"","jetpack_publicize_message":"","jetpack_publicize_feature_enabled":true,"jetpack_social_post_already_shared":true,"jetpack_social_options":{"image_generator_settings":{"template":"highway","default_image_id":0,"font":"","enabled":false},"version":2}},"categories":[1,9],"tags":[],"class_list":["post-13078","post","type-post","status-publish","format-standard","hentry","category-noticias","category-reflexao"],"acf":[],"jetpack_publicize_connections":[],"jetpack_featured_media_url":"","jetpack_sharing_enabled":true,"publishpress_future_workflow_manual_trigger":{"enabledWorkflows":[]},"_links":{"self":[{"href":"https:\/\/blogdoeloiltoncajuhy.com.br\/site\/wp-json\/wp\/v2\/posts\/13078","targetHints":{"allow":["GET"]}}],"collection":[{"href":"https:\/\/blogdoeloiltoncajuhy.com.br\/site\/wp-json\/wp\/v2\/posts"}],"about":[{"href":"https:\/\/blogdoeloiltoncajuhy.com.br\/site\/wp-json\/wp\/v2\/types\/post"}],"author":[{"embeddable":true,"href":"https:\/\/blogdoeloiltoncajuhy.com.br\/site\/wp-json\/wp\/v2\/users\/2"}],"replies":[{"embeddable":true,"href":"https:\/\/blogdoeloiltoncajuhy.com.br\/site\/wp-json\/wp\/v2\/comments?post=13078"}],"version-history":[{"count":1,"href":"https:\/\/blogdoeloiltoncajuhy.com.br\/site\/wp-json\/wp\/v2\/posts\/13078\/revisions"}],"predecessor-version":[{"id":13079,"href":"https:\/\/blogdoeloiltoncajuhy.com.br\/site\/wp-json\/wp\/v2\/posts\/13078\/revisions\/13079"}],"wp:attachment":[{"href":"https:\/\/blogdoeloiltoncajuhy.com.br\/site\/wp-json\/wp\/v2\/media?parent=13078"}],"wp:term":[{"taxonomy":"category","embeddable":true,"href":"https:\/\/blogdoeloiltoncajuhy.com.br\/site\/wp-json\/wp\/v2\/categories?post=13078"},{"taxonomy":"post_tag","embeddable":true,"href":"https:\/\/blogdoeloiltoncajuhy.com.br\/site\/wp-json\/wp\/v2\/tags?post=13078"}],"curies":[{"name":"wp","href":"https:\/\/api.w.org\/{rel}","templated":true}]}}