{"id":13069,"date":"2016-10-27T16:23:54","date_gmt":"2016-10-27T19:23:54","guid":{"rendered":"http:\/\/blogdoeloiltoncajuhy.com.br\/site\/?p=13069"},"modified":"2016-10-27T18:41:42","modified_gmt":"2016-10-27T21:41:42","slug":"brasileiro-escolhe-equipe-de-transicao","status":"publish","type":"post","link":"https:\/\/blogdoeloiltoncajuhy.com.br\/site\/brasileiro-escolhe-equipe-de-transicao\/","title":{"rendered":"Brasileiro escolhe equipe de transi\u00e7\u00e3o"},"content":{"rendered":"<p><a href=\"https:\/\/i0.wp.com\/blogdoeloiltoncajuhy.com.br\/site\/wp-content\/uploads\/2015\/07\/Carlos-Brasileiro.jpg\"><img data-recalc-dims=\"1\" fetchpriority=\"high\" decoding=\"async\" class=\"aligncenter size-full wp-image-2390\" src=\"https:\/\/i0.wp.com\/blogdoeloiltoncajuhy.com.br\/site\/wp-content\/uploads\/2015\/07\/Carlos-Brasileiro.jpg?resize=380%2C280\" alt=\"Carlos Brasileiro\" width=\"380\" height=\"280\" srcset=\"https:\/\/i0.wp.com\/blogdoeloiltoncajuhy.com.br\/site\/wp-content\/uploads\/2015\/07\/Carlos-Brasileiro.jpg?w=380&amp;ssl=1 380w, https:\/\/i0.wp.com\/blogdoeloiltoncajuhy.com.br\/site\/wp-content\/uploads\/2015\/07\/Carlos-Brasileiro.jpg?resize=300%2C221&amp;ssl=1 300w, https:\/\/i0.wp.com\/blogdoeloiltoncajuhy.com.br\/site\/wp-content\/uploads\/2015\/07\/Carlos-Brasileiro.jpg?resize=250%2C184&amp;ssl=1 250w\" sizes=\"(max-width: 380px) 100vw, 380px\" \/><\/a>O prefeito eleito de Senhor do Bonfim, Carlos Brasileiro, informou \u00e0 nossa reportagem na tarde desta quinta-feira (27), que j\u00e1 definiu os nomes que formar\u00e3o sua equipe de transi\u00e7\u00e3o. <strong>S\u00e3o eles:<\/strong><\/p>\n<p><strong>&#8211; Z\u00e9 Antonio &#8211;<\/strong> Vice prefeito eleito \/ presidente;<\/p>\n<p><strong>&#8211; Angeli Matos &#8211;<\/strong>\u00a0Ex-secret\u00e1ria de sa\u00fade do munic\u00edpio;<\/p>\n<p><strong>&#8211; H\u00e9lder Amorim &#8211;<\/strong> Diretor do N\u00facleo Regional de Educa\u00e7\u00e3o de Senhor do Bonfim;<\/p>\n<p><strong>&#8211; Jairo Caroso &#8211;<\/strong> Contador<\/p>\n<p><strong>&#8211; Vera Magalh\u00e3es &#8211;<\/strong> Funcion\u00e1ria P\u00fablica aposentada;<\/p>\n<p><strong>&#8211; Ivan Barbosa &#8211;<\/strong> Vereador;<\/p>\n<p>&#8211; <strong>Claudio Nunes &#8211;<\/strong> Empres\u00e1rio.<\/p>\n<p>Brasileiro n\u00e3o soube informar quem s\u00e3o os membros de transi\u00e7\u00e3o do atual governo. Segundo ele, h\u00e1 uma informa\u00e7\u00e3o que o prefeito Edivaldo Martins Correia j\u00e1 escolheu a equipe, mas os nomes ainda n\u00e3o foram anunciados.<\/p>\n<p>Entre as atribui\u00e7\u00f5es de uma equipe de transi\u00e7\u00e3o de governo municipal, est\u00e3o levantamento de dados e informa\u00e7\u00f5es, realiza\u00e7\u00e3o de diagn\u00f3stico da situa\u00e7\u00e3o do munic\u00edpio e proposi\u00e7\u00e3o de atividades para o in\u00edcio da gest\u00e3o.<\/p>\n<p><em>*BLOG DO ELOILTON CAJUHY<\/em><\/p>\n","protected":false},"excerpt":{"rendered":"<p>O prefeito eleito de Senhor do Bonfim, Carlos Brasileiro, informou \u00e0 nossa reportagem na tarde desta quinta-feira (27), que j\u00e1 definiu os nomes que formar\u00e3o sua equipe de transi\u00e7\u00e3o. S\u00e3o eles: &#8211; Z\u00e9 Antonio &#8211; Vice prefeito eleito \/ presidente; &#8211; Angeli Matos &#8211;\u00a0Ex-secret\u00e1ria de sa\u00fade do munic\u00edpio; &#8211; H\u00e9lder Amorim &#8211; Diretor do N\u00facleo [&hellip;]<\/p>\n","protected":false},"author":2,"featured_media":0,"comment_status":"open","ping_status":"open","sticky":false,"template":"","format":"standard","meta":{"_acf_changed":false,"_monsterinsights_skip_tracking":false,"_monsterinsights_sitenote_active":false,"_monsterinsights_sitenote_note":"","_monsterinsights_sitenote_category":0,"_jetpack_memberships_contains_paid_content":false,"footnotes":"","jetpack_publicize_message":"","jetpack_publicize_feature_enabled":true,"jetpack_social_post_already_shared":true,"jetpack_social_options":{"image_generator_settings":{"template":"highway","default_image_id":0,"font":"","enabled":false},"version":2}},"categories":[1,3,4],"tags":[],"class_list":["post-13069","post","type-post","status-publish","format-standard","hentry","category-noticias","category-politica","category-local"],"acf":[],"jetpack_publicize_connections":[],"jetpack_featured_media_url":"","jetpack_sharing_enabled":true,"publishpress_future_workflow_manual_trigger":{"enabledWorkflows":[]},"_links":{"self":[{"href":"https:\/\/blogdoeloiltoncajuhy.com.br\/site\/wp-json\/wp\/v2\/posts\/13069","targetHints":{"allow":["GET"]}}],"collection":[{"href":"https:\/\/blogdoeloiltoncajuhy.com.br\/site\/wp-json\/wp\/v2\/posts"}],"about":[{"href":"https:\/\/blogdoeloiltoncajuhy.com.br\/site\/wp-json\/wp\/v2\/types\/post"}],"author":[{"embeddable":true,"href":"https:\/\/blogdoeloiltoncajuhy.com.br\/site\/wp-json\/wp\/v2\/users\/2"}],"replies":[{"embeddable":true,"href":"https:\/\/blogdoeloiltoncajuhy.com.br\/site\/wp-json\/wp\/v2\/comments?post=13069"}],"version-history":[{"count":3,"href":"https:\/\/blogdoeloiltoncajuhy.com.br\/site\/wp-json\/wp\/v2\/posts\/13069\/revisions"}],"predecessor-version":[{"id":13072,"href":"https:\/\/blogdoeloiltoncajuhy.com.br\/site\/wp-json\/wp\/v2\/posts\/13069\/revisions\/13072"}],"wp:attachment":[{"href":"https:\/\/blogdoeloiltoncajuhy.com.br\/site\/wp-json\/wp\/v2\/media?parent=13069"}],"wp:term":[{"taxonomy":"category","embeddable":true,"href":"https:\/\/blogdoeloiltoncajuhy.com.br\/site\/wp-json\/wp\/v2\/categories?post=13069"},{"taxonomy":"post_tag","embeddable":true,"href":"https:\/\/blogdoeloiltoncajuhy.com.br\/site\/wp-json\/wp\/v2\/tags?post=13069"}],"curies":[{"name":"wp","href":"https:\/\/api.w.org\/{rel}","templated":true}]}}