{"id":13065,"date":"2016-10-27T16:01:08","date_gmt":"2016-10-27T19:01:08","guid":{"rendered":"http:\/\/blogdoeloiltoncajuhy.com.br\/site\/?p=13065"},"modified":"2016-10-27T16:01:08","modified_gmt":"2016-10-27T19:01:08","slug":"bonfim-policia-civil-faz-operacao-e-prende-quadrilha-que-usava-ate-crianca-para-praticar-crimes","status":"publish","type":"post","link":"https:\/\/blogdoeloiltoncajuhy.com.br\/site\/bonfim-policia-civil-faz-operacao-e-prende-quadrilha-que-usava-ate-crianca-para-praticar-crimes\/","title":{"rendered":"BONFIM: Pol\u00edcia Civil faz opera\u00e7\u00e3o e prende quadrilha que usava at\u00e9 crian\u00e7a para praticar crimes"},"content":{"rendered":"<figure id=\"attachment_13066\" aria-describedby=\"caption-attachment-13066\" style=\"width: 259px\" class=\"wp-caption alignleft\"><a href=\"https:\/\/i0.wp.com\/blogdoeloiltoncajuhy.com.br\/site\/wp-content\/uploads\/2016\/10\/PC_27-out-e1477594743664.jpg\"><img data-recalc-dims=\"1\" fetchpriority=\"high\" decoding=\"async\" class=\"wp-image-13066 size-full\" src=\"https:\/\/i0.wp.com\/blogdoeloiltoncajuhy.com.br\/site\/wp-content\/uploads\/2016\/10\/PC_27-out-e1477594743664.jpg?resize=259%2C460\" alt=\"pc_27-out\" width=\"259\" height=\"460\" \/><\/a><figcaption id=\"caption-attachment-13066\" class=\"wp-caption-text\">Grupo preso em opera\u00e7\u00e3o da pol\u00edcia de Bonfim (Foto: Pol\u00edcia Civil)<\/figcaption><\/figure>\n<p>Em mais uma grande opera\u00e7\u00e3o para combater o tr\u00e1fico de drogas em nossa cidade, a Pol\u00edcia Civil de Senhor do Bonfim, desarticulou na manh\u00e3 desta quinta-feira (27), uma quadrilha acusada de praticar crimes, inclusive homic\u00eddio, e que utilizava at\u00e9 uma crian\u00e7a para comercializar entorpecentes.<\/p>\n<p>Em cumprimento a mandados de busca, apreens\u00e3o e pris\u00e3o, foram presos I<strong>ngrid Auane da Silva Gon\u00e7alves<\/strong>, 18 anos, <strong>S\u00edlvia Daiane Figueredo<\/strong>, 31 anos, mais conhecida como <strong>&#8220;Daianinha&#8221;<\/strong>, <strong>Everton da Concei\u00e7\u00e3o Oliveira<\/strong>, 21 anos, o <strong>&#8220;Velh\u00e3o&#8221;<\/strong>, <strong>Wallison de Oliveira Santana<\/strong>, 23 anos, e <strong>Gilberto Camelo da Silva Filho<\/strong>, 26 anos, <strong>&#8220;Godal&#8221;<\/strong>. Ainda foram apreendidos 6 menores com o grupo. Entre eles, uma crian\u00e7a aparentando ter entre 9 e 10 anos de idade.<\/p>\n<p>De acordo com investiga\u00e7\u00f5es da pol\u00edcia,\u00a0os menores estavam sendo utilizados pela quadrilha para a\u00a0comercializa\u00e7\u00e3o de drogas. Foram apreendidos com os presos, 76 pedras de crack, 23 dol\u00f5es de maconha, 01 p\u00e9 de maconha, 03 fac\u00f5es, 01 tesoura, linha e pl\u00e1sticos para confeccionar a droga, R$ 157,73 em dinheiro, 01 espingarda de fabrica\u00e7\u00e3o caseira e 01 espingarda escopeta cal. 12.<\/p>\n<p>Gilberto Camelo, o &#8220;Godal&#8221;, al\u00e9m do flagrante do tr\u00e1fico de droga, associa\u00e7\u00e3o para o tr\u00e1fico e corrup\u00e7\u00e3o de menor, tinha mandado de pris\u00e3o como um dos suspeitos do homic\u00eddio que vitimou Sirlanjo Silva Souza, fato ocorrido em janeiro de 2015. &#8220;Godal&#8221;, segundo a pol\u00edcia, j\u00e1 foi preso v\u00e1rias vezes em flagrante pelos crimes de tr\u00e1fico de drogas, porte de arma, recepta\u00e7\u00e3o e porte de drogas.<\/p>\n<p>&#8220;Daianinha&#8221; tamb\u00e9m \u00e9 uma velha conhecida da pol\u00edcia. J\u00e1 foi presa outras vezes, em flagrante, pelos crimes de recepta\u00e7\u00e3o, porte de arma de fogo e mais 3 vezes por tr\u00e1fico de drogas. Everton,o&#8221;Velh\u00e3o&#8221;, j\u00e1 foi preso em outras ocasi\u00f5es por recepta\u00e7\u00e3o e tr\u00e1fico de drogas.<\/p>\n<figure id=\"attachment_13067\" aria-describedby=\"caption-attachment-13067\" style=\"width: 460px\" class=\"wp-caption aligncenter\"><a href=\"https:\/\/i0.wp.com\/blogdoeloiltoncajuhy.com.br\/site\/wp-content\/uploads\/2016\/10\/PC_27-out2-e1477594815942.jpg\"><img data-recalc-dims=\"1\" decoding=\"async\" class=\"wp-image-13067 size-full\" src=\"https:\/\/i0.wp.com\/blogdoeloiltoncajuhy.com.br\/site\/wp-content\/uploads\/2016\/10\/PC_27-out2-e1477594815942.jpg?resize=460%2C259\" alt=\"pc_27-out2\" width=\"460\" height=\"259\" \/><\/a><figcaption id=\"caption-attachment-13067\" class=\"wp-caption-text\">Material apreendido pela pol\u00edcia de Bonfim (Foto: Pol\u00edcia Civil)<\/figcaption><\/figure>\n<p>Os detidos que s\u00e3o maiores de idade, foram autuados em flagrante pelos crimes de tr\u00e1fico de drogas, associa\u00e7\u00e3o para o tr\u00e1fico e corrup\u00e7\u00e3o de menores, estando todos \u00e0\u00a0disposi\u00e7\u00e3o da justi\u00e7a.<\/p>\n<p>Os menores ser\u00e3o encaminhados ao Conselho Tutelar de Senhor do Bonfim para as devidas provid\u00eancias. A opera\u00e7\u00e3o da Pol\u00edcia Civil foi realizada entre os bairros da Pera e Alto da Rainha. Estiveram \u00e0 frente da a\u00e7\u00e3o policial, os delegados Dr. Felipe Neri e Dr. Leonardo Virg\u00edlio.<\/p>\n<p><em>*BLOG DO ELOILTON CAJUHY &#8211; Com informa\u00e7\u00f5es da 19\u00aa COORPIN\/Senhor do Bonfim<\/em><\/p>\n","protected":false},"excerpt":{"rendered":"<p>Em mais uma grande opera\u00e7\u00e3o para combater o tr\u00e1fico de drogas em nossa cidade, a Pol\u00edcia Civil de Senhor do Bonfim, desarticulou na manh\u00e3 desta quinta-feira (27), uma quadrilha acusada de praticar crimes, inclusive homic\u00eddio, e que utilizava at\u00e9 uma crian\u00e7a para comercializar entorpecentes. Em cumprimento a mandados de busca, apreens\u00e3o e pris\u00e3o, foram presos [&hellip;]<\/p>\n","protected":false},"author":2,"featured_media":13067,"comment_status":"open","ping_status":"open","sticky":false,"template":"","format":"standard","meta":{"_acf_changed":false,"_monsterinsights_skip_tracking":false,"_monsterinsights_sitenote_active":false,"_monsterinsights_sitenote_note":"","_monsterinsights_sitenote_category":0,"_jetpack_memberships_contains_paid_content":false,"footnotes":"","jetpack_publicize_message":"","jetpack_publicize_feature_enabled":true,"jetpack_social_post_already_shared":true,"jetpack_social_options":{"image_generator_settings":{"template":"highway","default_image_id":0,"font":"","enabled":false},"version":2}},"categories":[5,1,4],"tags":[],"class_list":["post-13065","post","type-post","status-publish","format-standard","has-post-thumbnail","hentry","category-cotidiano","category-noticias","category-local"],"acf":[],"jetpack_publicize_connections":[],"jetpack_featured_media_url":"https:\/\/i0.wp.com\/blogdoeloiltoncajuhy.com.br\/site\/wp-content\/uploads\/2016\/10\/PC_27-out2-e1477594815942.jpg?fit=460%2C259&ssl=1","jetpack_sharing_enabled":true,"publishpress_future_workflow_manual_trigger":{"enabledWorkflows":[]},"_links":{"self":[{"href":"https:\/\/blogdoeloiltoncajuhy.com.br\/site\/wp-json\/wp\/v2\/posts\/13065","targetHints":{"allow":["GET"]}}],"collection":[{"href":"https:\/\/blogdoeloiltoncajuhy.com.br\/site\/wp-json\/wp\/v2\/posts"}],"about":[{"href":"https:\/\/blogdoeloiltoncajuhy.com.br\/site\/wp-json\/wp\/v2\/types\/post"}],"author":[{"embeddable":true,"href":"https:\/\/blogdoeloiltoncajuhy.com.br\/site\/wp-json\/wp\/v2\/users\/2"}],"replies":[{"embeddable":true,"href":"https:\/\/blogdoeloiltoncajuhy.com.br\/site\/wp-json\/wp\/v2\/comments?post=13065"}],"version-history":[{"count":1,"href":"https:\/\/blogdoeloiltoncajuhy.com.br\/site\/wp-json\/wp\/v2\/posts\/13065\/revisions"}],"predecessor-version":[{"id":13068,"href":"https:\/\/blogdoeloiltoncajuhy.com.br\/site\/wp-json\/wp\/v2\/posts\/13065\/revisions\/13068"}],"wp:featuredmedia":[{"embeddable":true,"href":"https:\/\/blogdoeloiltoncajuhy.com.br\/site\/wp-json\/wp\/v2\/media\/13067"}],"wp:attachment":[{"href":"https:\/\/blogdoeloiltoncajuhy.com.br\/site\/wp-json\/wp\/v2\/media?parent=13065"}],"wp:term":[{"taxonomy":"category","embeddable":true,"href":"https:\/\/blogdoeloiltoncajuhy.com.br\/site\/wp-json\/wp\/v2\/categories?post=13065"},{"taxonomy":"post_tag","embeddable":true,"href":"https:\/\/blogdoeloiltoncajuhy.com.br\/site\/wp-json\/wp\/v2\/tags?post=13065"}],"curies":[{"name":"wp","href":"https:\/\/api.w.org\/{rel}","templated":true}]}}