{"id":13056,"date":"2016-10-27T07:16:16","date_gmt":"2016-10-27T10:16:16","guid":{"rendered":"http:\/\/blogdoeloiltoncajuhy.com.br\/site\/?p=13056"},"modified":"2016-10-27T07:16:16","modified_gmt":"2016-10-27T10:16:16","slug":"supremo-decide-que-desaposentacao-e-ilegal","status":"publish","type":"post","link":"https:\/\/blogdoeloiltoncajuhy.com.br\/site\/supremo-decide-que-desaposentacao-e-ilegal\/","title":{"rendered":"Supremo decide que desaposenta\u00e7\u00e3o \u00e9 ilegal"},"content":{"rendered":"<p><a href=\"https:\/\/i0.wp.com\/blogdoeloiltoncajuhy.com.br\/site\/wp-content\/uploads\/2015\/12\/stf.jpg\"><img data-recalc-dims=\"1\" fetchpriority=\"high\" decoding=\"async\" class=\"aligncenter size-full wp-image-6479\" src=\"https:\/\/i0.wp.com\/blogdoeloiltoncajuhy.com.br\/site\/wp-content\/uploads\/2015\/12\/stf.jpg?resize=576%2C264\" alt=\"stf\" width=\"576\" height=\"264\" srcset=\"https:\/\/i0.wp.com\/blogdoeloiltoncajuhy.com.br\/site\/wp-content\/uploads\/2015\/12\/stf.jpg?w=576&amp;ssl=1 576w, https:\/\/i0.wp.com\/blogdoeloiltoncajuhy.com.br\/site\/wp-content\/uploads\/2015\/12\/stf.jpg?resize=300%2C138&amp;ssl=1 300w, https:\/\/i0.wp.com\/blogdoeloiltoncajuhy.com.br\/site\/wp-content\/uploads\/2015\/12\/stf.jpg?resize=250%2C115&amp;ssl=1 250w\" sizes=\"(max-width: 576px) 100vw, 576px\" \/><\/a>O Supremo Tribunal Federal (STF) decidiu ontem\u00a0(26) considerar ilegal a desaposenta\u00e7\u00e3o &#8211; a possibilidade de o aposentado pedir a revis\u00e3o do benef\u00edcio por ter voltado a trabalhar e a contribuir para a Previd\u00eancia Social.<\/p>\n<p>A legalidade do benef\u00edcio estava em julgamento na Corte h\u00e1 dois anos e sofreu sucessivos pedidos de vista. Mais de 180 mil processos estavam parados em todo o pa\u00eds aguardando a decis\u00e3o do Supremo. Antes da decis\u00e3o do Supremo, segurados ganharam a\u00e7\u00f5es individuais na Justi\u00e7a para obter a revis\u00e3o da aposentadoria. Para o Instituto Nacional do Seguro Social (INSS), o segurado deve devolver todos os valores que foram pagos, em parcela \u00fanica, para ter direito ao rec\u00e1lculo do benef\u00edcio.<\/p>\n<p>Por 7 votos a 4, os ministros consideraram a desaposenta\u00e7\u00e3o inconstitucional por n\u00e3o estar prevista na legisla\u00e7\u00e3o. Votaram contra o rec\u00e1lculo da aposentadoria os ministros Dias Toffoli, Teori Zavascki, Edson Fachin, Luiz Fux, Gilmar Mendes, Celso de Mello, e a presidente, C\u00e1rmen L\u00facia. A favor votaram Marco Aur\u00e9lio, Lu\u00eds Roberto Barroso, Rosa Weber e Ricardo Lewandowski.<\/p>\n<p>A validade da desaposenta\u00e7\u00e3o foi decidida ap\u00f3s um aposentado pedir ao Instituto Nacional do Seguro Social (INSS) a interrup\u00e7\u00e3o do pagamento da atual aposentadoria por tempo de servi\u00e7o e a concess\u00e3o de um novo benef\u00edcio por tempo de contribui\u00e7\u00e3o, com base nos pagamentos que voltou a fazer quando retornou ao trabalho.<\/p>\n<p><strong>AGU<\/strong><\/p>\n<p>Em parecer enviado ontem\u00a0(26) ao Supremo, a Advocacia-Geral da Uni\u00e3o (AGU) defendeu que para a concess\u00e3o da desaposenta\u00e7\u00e3o seria necess\u00e1rio que o segurado devolva todos os valores recebidos durante a aposentadoria.<\/p>\n<p>A AGU entende que a revis\u00e3o sem a devolu\u00e7\u00e3o dos valores contraria a Constitui\u00e7\u00e3o Federal, que estabelece o &#8220;car\u00e1ter contributivo da Previd\u00eancia Social e a necessidade de preserva\u00e7\u00e3o do equil\u00edbrio entre suas receitas e despesas\u201d.<\/p>\n<p><em>*Ag\u00eancia Brasil<\/em><\/p>\n","protected":false},"excerpt":{"rendered":"<p>O Supremo Tribunal Federal (STF) decidiu ontem\u00a0(26) considerar ilegal a desaposenta\u00e7\u00e3o &#8211; a possibilidade de o aposentado pedir a revis\u00e3o do benef\u00edcio por ter voltado a trabalhar e a contribuir para a Previd\u00eancia Social. A legalidade do benef\u00edcio estava em julgamento na Corte h\u00e1 dois anos e sofreu sucessivos pedidos de vista. Mais de 180 [&hellip;]<\/p>\n","protected":false},"author":2,"featured_media":0,"comment_status":"open","ping_status":"open","sticky":false,"template":"","format":"standard","meta":{"_acf_changed":false,"_monsterinsights_skip_tracking":false,"_monsterinsights_sitenote_active":false,"_monsterinsights_sitenote_note":"","_monsterinsights_sitenote_category":0,"_jetpack_memberships_contains_paid_content":false,"footnotes":"","jetpack_publicize_message":"","jetpack_publicize_feature_enabled":true,"jetpack_social_post_already_shared":true,"jetpack_social_options":{"image_generator_settings":{"template":"highway","default_image_id":0,"font":"","enabled":false},"version":2}},"categories":[5,1],"tags":[],"class_list":["post-13056","post","type-post","status-publish","format-standard","hentry","category-cotidiano","category-noticias"],"acf":[],"jetpack_publicize_connections":[],"jetpack_featured_media_url":"","jetpack_sharing_enabled":true,"publishpress_future_workflow_manual_trigger":{"enabledWorkflows":[]},"_links":{"self":[{"href":"https:\/\/blogdoeloiltoncajuhy.com.br\/site\/wp-json\/wp\/v2\/posts\/13056","targetHints":{"allow":["GET"]}}],"collection":[{"href":"https:\/\/blogdoeloiltoncajuhy.com.br\/site\/wp-json\/wp\/v2\/posts"}],"about":[{"href":"https:\/\/blogdoeloiltoncajuhy.com.br\/site\/wp-json\/wp\/v2\/types\/post"}],"author":[{"embeddable":true,"href":"https:\/\/blogdoeloiltoncajuhy.com.br\/site\/wp-json\/wp\/v2\/users\/2"}],"replies":[{"embeddable":true,"href":"https:\/\/blogdoeloiltoncajuhy.com.br\/site\/wp-json\/wp\/v2\/comments?post=13056"}],"version-history":[{"count":1,"href":"https:\/\/blogdoeloiltoncajuhy.com.br\/site\/wp-json\/wp\/v2\/posts\/13056\/revisions"}],"predecessor-version":[{"id":13057,"href":"https:\/\/blogdoeloiltoncajuhy.com.br\/site\/wp-json\/wp\/v2\/posts\/13056\/revisions\/13057"}],"wp:attachment":[{"href":"https:\/\/blogdoeloiltoncajuhy.com.br\/site\/wp-json\/wp\/v2\/media?parent=13056"}],"wp:term":[{"taxonomy":"category","embeddable":true,"href":"https:\/\/blogdoeloiltoncajuhy.com.br\/site\/wp-json\/wp\/v2\/categories?post=13056"},{"taxonomy":"post_tag","embeddable":true,"href":"https:\/\/blogdoeloiltoncajuhy.com.br\/site\/wp-json\/wp\/v2\/tags?post=13056"}],"curies":[{"name":"wp","href":"https:\/\/api.w.org\/{rel}","templated":true}]}}