{"id":13054,"date":"2016-10-26T19:42:53","date_gmt":"2016-10-26T22:42:53","guid":{"rendered":"http:\/\/blogdoeloiltoncajuhy.com.br\/site\/?p=13054"},"modified":"2016-10-26T19:42:53","modified_gmt":"2016-10-26T22:42:53","slug":"politica-onu-aceita-pedido-de-defesa-de-lula-contra-moro-diz-defesa","status":"publish","type":"post","link":"https:\/\/blogdoeloiltoncajuhy.com.br\/site\/politica-onu-aceita-pedido-de-defesa-de-lula-contra-moro-diz-defesa\/","title":{"rendered":"POL\u00cdTICA: ONU aceita pedido de defesa de Lula contra Moro, diz defesa"},"content":{"rendered":"<p style=\"text-align: center;\"><em><strong>Advogados do ex-presidente acusam juiz de viola\u00e7\u00e3o dos direitos humanos<\/strong><\/em><\/p>\n<p><a href=\"https:\/\/i0.wp.com\/blogdoeloiltoncajuhy.com.br\/site\/wp-content\/uploads\/2016\/09\/lula3.jpg\"><img data-recalc-dims=\"1\" fetchpriority=\"high\" decoding=\"async\" class=\"aligncenter size-full wp-image-12304\" src=\"https:\/\/i0.wp.com\/blogdoeloiltoncajuhy.com.br\/site\/wp-content\/uploads\/2016\/09\/lula3.jpg?resize=780%2C519\" alt=\"lula3\" width=\"780\" height=\"519\" srcset=\"https:\/\/i0.wp.com\/blogdoeloiltoncajuhy.com.br\/site\/wp-content\/uploads\/2016\/09\/lula3.jpg?w=780&amp;ssl=1 780w, https:\/\/i0.wp.com\/blogdoeloiltoncajuhy.com.br\/site\/wp-content\/uploads\/2016\/09\/lula3.jpg?resize=300%2C200&amp;ssl=1 300w, https:\/\/i0.wp.com\/blogdoeloiltoncajuhy.com.br\/site\/wp-content\/uploads\/2016\/09\/lula3.jpg?resize=768%2C511&amp;ssl=1 768w, https:\/\/i0.wp.com\/blogdoeloiltoncajuhy.com.br\/site\/wp-content\/uploads\/2016\/09\/lula3.jpg?resize=250%2C166&amp;ssl=1 250w\" sizes=\"(max-width: 780px) 100vw, 780px\" \/><\/a>Os advogados do ex-presidente Lula afirmaram que a Organiza\u00e7\u00e3o das Na\u00e7\u00f5es Unidas (ONU) aceitou o pedido feito pela defesa por supostas arbitrariedades cometidas pelo juiz S\u00e9rgio Moro. De acordo com Cristiano Martins, que defende o petista na Lava Jato, o documento emitido pelo Alto-Comissariado das Na\u00e7\u00f5es Unidas para os Direitos Humanos informa que a pe\u00e7a protocolada por Lula passou pelo primeiro ju\u00edzo de admissibilidade e que o governo brasileiro foi intimado para apresentar informa\u00e7\u00f5es sobre o caso no prazo de dois meses.<\/p>\n<p>Uma c\u00f3pia da decis\u00e3o da ONU foi enviada para o governo, requisitando informa\u00e7\u00f5es ou observa\u00e7\u00f5es em rela\u00e7\u00e3o \u00e0 admissibilidade do pedido. Ap\u00f3s a an\u00e1lise do Comit\u00ea de Direitos Humanos, as decis\u00f5es s\u00e3o p\u00fablicas.<\/p>\n<p>O documento foi protocolado nas Na\u00e7\u00f5es Unidas em julho e acusa o juiz S\u00e9rgio Moro e os procuradores da for\u00e7a-tarefa da Lava-Jato de cometerem viola\u00e7\u00f5es ao Pacto de Direitos Pol\u00edticos e Civis. Entre as acusa\u00e7\u00f5es de arbitrariedades citadas pela defesa, est\u00e1 a condu\u00e7\u00e3o coercitiva que levou o ex-presidente Lula para depor durante a deflagra\u00e7\u00e3o da 24\u00aa fase da Opera\u00e7\u00e3o Lava-Jato, batizada de Aletheia. Al\u00e9m disso, os advogados citam vazamento de materiais confidenciais e a divulga\u00e7\u00e3o das liga\u00e7\u00f5es de Lula interceptadas pela Justi\u00e7a.<\/p>\n<p>As acusa\u00e7\u00f5es da defesa de Lula s\u00e3o feitas com base no Pacto de Direitos Pol\u00edticos e Civis, de acordo com seus advogados, que assegura prote\u00e7\u00e3o contra pris\u00e3o ou deten\u00e7\u00e3o arbitr\u00e1ria, presun\u00e7\u00e3o de inoc\u00eancia, interfer\u00eancias arbitr\u00e1rias ou ilegais na privacidade e o direito a um tribunal independente e imparcial.<\/p>\n<p>Lula j\u00e1 protocolou reclama\u00e7\u00f5es e pedidos na justi\u00e7a brasileira para tirar o processo do juiz S\u00e9rgio Moro, alegando que Moro n\u00e3o \u00e9 imparcial. No entanto, nenhum pedido foi aceito at\u00e9 o momento. Os advogados do ex-presidente tamb\u00e9m pediram o afastamento do juiz Jo\u00e3o Pedro Gebran Neto, que julga o pedido de afastamento de Moro, afirmando que ambos s\u00e3o amigos. O pedido foi negado por Gebran Neto.<\/p>\n<p>Lula contratou um advogado australiano, Geoffrey Robertson, para atuar no caso. Robertson \u00e9 conhecido por ter atuado na defesa de Julian Assange, do site \u201cWikiLeaks\u201d, que divulga documentos secretos. Nas 49 p\u00e1ginas do pedido, os advogados de Lula afirmam que Moro \u00e9 \u201cum soldado (refer\u00eancia \u00e0s Cruzadas) que acredita que as condena\u00e7\u00f5es de corrup\u00e7\u00e3o devem ser obtidas atrav\u00e9s de procedimentos que violam os direitos humanos\u201d.<\/p>\n<p>\u201cAvan\u00e7amos mais um passo na prote\u00e7\u00e3o das garantias fundamentais do ex-Presidente com o registro de nosso comunicado pela ONU. \u00c9 especialmente importante saber que, a partir de agora, a ONU estar\u00e1 acompanhando formalmente as grosseiras viola\u00e7\u00f5es que est\u00e3o sendo praticadas diariamente contra Lula no Brasil\u201d, afirmou o advogado de Lula, em nota.<\/p>\n<p>Hoje, em um dos processos da Lava-Jato que investigam o ex-presidente Lula, o juiz S\u00e9rgio Moro negou pedido da defesa para que se declare suspeito para julgar o caso.<\/p>\n<p><em>*O Globo<\/em><\/p>\n","protected":false},"excerpt":{"rendered":"<p>Advogados do ex-presidente acusam juiz de viola\u00e7\u00e3o dos direitos humanos Os advogados do ex-presidente Lula afirmaram que a Organiza\u00e7\u00e3o das Na\u00e7\u00f5es Unidas (ONU) aceitou o pedido feito pela defesa por supostas arbitrariedades cometidas pelo juiz S\u00e9rgio Moro. De acordo com Cristiano Martins, que defende o petista na Lava Jato, o documento emitido pelo Alto-Comissariado das [&hellip;]<\/p>\n","protected":false},"author":2,"featured_media":0,"comment_status":"open","ping_status":"open","sticky":false,"template":"","format":"standard","meta":{"_acf_changed":false,"_monsterinsights_skip_tracking":false,"_monsterinsights_sitenote_active":false,"_monsterinsights_sitenote_note":"","_monsterinsights_sitenote_category":0,"_jetpack_memberships_contains_paid_content":false,"footnotes":"","jetpack_publicize_message":"","jetpack_publicize_feature_enabled":true,"jetpack_social_post_already_shared":true,"jetpack_social_options":{"image_generator_settings":{"template":"highway","default_image_id":0,"font":"","enabled":false},"version":2}},"categories":[1,3],"tags":[],"class_list":["post-13054","post","type-post","status-publish","format-standard","hentry","category-noticias","category-politica"],"acf":[],"jetpack_publicize_connections":[],"jetpack_featured_media_url":"","jetpack_sharing_enabled":true,"publishpress_future_workflow_manual_trigger":{"enabledWorkflows":[]},"_links":{"self":[{"href":"https:\/\/blogdoeloiltoncajuhy.com.br\/site\/wp-json\/wp\/v2\/posts\/13054","targetHints":{"allow":["GET"]}}],"collection":[{"href":"https:\/\/blogdoeloiltoncajuhy.com.br\/site\/wp-json\/wp\/v2\/posts"}],"about":[{"href":"https:\/\/blogdoeloiltoncajuhy.com.br\/site\/wp-json\/wp\/v2\/types\/post"}],"author":[{"embeddable":true,"href":"https:\/\/blogdoeloiltoncajuhy.com.br\/site\/wp-json\/wp\/v2\/users\/2"}],"replies":[{"embeddable":true,"href":"https:\/\/blogdoeloiltoncajuhy.com.br\/site\/wp-json\/wp\/v2\/comments?post=13054"}],"version-history":[{"count":1,"href":"https:\/\/blogdoeloiltoncajuhy.com.br\/site\/wp-json\/wp\/v2\/posts\/13054\/revisions"}],"predecessor-version":[{"id":13055,"href":"https:\/\/blogdoeloiltoncajuhy.com.br\/site\/wp-json\/wp\/v2\/posts\/13054\/revisions\/13055"}],"wp:attachment":[{"href":"https:\/\/blogdoeloiltoncajuhy.com.br\/site\/wp-json\/wp\/v2\/media?parent=13054"}],"wp:term":[{"taxonomy":"category","embeddable":true,"href":"https:\/\/blogdoeloiltoncajuhy.com.br\/site\/wp-json\/wp\/v2\/categories?post=13054"},{"taxonomy":"post_tag","embeddable":true,"href":"https:\/\/blogdoeloiltoncajuhy.com.br\/site\/wp-json\/wp\/v2\/tags?post=13054"}],"curies":[{"name":"wp","href":"https:\/\/api.w.org\/{rel}","templated":true}]}}