{"id":13052,"date":"2016-10-26T19:32:14","date_gmt":"2016-10-26T22:32:14","guid":{"rendered":"http:\/\/blogdoeloiltoncajuhy.com.br\/site\/?p=13052"},"modified":"2016-10-26T19:32:14","modified_gmt":"2016-10-26T22:32:14","slug":"itiuba-advogada-e-assaltada-no-centro-da-cidade","status":"publish","type":"post","link":"https:\/\/blogdoeloiltoncajuhy.com.br\/site\/itiuba-advogada-e-assaltada-no-centro-da-cidade\/","title":{"rendered":"ITI\u00daBA: Advogada \u00e9 assaltada no centro da cidade"},"content":{"rendered":"<p><a href=\"https:\/\/i0.wp.com\/blogdoeloiltoncajuhy.com.br\/site\/wp-content\/uploads\/2015\/08\/Plant%C3%A3o-de-Pol%C3%ADcia1.jpg\"><img data-recalc-dims=\"1\" fetchpriority=\"high\" decoding=\"async\" class=\"aligncenter size-full wp-image-3229\" src=\"https:\/\/i0.wp.com\/blogdoeloiltoncajuhy.com.br\/site\/wp-content\/uploads\/2015\/08\/Plant%C3%A3o-de-Pol%C3%ADcia1.jpg?resize=640%2C329\" alt=\"Plant\u00e3o de Pol\u00edcia\" width=\"640\" height=\"329\" srcset=\"https:\/\/i0.wp.com\/blogdoeloiltoncajuhy.com.br\/site\/wp-content\/uploads\/2015\/08\/Plant%C3%A3o-de-Pol%C3%ADcia1.jpg?w=640&amp;ssl=1 640w, https:\/\/i0.wp.com\/blogdoeloiltoncajuhy.com.br\/site\/wp-content\/uploads\/2015\/08\/Plant%C3%A3o-de-Pol%C3%ADcia1.jpg?resize=300%2C154&amp;ssl=1 300w, https:\/\/i0.wp.com\/blogdoeloiltoncajuhy.com.br\/site\/wp-content\/uploads\/2015\/08\/Plant%C3%A3o-de-Pol%C3%ADcia1.jpg?resize=250%2C129&amp;ssl=1 250w\" sizes=\"(max-width: 640px) 100vw, 640px\" \/><\/a>Nesta quarta-feira (26), um assalto a m\u00e3o armada foi registrado no vizinho munic\u00edpio de Iti\u00faba. De acordo com informa\u00e7\u00f5es do <a href=\"http:\/\/cidadeemnoticias.blogspot.com.br\/2016\/10\/itiuba-advogada-e-assaltada-no-centro.html\"><strong>BLOG CIDADE EM NOT\u00cdCIAS<\/strong><\/a>, a advogada Dr\u00aa Cleonice, foi\u00a0assaltada nas\u00a0imedia\u00e7\u00f5es do pr\u00e9dio anexo \u00e0\u00a0Prefeitura Municipal, por dois indiv\u00edduos armados, que ocupavam uma moto de dados n\u00e3o anotados e que estavam sem capacetes.<\/p>\n<p>Ainda segundo informa\u00e7\u00f5es do <strong>CIDADE EM NOT\u00cdCIAS<\/strong>, os elementos levaram apenas o aparelho celular da advogada. Ela\u00a0registrou a ocorr\u00eancia na delegacia de policia da cidade, por\u00e9m, at\u00e9 o momento, ningu\u00e9m foi preso.<\/p>\n","protected":false},"excerpt":{"rendered":"<p>Nesta quarta-feira (26), um assalto a m\u00e3o armada foi registrado no vizinho munic\u00edpio de Iti\u00faba. De acordo com informa\u00e7\u00f5es do BLOG CIDADE EM NOT\u00cdCIAS, a advogada Dr\u00aa Cleonice, foi\u00a0assaltada nas\u00a0imedia\u00e7\u00f5es do pr\u00e9dio anexo \u00e0\u00a0Prefeitura Municipal, por dois indiv\u00edduos armados, que ocupavam uma moto de dados n\u00e3o anotados e que estavam sem capacetes. Ainda segundo informa\u00e7\u00f5es [&hellip;]<\/p>\n","protected":false},"author":2,"featured_media":0,"comment_status":"open","ping_status":"open","sticky":false,"template":"","format":"standard","meta":{"_acf_changed":false,"_monsterinsights_skip_tracking":false,"_monsterinsights_sitenote_active":false,"_monsterinsights_sitenote_note":"","_monsterinsights_sitenote_category":0,"_jetpack_memberships_contains_paid_content":false,"footnotes":"","jetpack_publicize_message":"","jetpack_publicize_feature_enabled":true,"jetpack_social_post_already_shared":true,"jetpack_social_options":{"image_generator_settings":{"template":"highway","default_image_id":0,"font":"","enabled":false},"version":2}},"categories":[5,1,11],"tags":[],"class_list":["post-13052","post","type-post","status-publish","format-standard","hentry","category-cotidiano","category-noticias","category-regional"],"acf":[],"jetpack_publicize_connections":[],"jetpack_featured_media_url":"","jetpack_sharing_enabled":true,"publishpress_future_workflow_manual_trigger":{"enabledWorkflows":[]},"_links":{"self":[{"href":"https:\/\/blogdoeloiltoncajuhy.com.br\/site\/wp-json\/wp\/v2\/posts\/13052","targetHints":{"allow":["GET"]}}],"collection":[{"href":"https:\/\/blogdoeloiltoncajuhy.com.br\/site\/wp-json\/wp\/v2\/posts"}],"about":[{"href":"https:\/\/blogdoeloiltoncajuhy.com.br\/site\/wp-json\/wp\/v2\/types\/post"}],"author":[{"embeddable":true,"href":"https:\/\/blogdoeloiltoncajuhy.com.br\/site\/wp-json\/wp\/v2\/users\/2"}],"replies":[{"embeddable":true,"href":"https:\/\/blogdoeloiltoncajuhy.com.br\/site\/wp-json\/wp\/v2\/comments?post=13052"}],"version-history":[{"count":1,"href":"https:\/\/blogdoeloiltoncajuhy.com.br\/site\/wp-json\/wp\/v2\/posts\/13052\/revisions"}],"predecessor-version":[{"id":13053,"href":"https:\/\/blogdoeloiltoncajuhy.com.br\/site\/wp-json\/wp\/v2\/posts\/13052\/revisions\/13053"}],"wp:attachment":[{"href":"https:\/\/blogdoeloiltoncajuhy.com.br\/site\/wp-json\/wp\/v2\/media?parent=13052"}],"wp:term":[{"taxonomy":"category","embeddable":true,"href":"https:\/\/blogdoeloiltoncajuhy.com.br\/site\/wp-json\/wp\/v2\/categories?post=13052"},{"taxonomy":"post_tag","embeddable":true,"href":"https:\/\/blogdoeloiltoncajuhy.com.br\/site\/wp-json\/wp\/v2\/tags?post=13052"}],"curies":[{"name":"wp","href":"https:\/\/api.w.org\/{rel}","templated":true}]}}