{"id":13040,"date":"2016-10-26T18:59:57","date_gmt":"2016-10-26T21:59:57","guid":{"rendered":"http:\/\/blogdoeloiltoncajuhy.com.br\/site\/?p=13040"},"modified":"2016-10-26T19:02:46","modified_gmt":"2016-10-26T22:02:46","slug":"cultura-artista-pernambucano-realiza-oficina-e-apresenta-espetaculos-em-bonfim","status":"publish","type":"post","link":"https:\/\/blogdoeloiltoncajuhy.com.br\/site\/cultura-artista-pernambucano-realiza-oficina-e-apresenta-espetaculos-em-bonfim\/","title":{"rendered":"CULTURA: Artista pernambucano realiza oficina e apresenta espet\u00e1culos em Bonfim"},"content":{"rendered":"<p><a href=\"https:\/\/i0.wp.com\/blogdoeloiltoncajuhy.com.br\/site\/wp-content\/uploads\/2016\/10\/Artes-C%C3%AAnicas_1.jpg\"><img data-recalc-dims=\"1\" fetchpriority=\"high\" decoding=\"async\" class=\"size-full wp-image-13041 alignleft\" src=\"https:\/\/i0.wp.com\/blogdoeloiltoncajuhy.com.br\/site\/wp-content\/uploads\/2016\/10\/Artes-C%C3%AAnicas_1.jpg?resize=212%2C268\" alt=\"artes-cenicas_1\" width=\"212\" height=\"268\" srcset=\"https:\/\/i0.wp.com\/blogdoeloiltoncajuhy.com.br\/site\/wp-content\/uploads\/2016\/10\/Artes-C%C3%AAnicas_1.jpg?w=212&amp;ssl=1 212w, https:\/\/i0.wp.com\/blogdoeloiltoncajuhy.com.br\/site\/wp-content\/uploads\/2016\/10\/Artes-C%C3%AAnicas_1.jpg?resize=198%2C250&amp;ssl=1 198w\" sizes=\"(max-width: 212px) 100vw, 212px\" \/><\/a>O m\u00eas de outubro apresentou uma peculiaridade para os artistas\u00a0ligados \u00e0s Artes C\u00eanicas em Senhor do Bonfim. Trata-se da visita\u00a0do pernambucano Sebasti\u00e3o Sim\u00e3o Filho. O artista realizou uma oficina de\u00a0confec\u00e7\u00e3o e manipula\u00e7\u00e3o de bonecos, al\u00e9m de apresentar dois\u00a0espet\u00e1culos com a mesma linguagem, um infantil,\u00a0<strong>FABUL\u00c1RIO<\/strong>, e uma\u00a0trag\u00e9dia, <strong>MIST\u00c9RIO DAS FIGURAS DE BARRO<\/strong>, para o p\u00fablico adulto.<\/p>\n<p>Para a produtora cultural, Yara Perez, respons\u00e1vel pela vinda do artista\u00a0a Senhor do Bonfim, o interc\u00e2mbio significa novas oportunidades\u00a0formativas e est\u00edmulo \u00e0\u00a0cria\u00e7\u00e3o e desenvolvimento da cena teatral no\u00a0munic\u00edpio. Sebasti\u00e3o afirma que o resultado da oficina revelou grande\u00a0potencial para o teatro de anima\u00e7\u00e3o em Senhor do Bonfim e diz que os\u00a0artistas bonfinenses mostram grandes possibilidades para novos\u00a0espet\u00e1culos, caso queiram se dedicar ao teatro de bonecos. O artista\u00a0deseja retornar ao munic\u00edpio com outras obras de seu repert\u00f3rio.<\/p>\n<p>O evento demostrou mais uma vez o quanto o p\u00fablico bonfinense preza pelas artes c\u00eanicas, apreciando todas as\u00a0linguagens apresentadas. Para os artistas dos grupos que\u00a0receberam o encenador, a presen\u00e7a de Sebasti\u00e3o revigora o\u00a0esp\u00edrito l\u00fadico impulsionando o desejo de ampliar a cena na\u00a0cidade.<\/p>\n<p><a href=\"https:\/\/i0.wp.com\/blogdoeloiltoncajuhy.com.br\/site\/wp-content\/uploads\/2016\/10\/Artes-C%C3%AAnicas_2.jpg\"><img data-recalc-dims=\"1\" decoding=\"async\" class=\"size-full wp-image-13042 alignright\" src=\"https:\/\/i0.wp.com\/blogdoeloiltoncajuhy.com.br\/site\/wp-content\/uploads\/2016\/10\/Artes-C%C3%AAnicas_2.jpg?resize=289%2C175\" alt=\"artes-cenicas_2\" width=\"289\" height=\"175\" srcset=\"https:\/\/i0.wp.com\/blogdoeloiltoncajuhy.com.br\/site\/wp-content\/uploads\/2016\/10\/Artes-C%C3%AAnicas_2.jpg?w=289&amp;ssl=1 289w, https:\/\/i0.wp.com\/blogdoeloiltoncajuhy.com.br\/site\/wp-content\/uploads\/2016\/10\/Artes-C%C3%AAnicas_2.jpg?resize=250%2C151&amp;ssl=1 250w\" sizes=\"(max-width: 289px) 100vw, 289px\" \/><\/a>O Grupo <strong>CITEAR<\/strong> avalia que o espet\u00e1culo, <strong>FABUL\u00c1RIO<\/strong>,\u00a0apresentado nos dias 22 e 23 de outubro, foi muito\u00a0importante para a comunidade do bairro da Gamboa que teve o\u00a0privil\u00e9gio de assistir a uma pe\u00e7a com grande participa\u00e7\u00e3o das\u00a0crian\u00e7as, envolvendo-se e contracenando com os bonecos, o\u00a0que demostrou ainda mais as habilidades dos\u00a0atores\/manipuladores, que sabiamente souberam envolver\u00a0as crian\u00e7as na trama.<\/p>\n<p><a href=\"https:\/\/i0.wp.com\/blogdoeloiltoncajuhy.com.br\/site\/wp-content\/uploads\/2016\/10\/Artes-C%C3%AAnicas_3.jpg\"><img data-recalc-dims=\"1\" decoding=\"async\" class=\"size-full wp-image-13043 alignleft\" src=\"https:\/\/i0.wp.com\/blogdoeloiltoncajuhy.com.br\/site\/wp-content\/uploads\/2016\/10\/Artes-C%C3%AAnicas_3.jpg?resize=294%2C169\" alt=\"artes-cenicas_3\" width=\"294\" height=\"169\" srcset=\"https:\/\/i0.wp.com\/blogdoeloiltoncajuhy.com.br\/site\/wp-content\/uploads\/2016\/10\/Artes-C%C3%AAnicas_3.jpg?w=294&amp;ssl=1 294w, https:\/\/i0.wp.com\/blogdoeloiltoncajuhy.com.br\/site\/wp-content\/uploads\/2016\/10\/Artes-C%C3%AAnicas_3.jpg?resize=250%2C144&amp;ssl=1 250w\" sizes=\"(max-width: 294px) 100vw, 294px\" \/><\/a><strong>MIST\u00c9RIO DAS FIGURAS DE BARRO<\/strong>, mon\u00f3logo com atua\u00e7\u00e3o\u00a0de Sebasti\u00e3o Sim\u00e3o Filho, foi apresentado no Cineteatro\u00a0Reginaldo Carvalho com o apoio do GRUPANO (Grupo de<br \/>\nPesquisa e Extens\u00e3o em Artes C\u00eanicas do Semi\u00e1rido\u00a0Brasileiro) e da Cia. Omim Odara. Ambos avaliam o evento\u00a0como importante momento para o avan\u00e7o das Artes C\u00eanicas\u00a0em Senhor do Bonfim. A pe\u00e7a do escritor pernambucano\u00a0Osmar Lins, foi apreciada com deleite pelo p\u00fablico\u00a0bonfinense.<\/p>\n<p><a href=\"https:\/\/i0.wp.com\/blogdoeloiltoncajuhy.com.br\/site\/wp-content\/uploads\/2016\/10\/Artes-C%C3%AAnicas_4.jpg\"><img data-recalc-dims=\"1\" loading=\"lazy\" decoding=\"async\" class=\"aligncenter size-full wp-image-13044\" src=\"https:\/\/i0.wp.com\/blogdoeloiltoncajuhy.com.br\/site\/wp-content\/uploads\/2016\/10\/Artes-C%C3%AAnicas_4.jpg?resize=514%2C145\" alt=\"artes-cenicas_4\" width=\"514\" height=\"145\" srcset=\"https:\/\/i0.wp.com\/blogdoeloiltoncajuhy.com.br\/site\/wp-content\/uploads\/2016\/10\/Artes-C%C3%AAnicas_4.jpg?w=514&amp;ssl=1 514w, https:\/\/i0.wp.com\/blogdoeloiltoncajuhy.com.br\/site\/wp-content\/uploads\/2016\/10\/Artes-C%C3%AAnicas_4.jpg?resize=300%2C85&amp;ssl=1 300w, https:\/\/i0.wp.com\/blogdoeloiltoncajuhy.com.br\/site\/wp-content\/uploads\/2016\/10\/Artes-C%C3%AAnicas_4.jpg?resize=250%2C71&amp;ssl=1 250w\" sizes=\"(max-width: 514px) 100vw, 514px\" \/><\/a>Em tempos de desespero e desengano, a arte provoca reflex\u00f5es acerca das possibilidades de\u00a0lutar por dias melhores com dignidade, por\u00e9m sem perder a ludicidade. Que os caminhos\u00a0para a boniteza n\u00e3o se renda as incertezas da falsa realidade.<\/p>\n<p><em>*Por Benedito Oliveira<\/em><\/p>\n","protected":false},"excerpt":{"rendered":"<p>O m\u00eas de outubro apresentou uma peculiaridade para os artistas\u00a0ligados \u00e0s Artes C\u00eanicas em Senhor do Bonfim. Trata-se da visita\u00a0do pernambucano Sebasti\u00e3o Sim\u00e3o Filho. O artista realizou uma oficina de\u00a0confec\u00e7\u00e3o e manipula\u00e7\u00e3o de bonecos, al\u00e9m de apresentar dois\u00a0espet\u00e1culos com a mesma linguagem, um infantil,\u00a0FABUL\u00c1RIO, e uma\u00a0trag\u00e9dia, MIST\u00c9RIO DAS FIGURAS DE BARRO, para o p\u00fablico adulto. [&hellip;]<\/p>\n","protected":false},"author":2,"featured_media":13044,"comment_status":"open","ping_status":"open","sticky":false,"template":"","format":"standard","meta":{"_acf_changed":false,"_monsterinsights_skip_tracking":false,"_monsterinsights_sitenote_active":false,"_monsterinsights_sitenote_note":"","_monsterinsights_sitenote_category":0,"_jetpack_memberships_contains_paid_content":false,"footnotes":"","jetpack_publicize_message":"","jetpack_publicize_feature_enabled":true,"jetpack_social_post_already_shared":true,"jetpack_social_options":{"image_generator_settings":{"template":"highway","default_image_id":0,"font":"","enabled":false},"version":2}},"categories":[8,1,4],"tags":[],"class_list":["post-13040","post","type-post","status-publish","format-standard","has-post-thumbnail","hentry","category-cultura","category-noticias","category-local"],"acf":[],"jetpack_publicize_connections":[],"jetpack_featured_media_url":"https:\/\/i0.wp.com\/blogdoeloiltoncajuhy.com.br\/site\/wp-content\/uploads\/2016\/10\/Artes-C%C3%AAnicas_4.jpg?fit=514%2C145&ssl=1","jetpack_sharing_enabled":true,"publishpress_future_workflow_manual_trigger":{"enabledWorkflows":[]},"_links":{"self":[{"href":"https:\/\/blogdoeloiltoncajuhy.com.br\/site\/wp-json\/wp\/v2\/posts\/13040","targetHints":{"allow":["GET"]}}],"collection":[{"href":"https:\/\/blogdoeloiltoncajuhy.com.br\/site\/wp-json\/wp\/v2\/posts"}],"about":[{"href":"https:\/\/blogdoeloiltoncajuhy.com.br\/site\/wp-json\/wp\/v2\/types\/post"}],"author":[{"embeddable":true,"href":"https:\/\/blogdoeloiltoncajuhy.com.br\/site\/wp-json\/wp\/v2\/users\/2"}],"replies":[{"embeddable":true,"href":"https:\/\/blogdoeloiltoncajuhy.com.br\/site\/wp-json\/wp\/v2\/comments?post=13040"}],"version-history":[{"count":2,"href":"https:\/\/blogdoeloiltoncajuhy.com.br\/site\/wp-json\/wp\/v2\/posts\/13040\/revisions"}],"predecessor-version":[{"id":13046,"href":"https:\/\/blogdoeloiltoncajuhy.com.br\/site\/wp-json\/wp\/v2\/posts\/13040\/revisions\/13046"}],"wp:featuredmedia":[{"embeddable":true,"href":"https:\/\/blogdoeloiltoncajuhy.com.br\/site\/wp-json\/wp\/v2\/media\/13044"}],"wp:attachment":[{"href":"https:\/\/blogdoeloiltoncajuhy.com.br\/site\/wp-json\/wp\/v2\/media?parent=13040"}],"wp:term":[{"taxonomy":"category","embeddable":true,"href":"https:\/\/blogdoeloiltoncajuhy.com.br\/site\/wp-json\/wp\/v2\/categories?post=13040"},{"taxonomy":"post_tag","embeddable":true,"href":"https:\/\/blogdoeloiltoncajuhy.com.br\/site\/wp-json\/wp\/v2\/tags?post=13040"}],"curies":[{"name":"wp","href":"https:\/\/api.w.org\/{rel}","templated":true}]}}