{"id":13037,"date":"2016-10-26T11:16:44","date_gmt":"2016-10-26T14:16:44","guid":{"rendered":"http:\/\/blogdoeloiltoncajuhy.com.br\/site\/?p=13037"},"modified":"2016-10-26T11:16:44","modified_gmt":"2016-10-26T14:16:44","slug":"politica-adolfo-menezes-e-alternativa-para-presidencia-da-al-ba-mas-acredita-em-hexa-de-nilo","status":"publish","type":"post","link":"https:\/\/blogdoeloiltoncajuhy.com.br\/site\/politica-adolfo-menezes-e-alternativa-para-presidencia-da-al-ba-mas-acredita-em-hexa-de-nilo\/","title":{"rendered":"POL\u00cdTICA: Adolfo Menezes \u00e9 alternativa para presid\u00eancia da AL-BA, mas acredita em \u2018hexa\u2019 de Nilo"},"content":{"rendered":"<figure id=\"attachment_13038\" aria-describedby=\"caption-attachment-13038\" style=\"width: 380px\" class=\"wp-caption alignleft\"><a href=\"https:\/\/i0.wp.com\/blogdoeloiltoncajuhy.com.br\/site\/wp-content\/uploads\/2016\/10\/adolfo-menezes.jpg\"><img data-recalc-dims=\"1\" fetchpriority=\"high\" decoding=\"async\" class=\"wp-image-13038 size-full\" src=\"https:\/\/i0.wp.com\/blogdoeloiltoncajuhy.com.br\/site\/wp-content\/uploads\/2016\/10\/adolfo-menezes.jpg?resize=380%2C280\" alt=\"adolfo-menezes\" width=\"380\" height=\"280\" srcset=\"https:\/\/i0.wp.com\/blogdoeloiltoncajuhy.com.br\/site\/wp-content\/uploads\/2016\/10\/adolfo-menezes.jpg?w=380&amp;ssl=1 380w, https:\/\/i0.wp.com\/blogdoeloiltoncajuhy.com.br\/site\/wp-content\/uploads\/2016\/10\/adolfo-menezes.jpg?resize=300%2C221&amp;ssl=1 300w, https:\/\/i0.wp.com\/blogdoeloiltoncajuhy.com.br\/site\/wp-content\/uploads\/2016\/10\/adolfo-menezes.jpg?resize=250%2C184&amp;ssl=1 250w\" sizes=\"(max-width: 380px) 100vw, 380px\" \/><\/a><figcaption id=\"caption-attachment-13038\" class=\"wp-caption-text\">Foto: Divulga\u00e7\u00e3o \/ AL-BA<\/figcaption><\/figure>\n<p>A disputa pela presid\u00eancia da Assembleia Legislativa da Bahia (AL-BA) ainda n\u00e3o come\u00e7ou oficialmente, mas nos bastidores j\u00e1 se discute quais ser\u00e3o as eventuais op\u00e7\u00f5es para a elei\u00e7\u00e3o de 2017.<\/p>\n<p>Apesar das perspectivas de um candidato da oposi\u00e7\u00e3o, os parlamentares acreditam que dificilmente um nome de fora da bancada governista teria chances, j\u00e1 que a base do governador Rui Costa (PT) tem maioria garantida \u2013 s\u00e3o 42 dos 63 parlamentares eleitos.<\/p>\n<p>Ao mesmo tempo, os pr\u00f3prios apoiadores do governo do estado duvidam que um candidato do PT teria chance de pleitear a vaga, por integrar o mesmo partido do governador \u2013 principalmente ap\u00f3s as recorrentes cr\u00edticas de que a Casa atua como uma \u201csecretaria\u201d do Executivo.<\/p>\n<p>O nome do atual presidente, deputado estadual Marcelo Nilo (PSL), continua como o mais forte entre os parlamentares, mas n\u00e3o apenas por um reconhecimento de sua gest\u00e3o. Apesar de desgastado ap\u00f3s cinco mandatos \u00e0 frente da AL-BA, Nilo tende a atender aos pedidos dos colegas de Casa e dificilmente se envolve em um confronto direto, mesmo nos momentos mais pol\u00eamicos. Al\u00e9m disso, \u00e9 um dos que mais conhece os detalhes e as brechas do Regimento Interno da Casa \u2013 constantemente citado pelos parlamentares.<\/p>\n<p>Nos bastidores, mesmo aqueles que acreditam que a altern\u00e2ncia de poder \u00e9 algo positivo, avaliam que faltam op\u00e7\u00f5es para substituir Nilo. Um dos poucos nomes aventados como alternativa \u00e9 o de Adolfo Menezes (PSD). Pr\u00f3ximo a Nilo e com bom tr\u00e2nsito entre as bancadas de governo e oposi\u00e7\u00e3o, Menezes tamb\u00e9m conhece o regimento e frequentemente preside as sess\u00f5es \u2013 por ser vice-presidente da Mesa Diretora.<\/p>\n<p>Procurado pelo <strong>Bahia Not\u00edcias<\/strong>, contudo, o parlamentar derivou: \u201cEu me sinto muito honrado. Talvez pelo relacionamento que eu tenho com todos aqui na Casa, sou amigo de todos do governo e da oposi\u00e7\u00e3o. Talvez seja por isso e pela proximidade com o deputado Marcelo Nilo. Agora eu n\u00e3o sei se quando ele deixar de ser presidente eu ainda vou ter sa\u00fade para pleitear a presid\u00eancia\u201d, brincou.<\/p>\n<p>Ainda assim, o vice-presidente acredita em uma nova tentativa de reelei\u00e7\u00e3o do colega e defende que \u201cas coisas acontecem no seu dia\u201d. \u201cEu acredito que o presidente Marcelo Nilo vai tentar novamente. Eu n\u00e3o ouvi nada dele, apesar de estar com ele todos os dias. Eu acredito que ele vai querer ser hexa. Mas de qualquer forma \u00e9 uma honra ter pelo menos o nome cogitado para t\u00e3o importante cargo\u201d, concluiu.<\/p>\n<p><em>*Bahia Not\u00edcias<\/em><\/p>\n","protected":false},"excerpt":{"rendered":"<p>A disputa pela presid\u00eancia da Assembleia Legislativa da Bahia (AL-BA) ainda n\u00e3o come\u00e7ou oficialmente, mas nos bastidores j\u00e1 se discute quais ser\u00e3o as eventuais op\u00e7\u00f5es para a elei\u00e7\u00e3o de 2017. Apesar das perspectivas de um candidato da oposi\u00e7\u00e3o, os parlamentares acreditam que dificilmente um nome de fora da bancada governista teria chances, j\u00e1 que a [&hellip;]<\/p>\n","protected":false},"author":2,"featured_media":13038,"comment_status":"open","ping_status":"open","sticky":false,"template":"","format":"standard","meta":{"_acf_changed":false,"_monsterinsights_skip_tracking":false,"_monsterinsights_sitenote_active":false,"_monsterinsights_sitenote_note":"","_monsterinsights_sitenote_category":0,"_jetpack_memberships_contains_paid_content":false,"footnotes":"","jetpack_publicize_message":"","jetpack_publicize_feature_enabled":true,"jetpack_social_post_already_shared":true,"jetpack_social_options":{"image_generator_settings":{"template":"highway","default_image_id":0,"font":"","enabled":false},"version":2}},"categories":[1,3],"tags":[],"class_list":["post-13037","post","type-post","status-publish","format-standard","has-post-thumbnail","hentry","category-noticias","category-politica"],"acf":[],"jetpack_publicize_connections":[],"jetpack_featured_media_url":"https:\/\/i0.wp.com\/blogdoeloiltoncajuhy.com.br\/site\/wp-content\/uploads\/2016\/10\/adolfo-menezes.jpg?fit=380%2C280&ssl=1","jetpack_sharing_enabled":true,"publishpress_future_workflow_manual_trigger":{"enabledWorkflows":[]},"_links":{"self":[{"href":"https:\/\/blogdoeloiltoncajuhy.com.br\/site\/wp-json\/wp\/v2\/posts\/13037","targetHints":{"allow":["GET"]}}],"collection":[{"href":"https:\/\/blogdoeloiltoncajuhy.com.br\/site\/wp-json\/wp\/v2\/posts"}],"about":[{"href":"https:\/\/blogdoeloiltoncajuhy.com.br\/site\/wp-json\/wp\/v2\/types\/post"}],"author":[{"embeddable":true,"href":"https:\/\/blogdoeloiltoncajuhy.com.br\/site\/wp-json\/wp\/v2\/users\/2"}],"replies":[{"embeddable":true,"href":"https:\/\/blogdoeloiltoncajuhy.com.br\/site\/wp-json\/wp\/v2\/comments?post=13037"}],"version-history":[{"count":1,"href":"https:\/\/blogdoeloiltoncajuhy.com.br\/site\/wp-json\/wp\/v2\/posts\/13037\/revisions"}],"predecessor-version":[{"id":13039,"href":"https:\/\/blogdoeloiltoncajuhy.com.br\/site\/wp-json\/wp\/v2\/posts\/13037\/revisions\/13039"}],"wp:featuredmedia":[{"embeddable":true,"href":"https:\/\/blogdoeloiltoncajuhy.com.br\/site\/wp-json\/wp\/v2\/media\/13038"}],"wp:attachment":[{"href":"https:\/\/blogdoeloiltoncajuhy.com.br\/site\/wp-json\/wp\/v2\/media?parent=13037"}],"wp:term":[{"taxonomy":"category","embeddable":true,"href":"https:\/\/blogdoeloiltoncajuhy.com.br\/site\/wp-json\/wp\/v2\/categories?post=13037"},{"taxonomy":"post_tag","embeddable":true,"href":"https:\/\/blogdoeloiltoncajuhy.com.br\/site\/wp-json\/wp\/v2\/tags?post=13037"}],"curies":[{"name":"wp","href":"https:\/\/api.w.org\/{rel}","templated":true}]}}