{"id":13031,"date":"2016-10-26T07:11:16","date_gmt":"2016-10-26T10:11:16","guid":{"rendered":"http:\/\/blogdoeloiltoncajuhy.com.br\/site\/?p=13031"},"modified":"2016-10-26T07:11:16","modified_gmt":"2016-10-26T10:11:16","slug":"politica-camara-aprova-pec-do-teto-dos-gastos-publicos-em-2o-turno","status":"publish","type":"post","link":"https:\/\/blogdoeloiltoncajuhy.com.br\/site\/politica-camara-aprova-pec-do-teto-dos-gastos-publicos-em-2o-turno\/","title":{"rendered":"POL\u00cdTICA: C\u00e2mara aprova PEC do Teto dos Gastos P\u00fablicos em 2\u00ba turno"},"content":{"rendered":"<p style=\"text-align: center;\"><em><strong>Texto estabelece um limite para os gastos federais para os pr\u00f3ximos 20 anos. A proposta seguir\u00e1 para vota\u00e7\u00e3o no Senado<\/strong><\/em><\/p>\n<figure id=\"attachment_13032\" aria-describedby=\"caption-attachment-13032\" style=\"width: 500px\" class=\"wp-caption aligncenter\"><a href=\"https:\/\/i0.wp.com\/blogdoeloiltoncajuhy.com.br\/site\/wp-content\/uploads\/2016\/10\/pec-241-e1477476625650.jpg\"><img data-recalc-dims=\"1\" fetchpriority=\"high\" decoding=\"async\" class=\"wp-image-13032 size-full\" src=\"https:\/\/i0.wp.com\/blogdoeloiltoncajuhy.com.br\/site\/wp-content\/uploads\/2016\/10\/pec-241-e1477476625650.jpg?resize=500%2C328\" alt=\"pec-241\" width=\"500\" height=\"328\" \/><\/a><figcaption id=\"caption-attachment-13032\" class=\"wp-caption-text\">Deputados analisaram a proposta ao longo de cerca de 14 horas de sess\u00f5es consecutivas no Plen\u00e1rio (Foto: Luiz Macedo\/C\u00e2mara dos Deputados)<\/figcaption><\/figure>\n<p>O Plen\u00e1rio da C\u00e2mara dos Deputados aprovou na madrugada desta quarta-feira (26), em segundo turno, a PEC do Teto dos Gastos P\u00fablicos (Proposta de Emenda \u00e0 Constitui\u00e7\u00e3o 241\/16), que estabelece um limite para os gastos federais para os pr\u00f3ximos 20 anos, corrigindo-os pela infla\u00e7\u00e3o acumulada do \u00cdndice Nacional de Pre\u00e7os ao Consumidor Amplo (IPCA).<\/p>\n<p>A mat\u00e9ria, de iniciativa do Poder Executivo, foi aprovada por 359 votos a 116, qu\u00f3rum semelhante ao de primeiro turno (366 a 111), e ser\u00e1 analisada agora pelo Senado.<\/p>\n<p>De acordo com o substitutivo aprovado, do deputado Darc\u00edsio Perondi (PMDB-RS), o chamado novo regime fiscal valer\u00e1 para os or\u00e7amentos Fiscal e da Seguridade e para todos os \u00f3rg\u00e3os e Poderes.<\/p>\n<p>O texto cria limites individualizados para: Poder Executivo; tribunais e Conselho Nacional de Justi\u00e7a no Judici\u00e1rio; Senado, C\u00e2mara dos Deputados e Tribunal de Contas da Uni\u00e3o (TCU) no Legislativo; Minist\u00e9rio P\u00fablico da Uni\u00e3o e Conselho Nacional do Minist\u00e9rio P\u00fablico; e Defensoria P\u00fablica da Uni\u00e3o.<\/p>\n<p><strong>Altera\u00e7\u00f5es rejeitadas<\/strong><br \/>\nDurante cerca de 14 horas de sess\u00f5es consecutivas, o Plen\u00e1rio rejeitou todos os destaques apresentados pela oposi\u00e7\u00e3o que pediam a supress\u00e3o de v\u00e1rios itens do texto.<\/p>\n<p>Os principais destaques rejeitados pretendiam excluir as restri\u00e7\u00f5es previstas para o \u00f3rg\u00e3o ou Poder que descumprir o limite de gastos, como pagamentos de aumentos salariais ou aumento de aux\u00edlios a servidores; permitir a revis\u00e3o dos limites antes de dez anos; e excluir os gastos m\u00ednimo com sa\u00fade desses limites.<\/p>\n<p><strong>Regra geral<\/strong><br \/>\nNa regra geral, para 2017 o limite de cada um dos \u00f3rg\u00e3os ou Poderes ser\u00e1 a despesa prim\u00e1ria (aquela que exclui os juros da d\u00edvida) paga em 2016, somada aos chamados restos a pagar de antes de 2015 quitados neste ano (pagamento feito em atraso por servi\u00e7o ou bem efetivamente prestado) e demais opera\u00e7\u00f5es que afetam o resultado prim\u00e1rio, com corre\u00e7\u00e3o desse total por 7,2%. Esse \u00edndice \u00e9 uma proje\u00e7\u00e3o da infla\u00e7\u00e3o de 2016 constante do projeto de lei or\u00e7ament\u00e1ria de 2017. O acumulado at\u00e9 setembro \u00e9 de 5,51%.<\/p>\n<p>De 2018 em diante, o limite ser\u00e1 o do ano anterior corrigido pela varia\u00e7\u00e3o do IPCA de 12 meses do per\u00edodo encerrado em junho do ano anterior. No caso de 2018, por exemplo, a infla\u00e7\u00e3o usada ser\u00e1 a colhida entre julho de 2016 e junho de 2017.<\/p>\n<p><em>*Ag\u00eancia C\u00e2mara<\/em><\/p>\n","protected":false},"excerpt":{"rendered":"<p>Texto estabelece um limite para os gastos federais para os pr\u00f3ximos 20 anos. A proposta seguir\u00e1 para vota\u00e7\u00e3o no Senado O Plen\u00e1rio da C\u00e2mara dos Deputados aprovou na madrugada desta quarta-feira (26), em segundo turno, a PEC do Teto dos Gastos P\u00fablicos (Proposta de Emenda \u00e0 Constitui\u00e7\u00e3o 241\/16), que estabelece um limite para os gastos [&hellip;]<\/p>\n","protected":false},"author":2,"featured_media":13032,"comment_status":"open","ping_status":"open","sticky":false,"template":"","format":"standard","meta":{"_acf_changed":false,"_monsterinsights_skip_tracking":false,"_monsterinsights_sitenote_active":false,"_monsterinsights_sitenote_note":"","_monsterinsights_sitenote_category":0,"_jetpack_memberships_contains_paid_content":false,"footnotes":"","jetpack_publicize_message":"","jetpack_publicize_feature_enabled":true,"jetpack_social_post_already_shared":true,"jetpack_social_options":{"image_generator_settings":{"template":"highway","default_image_id":0,"font":"","enabled":false},"version":2}},"categories":[1,3],"tags":[],"class_list":["post-13031","post","type-post","status-publish","format-standard","has-post-thumbnail","hentry","category-noticias","category-politica"],"acf":[],"jetpack_publicize_connections":[],"jetpack_featured_media_url":"https:\/\/i0.wp.com\/blogdoeloiltoncajuhy.com.br\/site\/wp-content\/uploads\/2016\/10\/pec-241-e1477476625650.jpg?fit=500%2C328&ssl=1","jetpack_sharing_enabled":true,"publishpress_future_workflow_manual_trigger":{"enabledWorkflows":[]},"_links":{"self":[{"href":"https:\/\/blogdoeloiltoncajuhy.com.br\/site\/wp-json\/wp\/v2\/posts\/13031","targetHints":{"allow":["GET"]}}],"collection":[{"href":"https:\/\/blogdoeloiltoncajuhy.com.br\/site\/wp-json\/wp\/v2\/posts"}],"about":[{"href":"https:\/\/blogdoeloiltoncajuhy.com.br\/site\/wp-json\/wp\/v2\/types\/post"}],"author":[{"embeddable":true,"href":"https:\/\/blogdoeloiltoncajuhy.com.br\/site\/wp-json\/wp\/v2\/users\/2"}],"replies":[{"embeddable":true,"href":"https:\/\/blogdoeloiltoncajuhy.com.br\/site\/wp-json\/wp\/v2\/comments?post=13031"}],"version-history":[{"count":1,"href":"https:\/\/blogdoeloiltoncajuhy.com.br\/site\/wp-json\/wp\/v2\/posts\/13031\/revisions"}],"predecessor-version":[{"id":13033,"href":"https:\/\/blogdoeloiltoncajuhy.com.br\/site\/wp-json\/wp\/v2\/posts\/13031\/revisions\/13033"}],"wp:featuredmedia":[{"embeddable":true,"href":"https:\/\/blogdoeloiltoncajuhy.com.br\/site\/wp-json\/wp\/v2\/media\/13032"}],"wp:attachment":[{"href":"https:\/\/blogdoeloiltoncajuhy.com.br\/site\/wp-json\/wp\/v2\/media?parent=13031"}],"wp:term":[{"taxonomy":"category","embeddable":true,"href":"https:\/\/blogdoeloiltoncajuhy.com.br\/site\/wp-json\/wp\/v2\/categories?post=13031"},{"taxonomy":"post_tag","embeddable":true,"href":"https:\/\/blogdoeloiltoncajuhy.com.br\/site\/wp-json\/wp\/v2\/tags?post=13031"}],"curies":[{"name":"wp","href":"https:\/\/api.w.org\/{rel}","templated":true}]}}