{"id":13023,"date":"2016-10-25T18:19:13","date_gmt":"2016-10-25T21:19:13","guid":{"rendered":"http:\/\/blogdoeloiltoncajuhy.com.br\/site\/?p=13023"},"modified":"2016-10-25T19:13:16","modified_gmt":"2016-10-25T22:13:16","slug":"esportes-equipe-de-wanderson-sertao-traz-medalhas-do-pan-americano-de-jiu-jitsu-profissional-2016","status":"publish","type":"post","link":"https:\/\/blogdoeloiltoncajuhy.com.br\/site\/esportes-equipe-de-wanderson-sertao-traz-medalhas-do-pan-americano-de-jiu-jitsu-profissional-2016\/","title":{"rendered":"ESPORTES: Equipe de Wanderson Sert\u00e3o traz medalhas do Pan-americano de Jiu-jitsu Profissional 2016"},"content":{"rendered":"<p><a href=\"https:\/\/i0.wp.com\/blogdoeloiltoncajuhy.com.br\/site\/wp-content\/uploads\/2016\/10\/wandinho.jpg\"><img data-recalc-dims=\"1\" fetchpriority=\"high\" decoding=\"async\" class=\"aligncenter wp-image-13029 size-full\" src=\"https:\/\/i0.wp.com\/blogdoeloiltoncajuhy.com.br\/site\/wp-content\/uploads\/2016\/10\/wandinho.jpg?resize=560%2C420\" width=\"560\" height=\"420\" srcset=\"https:\/\/i0.wp.com\/blogdoeloiltoncajuhy.com.br\/site\/wp-content\/uploads\/2016\/10\/wandinho.jpg?w=560&amp;ssl=1 560w, https:\/\/i0.wp.com\/blogdoeloiltoncajuhy.com.br\/site\/wp-content\/uploads\/2016\/10\/wandinho.jpg?resize=300%2C225&amp;ssl=1 300w, https:\/\/i0.wp.com\/blogdoeloiltoncajuhy.com.br\/site\/wp-content\/uploads\/2016\/10\/wandinho.jpg?resize=250%2C188&amp;ssl=1 250w\" sizes=\"(max-width: 560px) 100vw, 560px\" \/><\/a>Os atletas da equipe WS de jiu-jitsu, representando a cidade de Senhor do Bonfim, conquistaram duas medalhas no Pan-americano de Jiu-jitsu Profissional 2016.\u00a0A competi\u00e7\u00e3o, disputada no \u00faltimo dia 23, no Clube N\u00e1utico de Fortaleza-CE, contou com atletas de v\u00e1rios estados brasileiros, bem como, de outros pa\u00edses.<\/p>\n<p>No evento a equipe WS foi representada pelos atletas: Alexsandro Willian Lopes Guimar\u00e3es, Samuel Ferreira da Silva e Wanderson Sert\u00e3o (Mestre).\u00a0O atleta Alexsandro Willian foi destaque na faixa azul conquistando o ouro da categoria galo.<\/p>\n<p>Na faixa preta, o mestre Wanderson Sert\u00e3o, trouxe a medalha de prata da disputada categoria dos meio-pesados master.\u00a0O faixa azul Samuel Ferreira da Silva fez uma bela participa\u00e7\u00e3o no evento, mas em uma luta disputad\u00edssima foi eliminado.<\/p>\n<p>Os atletas representaram nossa cidade, mais uma vez, com bom desempenho, obtendo \u00f3timos resultados numa competi\u00e7\u00e3o de alto n\u00edvel.<\/p>\n","protected":false},"excerpt":{"rendered":"<p>Os atletas da equipe WS de jiu-jitsu, representando a cidade de Senhor do Bonfim, conquistaram duas medalhas no Pan-americano de Jiu-jitsu Profissional 2016.\u00a0A competi\u00e7\u00e3o, disputada no \u00faltimo dia 23, no Clube N\u00e1utico de Fortaleza-CE, contou com atletas de v\u00e1rios estados brasileiros, bem como, de outros pa\u00edses. No evento a equipe WS foi representada pelos atletas: [&hellip;]<\/p>\n","protected":false},"author":2,"featured_media":13029,"comment_status":"open","ping_status":"open","sticky":false,"template":"","format":"standard","meta":{"_acf_changed":false,"_monsterinsights_skip_tracking":false,"_monsterinsights_sitenote_active":false,"_monsterinsights_sitenote_note":"","_monsterinsights_sitenote_category":0,"_jetpack_memberships_contains_paid_content":false,"footnotes":"","jetpack_publicize_message":"","jetpack_publicize_feature_enabled":true,"jetpack_social_post_already_shared":true,"jetpack_social_options":{"image_generator_settings":{"template":"highway","default_image_id":0,"font":"","enabled":false},"version":2}},"categories":[6,1,4],"tags":[],"class_list":["post-13023","post","type-post","status-publish","format-standard","has-post-thumbnail","hentry","category-esportes","category-noticias","category-local"],"acf":[],"jetpack_publicize_connections":[],"jetpack_featured_media_url":"https:\/\/i0.wp.com\/blogdoeloiltoncajuhy.com.br\/site\/wp-content\/uploads\/2016\/10\/wandinho.jpg?fit=560%2C420&ssl=1","jetpack_sharing_enabled":true,"publishpress_future_workflow_manual_trigger":{"enabledWorkflows":[]},"_links":{"self":[{"href":"https:\/\/blogdoeloiltoncajuhy.com.br\/site\/wp-json\/wp\/v2\/posts\/13023","targetHints":{"allow":["GET"]}}],"collection":[{"href":"https:\/\/blogdoeloiltoncajuhy.com.br\/site\/wp-json\/wp\/v2\/posts"}],"about":[{"href":"https:\/\/blogdoeloiltoncajuhy.com.br\/site\/wp-json\/wp\/v2\/types\/post"}],"author":[{"embeddable":true,"href":"https:\/\/blogdoeloiltoncajuhy.com.br\/site\/wp-json\/wp\/v2\/users\/2"}],"replies":[{"embeddable":true,"href":"https:\/\/blogdoeloiltoncajuhy.com.br\/site\/wp-json\/wp\/v2\/comments?post=13023"}],"version-history":[{"count":2,"href":"https:\/\/blogdoeloiltoncajuhy.com.br\/site\/wp-json\/wp\/v2\/posts\/13023\/revisions"}],"predecessor-version":[{"id":13030,"href":"https:\/\/blogdoeloiltoncajuhy.com.br\/site\/wp-json\/wp\/v2\/posts\/13023\/revisions\/13030"}],"wp:featuredmedia":[{"embeddable":true,"href":"https:\/\/blogdoeloiltoncajuhy.com.br\/site\/wp-json\/wp\/v2\/media\/13029"}],"wp:attachment":[{"href":"https:\/\/blogdoeloiltoncajuhy.com.br\/site\/wp-json\/wp\/v2\/media?parent=13023"}],"wp:term":[{"taxonomy":"category","embeddable":true,"href":"https:\/\/blogdoeloiltoncajuhy.com.br\/site\/wp-json\/wp\/v2\/categories?post=13023"},{"taxonomy":"post_tag","embeddable":true,"href":"https:\/\/blogdoeloiltoncajuhy.com.br\/site\/wp-json\/wp\/v2\/tags?post=13023"}],"curies":[{"name":"wp","href":"https:\/\/api.w.org\/{rel}","templated":true}]}}