{"id":13017,"date":"2016-10-25T16:07:47","date_gmt":"2016-10-25T19:07:47","guid":{"rendered":"http:\/\/blogdoeloiltoncajuhy.com.br\/site\/?p=13017"},"modified":"2016-10-25T16:07:47","modified_gmt":"2016-10-25T19:07:47","slug":"cbf-decreta-luto-de-tres-dias-e-abrira-sede-para-velorio-de-carlos-alberto","status":"publish","type":"post","link":"https:\/\/blogdoeloiltoncajuhy.com.br\/site\/cbf-decreta-luto-de-tres-dias-e-abrira-sede-para-velorio-de-carlos-alberto\/","title":{"rendered":"CBF decreta luto de tr\u00eas dias e abrir\u00e1 sede para vel\u00f3rio de Carlos Alberto"},"content":{"rendered":"<p style=\"text-align: center;\"><em><strong>Capit\u00e3o do tricampeonato de 1970 \u00e9 v\u00edtima de infarte no Rio de Janeiro, aos 72 anos. Enterro ser\u00e1 na manh\u00e3 de quarta-feira no Cemit\u00e9rio do Iraj\u00e1<\/strong><\/em><\/p>\n<p style=\"text-align: left;\"><a href=\"https:\/\/i0.wp.com\/blogdoeloiltoncajuhy.com.br\/site\/wp-content\/uploads\/2016\/10\/carlos-alberto-torres1.jpg\"><img data-recalc-dims=\"1\" fetchpriority=\"high\" decoding=\"async\" class=\"size-full wp-image-13018 alignright\" src=\"https:\/\/i0.wp.com\/blogdoeloiltoncajuhy.com.br\/site\/wp-content\/uploads\/2016\/10\/carlos-alberto-torres1.jpg?resize=189%2C274\" alt=\"carlos-alberto-torres1\" width=\"189\" height=\"274\" srcset=\"https:\/\/i0.wp.com\/blogdoeloiltoncajuhy.com.br\/site\/wp-content\/uploads\/2016\/10\/carlos-alberto-torres1.jpg?w=189&amp;ssl=1 189w, https:\/\/i0.wp.com\/blogdoeloiltoncajuhy.com.br\/site\/wp-content\/uploads\/2016\/10\/carlos-alberto-torres1.jpg?resize=172%2C250&amp;ssl=1 172w\" sizes=\"(max-width: 189px) 100vw, 189px\" \/><\/a>A Confedera\u00e7\u00e3o Brasileira de Futebol (CBF) decretou luto oficial de tr\u00eas dias pela morte de Carlos Alberto Torres, capit\u00e3o da Sele\u00e7\u00e3o na conquista da Copa do Mundo de 1970 e afirmou que o vel\u00f3rio do \u00eddolo ser\u00e1 na sede da entidade, aberto para o p\u00fablico. O ex-jogador sofreu um enfarte fulminante nesta ter\u00e7a-feira (25), aos 72 anos, e ser\u00e1 enterrado \u00e0s 11h de quarta no Cemit\u00e9rio do Iraj\u00e1, Zona Norte do Rio de Janeiro.<\/p>\n<p style=\"text-align: left;\">&#8211; Ser\u00e1 aberto ao p\u00fablico e \u00e0 imprensa, como de costume nestes vel\u00f3rios, para que todos prestem suas homenagens. O hor\u00e1rio depender\u00e1 da fam\u00edlia &#8211; disse o secret\u00e1rio-geral da CBF, Walter Feldman.<\/p>\n<p style=\"text-align: left;\">Torres disputou 69 jogos com a amarelinha e teve 54 vit\u00f3rias, seis empates e nove derrotas, com nove gols marcados. Al\u00e9m do Mundial de 70, o ex-lateral-direito conquistou a Copa Rio Branco pela Sele\u00e7\u00e3o em 1968.<\/p>\n<p style=\"text-align: left;\">Al\u00e9m de capit\u00e3o, Torres entrou para a hist\u00f3ria na Copa de 70 por ter marcado o \u00faltimo gol da vit\u00f3ria do Brasil por 4 a 1 na final contra a It\u00e1lia. Ap\u00f3s a partida, eternizou o gesto de levantar a ta\u00e7a Jules Rimet, que ficou em definitivo para a CBF por causa do tri (a ta\u00e7a seria roubada e derretida em 1983).<\/p>\n<p style=\"text-align: left;\"><strong>Confira a nota oficial da CBF:<\/strong><\/p>\n<p style=\"text-align: left;\">&#8220;<em><strong>Com enorme pesar, a CBF lamenta que o mundo do futebol tenha sido surpreendido, nesta ter\u00e7a-feira (25), pelo falecimento de Carlos Alberto Torres. Lenda da Sele\u00e7\u00e3o Brasileira, o Capit\u00e3o do Tricampeonato de 1970 morreu no Rio de Janeiro, v\u00edtima de um infarto. O vel\u00f3rio ser\u00e1 realizado no pr\u00e9dio da CBF, na Barra da Tijuca. Os detalhes ser\u00e3o informados em breve.<\/strong><\/em><\/p>\n<p style=\"text-align: left;\"><em><strong>O presidente da CBF, Marco Polo Del Nero, declarou luto oficial de tr\u00eas dias. As bandeiras da sede da entidade est\u00e3o a meio-mastro. Todas as partidas das competi\u00e7\u00f5es organizadas pela CBF ter\u00e3o 1 minuto de sil\u00eancio.<\/strong><\/em><\/p>\n<p style=\"text-align: left;\"><em><strong>Aos 72 anos, Carlos Alberto Torres deixa um enorme legado de conquistas e colabora\u00e7\u00e3o intensa para o desenvolvimento do nosso futebol. Obrigado, Capita. Sua hist\u00f3ria estar\u00e1 para sempre entre n\u00f3s<\/strong><\/em>&#8220;.<\/p>\n<p style=\"text-align: left;\"><em><a href=\"https:\/\/i0.wp.com\/blogdoeloiltoncajuhy.com.br\/site\/wp-content\/uploads\/2016\/10\/carlos-alberto-torres2.jpg\"><img data-recalc-dims=\"1\" decoding=\"async\" class=\"aligncenter size-full wp-image-13019\" src=\"https:\/\/i0.wp.com\/blogdoeloiltoncajuhy.com.br\/site\/wp-content\/uploads\/2016\/10\/carlos-alberto-torres2.jpg?resize=800%2C451\" alt=\"carlos-alberto-torres2\" width=\"800\" height=\"451\" srcset=\"https:\/\/i0.wp.com\/blogdoeloiltoncajuhy.com.br\/site\/wp-content\/uploads\/2016\/10\/carlos-alberto-torres2.jpg?w=1024&amp;ssl=1 1024w, https:\/\/i0.wp.com\/blogdoeloiltoncajuhy.com.br\/site\/wp-content\/uploads\/2016\/10\/carlos-alberto-torres2.jpg?resize=300%2C169&amp;ssl=1 300w, https:\/\/i0.wp.com\/blogdoeloiltoncajuhy.com.br\/site\/wp-content\/uploads\/2016\/10\/carlos-alberto-torres2.jpg?resize=768%2C433&amp;ssl=1 768w, https:\/\/i0.wp.com\/blogdoeloiltoncajuhy.com.br\/site\/wp-content\/uploads\/2016\/10\/carlos-alberto-torres2.jpg?resize=250%2C141&amp;ssl=1 250w\" sizes=\"(max-width: 800px) 100vw, 800px\" \/><\/a>*Por GloboEsporte.com \/\u00a0Rio de Janeiro<\/em><\/p>\n","protected":false},"excerpt":{"rendered":"<p>Capit\u00e3o do tricampeonato de 1970 \u00e9 v\u00edtima de infarte no Rio de Janeiro, aos 72 anos. Enterro ser\u00e1 na manh\u00e3 de quarta-feira no Cemit\u00e9rio do Iraj\u00e1 A Confedera\u00e7\u00e3o Brasileira de Futebol (CBF) decretou luto oficial de tr\u00eas dias pela morte de Carlos Alberto Torres, capit\u00e3o da Sele\u00e7\u00e3o na conquista da Copa do Mundo de 1970 [&hellip;]<\/p>\n","protected":false},"author":2,"featured_media":13019,"comment_status":"open","ping_status":"open","sticky":false,"template":"","format":"standard","meta":{"_acf_changed":false,"_monsterinsights_skip_tracking":false,"_monsterinsights_sitenote_active":false,"_monsterinsights_sitenote_note":"","_monsterinsights_sitenote_category":0,"_jetpack_memberships_contains_paid_content":false,"footnotes":"","jetpack_publicize_message":"","jetpack_publicize_feature_enabled":true,"jetpack_social_post_already_shared":true,"jetpack_social_options":{"image_generator_settings":{"template":"highway","default_image_id":0,"font":"","enabled":false},"version":2}},"categories":[6,1],"tags":[],"class_list":["post-13017","post","type-post","status-publish","format-standard","has-post-thumbnail","hentry","category-esportes","category-noticias"],"acf":[],"jetpack_publicize_connections":[],"jetpack_featured_media_url":"https:\/\/i0.wp.com\/blogdoeloiltoncajuhy.com.br\/site\/wp-content\/uploads\/2016\/10\/carlos-alberto-torres2.jpg?fit=1024%2C577&ssl=1","jetpack_sharing_enabled":true,"publishpress_future_workflow_manual_trigger":{"enabledWorkflows":[]},"_links":{"self":[{"href":"https:\/\/blogdoeloiltoncajuhy.com.br\/site\/wp-json\/wp\/v2\/posts\/13017","targetHints":{"allow":["GET"]}}],"collection":[{"href":"https:\/\/blogdoeloiltoncajuhy.com.br\/site\/wp-json\/wp\/v2\/posts"}],"about":[{"href":"https:\/\/blogdoeloiltoncajuhy.com.br\/site\/wp-json\/wp\/v2\/types\/post"}],"author":[{"embeddable":true,"href":"https:\/\/blogdoeloiltoncajuhy.com.br\/site\/wp-json\/wp\/v2\/users\/2"}],"replies":[{"embeddable":true,"href":"https:\/\/blogdoeloiltoncajuhy.com.br\/site\/wp-json\/wp\/v2\/comments?post=13017"}],"version-history":[{"count":1,"href":"https:\/\/blogdoeloiltoncajuhy.com.br\/site\/wp-json\/wp\/v2\/posts\/13017\/revisions"}],"predecessor-version":[{"id":13020,"href":"https:\/\/blogdoeloiltoncajuhy.com.br\/site\/wp-json\/wp\/v2\/posts\/13017\/revisions\/13020"}],"wp:featuredmedia":[{"embeddable":true,"href":"https:\/\/blogdoeloiltoncajuhy.com.br\/site\/wp-json\/wp\/v2\/media\/13019"}],"wp:attachment":[{"href":"https:\/\/blogdoeloiltoncajuhy.com.br\/site\/wp-json\/wp\/v2\/media?parent=13017"}],"wp:term":[{"taxonomy":"category","embeddable":true,"href":"https:\/\/blogdoeloiltoncajuhy.com.br\/site\/wp-json\/wp\/v2\/categories?post=13017"},{"taxonomy":"post_tag","embeddable":true,"href":"https:\/\/blogdoeloiltoncajuhy.com.br\/site\/wp-json\/wp\/v2\/tags?post=13017"}],"curies":[{"name":"wp","href":"https:\/\/api.w.org\/{rel}","templated":true}]}}