{"id":13014,"date":"2016-10-25T07:19:37","date_gmt":"2016-10-25T10:19:37","guid":{"rendered":"http:\/\/blogdoeloiltoncajuhy.com.br\/site\/?p=13014"},"modified":"2016-10-25T07:19:37","modified_gmt":"2016-10-25T10:19:37","slug":"bonfim-preso-mais-um-suspeito-de-envolvimento-com-a-morte-do-vigilante-do-inema","status":"publish","type":"post","link":"https:\/\/blogdoeloiltoncajuhy.com.br\/site\/bonfim-preso-mais-um-suspeito-de-envolvimento-com-a-morte-do-vigilante-do-inema\/","title":{"rendered":"BONFIM: Preso mais um suspeito de envolvimento com a morte do vigilante do INEMA"},"content":{"rendered":"<figure id=\"attachment_13015\" aria-describedby=\"caption-attachment-13015\" style=\"width: 315px\" class=\"wp-caption aligncenter\"><a href=\"https:\/\/i0.wp.com\/blogdoeloiltoncajuhy.com.br\/site\/wp-content\/uploads\/2016\/10\/raimundo-correia-assun%C3%A7%C3%A3o-e1477390706164.jpg\"><img data-recalc-dims=\"1\" fetchpriority=\"high\" decoding=\"async\" class=\"wp-image-13015 size-full\" src=\"https:\/\/i0.wp.com\/blogdoeloiltoncajuhy.com.br\/site\/wp-content\/uploads\/2016\/10\/raimundo-correia-assun%C3%A7%C3%A3o-e1477390706164.jpg?resize=315%2C560\" alt=\"raimundo-correia-assuncao\" width=\"315\" height=\"560\" \/><\/a><figcaption id=\"caption-attachment-13015\" class=\"wp-caption-text\">Raimundo Correia acusado de envolvimento na morte do vigilante do INEMA (Foto: Pol\u00edcia Civil)<\/figcaption><\/figure>\n<p>Foi preso por policiais civis da 19\u00aa COORPIN, nesta segunda-feira (24), <strong>Raimundo Correia Assun\u00e7\u00e3o<\/strong>, de 23 anos, residente em Senhor do Bonfim, acusado de envolvimento na morte de <strong>Luiz Carlos Ferreira de Oliveira<\/strong>, 54 anos, fato ocorrido no dia 23 de dezembro do ano passado (<a href=\"http:\/\/blogdoeloiltoncajuhy.com.br\/site\/policia-de-bonfim-investiga-morte-de-vigilante-do-inema\/\"><strong>clique aqui<\/strong><\/a> e relembre o caso).<\/p>\n<p>Ainda de acordo com a Pol\u00edcia Civil, a Justi\u00e7a j\u00e1 havia expedido Mandado de Pris\u00e3o Tempor\u00e1ria contra Raimundo Correia, ap\u00f3s representa\u00e7\u00e3o da Autoridade Policial. O latroc\u00ednio, ou seja, roubo seguido de morte, foi praticado no dia 23 de dezembro do ano passado, no bairro Casas Populares, no pr\u00e9dio do INEMA, em Senhor do Bonfim.<\/p>\n<p>O suposto autor, Raimundo Correia Assun\u00e7\u00e3o, segundo a pol\u00edcia, j\u00e1 foi preso por roubo na cidade de Iguatu-CE, e est\u00e1 morando em Senhor do Bonfim h\u00e1 quase 3 anos. Ele encontra-se preso na Carceragem da 1\u00aa Delegacia Territorial, a disposi\u00e7\u00e3o da Justi\u00e7a.<\/p>\n<p>No \u00faltimo dia 11 deste m\u00eas, a Pol\u00edcia Civil de Bonfim prendeu outro envolvido no caso:\u00a0<strong>Rafael Marques Concei\u00e7\u00e3o<\/strong>, o \u201c<strong>Rafinha<\/strong>\u201c, que tamb\u00e9m encontra-se recolhido no Complexo Policial \u00e0 disposi\u00e7\u00e3o da Justi\u00e7a da Comarca de Senhor do Bonfim.<\/p>\n<p><em>*BLOG DO ELOILTON CAJUHY &#8211; Com informa\u00e7\u00f5es da 19\u00aa COORPIN\/Senhor do Bonfim<\/em><\/p>\n","protected":false},"excerpt":{"rendered":"<p>Foi preso por policiais civis da 19\u00aa COORPIN, nesta segunda-feira (24), Raimundo Correia Assun\u00e7\u00e3o, de 23 anos, residente em Senhor do Bonfim, acusado de envolvimento na morte de Luiz Carlos Ferreira de Oliveira, 54 anos, fato ocorrido no dia 23 de dezembro do ano passado (clique aqui e relembre o caso). Ainda de acordo com [&hellip;]<\/p>\n","protected":false},"author":2,"featured_media":13015,"comment_status":"open","ping_status":"open","sticky":false,"template":"","format":"standard","meta":{"_acf_changed":false,"_monsterinsights_skip_tracking":false,"_monsterinsights_sitenote_active":false,"_monsterinsights_sitenote_note":"","_monsterinsights_sitenote_category":0,"_jetpack_memberships_contains_paid_content":false,"footnotes":"","jetpack_publicize_message":"","jetpack_publicize_feature_enabled":true,"jetpack_social_post_already_shared":true,"jetpack_social_options":{"image_generator_settings":{"template":"highway","default_image_id":0,"font":"","enabled":false},"version":2}},"categories":[5,1,4],"tags":[],"class_list":["post-13014","post","type-post","status-publish","format-standard","has-post-thumbnail","hentry","category-cotidiano","category-noticias","category-local"],"acf":[],"jetpack_publicize_connections":[],"jetpack_featured_media_url":"https:\/\/i0.wp.com\/blogdoeloiltoncajuhy.com.br\/site\/wp-content\/uploads\/2016\/10\/raimundo-correia-assun%C3%A7%C3%A3o-e1477390706164.jpg?fit=315%2C560&ssl=1","jetpack_sharing_enabled":true,"publishpress_future_workflow_manual_trigger":{"enabledWorkflows":[]},"_links":{"self":[{"href":"https:\/\/blogdoeloiltoncajuhy.com.br\/site\/wp-json\/wp\/v2\/posts\/13014","targetHints":{"allow":["GET"]}}],"collection":[{"href":"https:\/\/blogdoeloiltoncajuhy.com.br\/site\/wp-json\/wp\/v2\/posts"}],"about":[{"href":"https:\/\/blogdoeloiltoncajuhy.com.br\/site\/wp-json\/wp\/v2\/types\/post"}],"author":[{"embeddable":true,"href":"https:\/\/blogdoeloiltoncajuhy.com.br\/site\/wp-json\/wp\/v2\/users\/2"}],"replies":[{"embeddable":true,"href":"https:\/\/blogdoeloiltoncajuhy.com.br\/site\/wp-json\/wp\/v2\/comments?post=13014"}],"version-history":[{"count":1,"href":"https:\/\/blogdoeloiltoncajuhy.com.br\/site\/wp-json\/wp\/v2\/posts\/13014\/revisions"}],"predecessor-version":[{"id":13016,"href":"https:\/\/blogdoeloiltoncajuhy.com.br\/site\/wp-json\/wp\/v2\/posts\/13014\/revisions\/13016"}],"wp:featuredmedia":[{"embeddable":true,"href":"https:\/\/blogdoeloiltoncajuhy.com.br\/site\/wp-json\/wp\/v2\/media\/13015"}],"wp:attachment":[{"href":"https:\/\/blogdoeloiltoncajuhy.com.br\/site\/wp-json\/wp\/v2\/media?parent=13014"}],"wp:term":[{"taxonomy":"category","embeddable":true,"href":"https:\/\/blogdoeloiltoncajuhy.com.br\/site\/wp-json\/wp\/v2\/categories?post=13014"},{"taxonomy":"post_tag","embeddable":true,"href":"https:\/\/blogdoeloiltoncajuhy.com.br\/site\/wp-json\/wp\/v2\/tags?post=13014"}],"curies":[{"name":"wp","href":"https:\/\/api.w.org\/{rel}","templated":true}]}}