{"id":12998,"date":"2016-10-24T10:19:11","date_gmt":"2016-10-24T13:19:11","guid":{"rendered":"http:\/\/blogdoeloiltoncajuhy.com.br\/site\/?p=12998"},"modified":"2016-10-24T10:19:11","modified_gmt":"2016-10-24T13:19:11","slug":"assembleia-geral-vai-discutir-criacao-da-associacao-de-moradores-do-cidade-nova-iii","status":"publish","type":"post","link":"https:\/\/blogdoeloiltoncajuhy.com.br\/site\/assembleia-geral-vai-discutir-criacao-da-associacao-de-moradores-do-cidade-nova-iii\/","title":{"rendered":"Assembleia Geral vai discutir cria\u00e7\u00e3o da Associa\u00e7\u00e3o de Moradores do Cidade Nova III"},"content":{"rendered":"<p><a href=\"https:\/\/i0.wp.com\/blogdoeloiltoncajuhy.com.br\/site\/wp-content\/uploads\/2016\/10\/cidade-nova-III_foto.jpg\"><img data-recalc-dims=\"1\" fetchpriority=\"high\" decoding=\"async\" class=\"aligncenter size-full wp-image-13000\" src=\"https:\/\/i0.wp.com\/blogdoeloiltoncajuhy.com.br\/site\/wp-content\/uploads\/2016\/10\/cidade-nova-III_foto.jpg?resize=480%2C270\" alt=\"cidade-nova-iii_foto\" width=\"480\" height=\"270\" srcset=\"https:\/\/i0.wp.com\/blogdoeloiltoncajuhy.com.br\/site\/wp-content\/uploads\/2016\/10\/cidade-nova-III_foto.jpg?w=480&amp;ssl=1 480w, https:\/\/i0.wp.com\/blogdoeloiltoncajuhy.com.br\/site\/wp-content\/uploads\/2016\/10\/cidade-nova-III_foto.jpg?resize=300%2C169&amp;ssl=1 300w, https:\/\/i0.wp.com\/blogdoeloiltoncajuhy.com.br\/site\/wp-content\/uploads\/2016\/10\/cidade-nova-III_foto.jpg?resize=250%2C141&amp;ssl=1 250w\" sizes=\"(max-width: 480px) 100vw, 480px\" \/><\/a>Uma comiss\u00e3o foi criada por moradores do Residencial Cidade Nova III, em Senhor do Bonfim, para discutir a cria\u00e7\u00e3o de uma associa\u00e7\u00e3o que represente o bairro, que faz parte do Programa Minha Casa, Minha Vida, do Governo Federal.<\/p>\n<p>Esta comiss\u00e3o, ap\u00f3s realizar reuni\u00f5es com moradores, marcou para a pr\u00f3xima quarta-feira (26), a elei\u00e7\u00e3o de sua primeira diretoria.<\/p>\n<p><strong><em>Confira o edital:<\/em><\/strong><\/p>\n<p><a href=\"https:\/\/i0.wp.com\/blogdoeloiltoncajuhy.com.br\/site\/wp-content\/uploads\/2016\/10\/cidade-nova-III.jpg\"><img data-recalc-dims=\"1\" decoding=\"async\" class=\"aligncenter size-full wp-image-12999\" src=\"https:\/\/i0.wp.com\/blogdoeloiltoncajuhy.com.br\/site\/wp-content\/uploads\/2016\/10\/cidade-nova-III.jpg?resize=717%2C721\" alt=\"cidade-nova-iii\" width=\"717\" height=\"721\" srcset=\"https:\/\/i0.wp.com\/blogdoeloiltoncajuhy.com.br\/site\/wp-content\/uploads\/2016\/10\/cidade-nova-III.jpg?w=717&amp;ssl=1 717w, https:\/\/i0.wp.com\/blogdoeloiltoncajuhy.com.br\/site\/wp-content\/uploads\/2016\/10\/cidade-nova-III.jpg?resize=150%2C150&amp;ssl=1 150w, https:\/\/i0.wp.com\/blogdoeloiltoncajuhy.com.br\/site\/wp-content\/uploads\/2016\/10\/cidade-nova-III.jpg?resize=298%2C300&amp;ssl=1 298w, https:\/\/i0.wp.com\/blogdoeloiltoncajuhy.com.br\/site\/wp-content\/uploads\/2016\/10\/cidade-nova-III.jpg?resize=250%2C250&amp;ssl=1 250w, https:\/\/i0.wp.com\/blogdoeloiltoncajuhy.com.br\/site\/wp-content\/uploads\/2016\/10\/cidade-nova-III.jpg?resize=48%2C48&amp;ssl=1 48w\" sizes=\"(max-width: 717px) 100vw, 717px\" \/><\/a><\/p>\n<p><em>*BLOG DO ELOILTON CAJUHY<\/em><\/p>\n","protected":false},"excerpt":{"rendered":"<p>Uma comiss\u00e3o foi criada por moradores do Residencial Cidade Nova III, em Senhor do Bonfim, para discutir a cria\u00e7\u00e3o de uma associa\u00e7\u00e3o que represente o bairro, que faz parte do Programa Minha Casa, Minha Vida, do Governo Federal. Esta comiss\u00e3o, ap\u00f3s realizar reuni\u00f5es com moradores, marcou para a pr\u00f3xima quarta-feira (26), a elei\u00e7\u00e3o de sua [&hellip;]<\/p>\n","protected":false},"author":2,"featured_media":13000,"comment_status":"open","ping_status":"open","sticky":false,"template":"","format":"standard","meta":{"_acf_changed":false,"_monsterinsights_skip_tracking":false,"_monsterinsights_sitenote_active":false,"_monsterinsights_sitenote_note":"","_monsterinsights_sitenote_category":0,"_jetpack_memberships_contains_paid_content":false,"footnotes":"","jetpack_publicize_message":"","jetpack_publicize_feature_enabled":true,"jetpack_social_post_already_shared":true,"jetpack_social_options":{"image_generator_settings":{"template":"highway","default_image_id":0,"font":"","enabled":false},"version":2}},"categories":[1,4],"tags":[],"class_list":["post-12998","post","type-post","status-publish","format-standard","has-post-thumbnail","hentry","category-noticias","category-local"],"acf":[],"jetpack_publicize_connections":[],"jetpack_featured_media_url":"https:\/\/i0.wp.com\/blogdoeloiltoncajuhy.com.br\/site\/wp-content\/uploads\/2016\/10\/cidade-nova-III_foto.jpg?fit=480%2C270&ssl=1","jetpack_sharing_enabled":true,"publishpress_future_workflow_manual_trigger":{"enabledWorkflows":[]},"_links":{"self":[{"href":"https:\/\/blogdoeloiltoncajuhy.com.br\/site\/wp-json\/wp\/v2\/posts\/12998","targetHints":{"allow":["GET"]}}],"collection":[{"href":"https:\/\/blogdoeloiltoncajuhy.com.br\/site\/wp-json\/wp\/v2\/posts"}],"about":[{"href":"https:\/\/blogdoeloiltoncajuhy.com.br\/site\/wp-json\/wp\/v2\/types\/post"}],"author":[{"embeddable":true,"href":"https:\/\/blogdoeloiltoncajuhy.com.br\/site\/wp-json\/wp\/v2\/users\/2"}],"replies":[{"embeddable":true,"href":"https:\/\/blogdoeloiltoncajuhy.com.br\/site\/wp-json\/wp\/v2\/comments?post=12998"}],"version-history":[{"count":1,"href":"https:\/\/blogdoeloiltoncajuhy.com.br\/site\/wp-json\/wp\/v2\/posts\/12998\/revisions"}],"predecessor-version":[{"id":13001,"href":"https:\/\/blogdoeloiltoncajuhy.com.br\/site\/wp-json\/wp\/v2\/posts\/12998\/revisions\/13001"}],"wp:featuredmedia":[{"embeddable":true,"href":"https:\/\/blogdoeloiltoncajuhy.com.br\/site\/wp-json\/wp\/v2\/media\/13000"}],"wp:attachment":[{"href":"https:\/\/blogdoeloiltoncajuhy.com.br\/site\/wp-json\/wp\/v2\/media?parent=12998"}],"wp:term":[{"taxonomy":"category","embeddable":true,"href":"https:\/\/blogdoeloiltoncajuhy.com.br\/site\/wp-json\/wp\/v2\/categories?post=12998"},{"taxonomy":"post_tag","embeddable":true,"href":"https:\/\/blogdoeloiltoncajuhy.com.br\/site\/wp-json\/wp\/v2\/tags?post=12998"}],"curies":[{"name":"wp","href":"https:\/\/api.w.org\/{rel}","templated":true}]}}