{"id":12994,"date":"2016-10-24T10:08:27","date_gmt":"2016-10-24T13:08:27","guid":{"rendered":"http:\/\/blogdoeloiltoncajuhy.com.br\/site\/?p=12994"},"modified":"2016-10-24T10:08:27","modified_gmt":"2016-10-24T13:08:27","slug":"bonfim-corpo-do-empresario-cesar-meireles-sera-sepultado-hoje","status":"publish","type":"post","link":"https:\/\/blogdoeloiltoncajuhy.com.br\/site\/bonfim-corpo-do-empresario-cesar-meireles-sera-sepultado-hoje\/","title":{"rendered":"BONFIM: Corpo do empres\u00e1rio C\u00e9sar Meireles ser\u00e1 sepultado hoje"},"content":{"rendered":"<p><a href=\"https:\/\/i0.wp.com\/blogdoeloiltoncajuhy.com.br\/site\/wp-content\/uploads\/2016\/10\/meireles2.jpg\"><img data-recalc-dims=\"1\" fetchpriority=\"high\" decoding=\"async\" class=\"size-full wp-image-12996 alignleft\" src=\"https:\/\/i0.wp.com\/blogdoeloiltoncajuhy.com.br\/site\/wp-content\/uploads\/2016\/10\/meireles2.jpg?resize=219%2C300\" alt=\"meireles2\" width=\"219\" height=\"300\" srcset=\"https:\/\/i0.wp.com\/blogdoeloiltoncajuhy.com.br\/site\/wp-content\/uploads\/2016\/10\/meireles2.jpg?w=219&amp;ssl=1 219w, https:\/\/i0.wp.com\/blogdoeloiltoncajuhy.com.br\/site\/wp-content\/uploads\/2016\/10\/meireles2.jpg?resize=183%2C250&amp;ssl=1 183w\" sizes=\"(max-width: 219px) 100vw, 219px\" \/><\/a>Ser\u00e1 sepultado logo mais \u00e0s 11h desta segunda-feira (24), no Cemit\u00e9rio S\u00e3o L\u00e1zaro, nesta cidade, o corpo do empres\u00e1rio bonfinense Luiz C\u00e9sar Meireles, de 63 anos.<\/p>\n<p>Segundo informa\u00e7\u00f5es do <strong>Blog do Cleber Vieira<\/strong>, Meireles morreu por volta das 11h40 deste domingo (23), em sua resid\u00eancia na cidade de Juazeiro.<\/p>\n<p>Na d\u00e9cada de 1980, ele trabalhou na antiga Carovel, concession\u00e1ria Ford em Senhor do Bonfim.<\/p>\n<p>Em 1988, foi candidato a prefeito de Senhor do Bonfim, sendo apoiado pelo ex-prefeito e tamb\u00e9m falecido C\u00e2ndido Augusto Martins.<\/p>\n<p>J\u00e1 foi representante da editora FTD, ultimamente mantinha um blog na internet, intitulado <strong>Blog do Meireles<\/strong>, e promovia produ\u00e7\u00f5es teatrais com artistas famosos, ao lado de sua esposa Ana Kelly Meireles.<\/p>\n<figure id=\"attachment_12995\" aria-describedby=\"caption-attachment-12995\" style=\"width: 302px\" class=\"wp-caption aligncenter\"><a href=\"https:\/\/i0.wp.com\/blogdoeloiltoncajuhy.com.br\/site\/wp-content\/uploads\/2016\/10\/meireles1.jpg\"><img data-recalc-dims=\"1\" decoding=\"async\" class=\"wp-image-12995 size-full\" src=\"https:\/\/i0.wp.com\/blogdoeloiltoncajuhy.com.br\/site\/wp-content\/uploads\/2016\/10\/meireles1.jpg?resize=302%2C536\" alt=\"meireles1\" width=\"302\" height=\"536\" srcset=\"https:\/\/i0.wp.com\/blogdoeloiltoncajuhy.com.br\/site\/wp-content\/uploads\/2016\/10\/meireles1.jpg?w=302&amp;ssl=1 302w, https:\/\/i0.wp.com\/blogdoeloiltoncajuhy.com.br\/site\/wp-content\/uploads\/2016\/10\/meireles1.jpg?resize=169%2C300&amp;ssl=1 169w, https:\/\/i0.wp.com\/blogdoeloiltoncajuhy.com.br\/site\/wp-content\/uploads\/2016\/10\/meireles1.jpg?resize=141%2C250&amp;ssl=1 141w\" sizes=\"(max-width: 302px) 100vw, 302px\" \/><\/a><figcaption id=\"caption-attachment-12995\" class=\"wp-caption-text\">Meireles e a esposa Ana Kelly<\/figcaption><\/figure>\n<p><em>*BLOG DO ELOILTON CAJUHY<\/em><\/p>\n","protected":false},"excerpt":{"rendered":"<p>Ser\u00e1 sepultado logo mais \u00e0s 11h desta segunda-feira (24), no Cemit\u00e9rio S\u00e3o L\u00e1zaro, nesta cidade, o corpo do empres\u00e1rio bonfinense Luiz C\u00e9sar Meireles, de 63 anos. Segundo informa\u00e7\u00f5es do Blog do Cleber Vieira, Meireles morreu por volta das 11h40 deste domingo (23), em sua resid\u00eancia na cidade de Juazeiro. Na d\u00e9cada de 1980, ele trabalhou [&hellip;]<\/p>\n","protected":false},"author":2,"featured_media":12996,"comment_status":"open","ping_status":"open","sticky":false,"template":"","format":"standard","meta":{"_acf_changed":false,"_monsterinsights_skip_tracking":false,"_monsterinsights_sitenote_active":false,"_monsterinsights_sitenote_note":"","_monsterinsights_sitenote_category":0,"_jetpack_memberships_contains_paid_content":false,"footnotes":"","jetpack_publicize_message":"","jetpack_publicize_feature_enabled":true,"jetpack_social_post_already_shared":true,"jetpack_social_options":{"image_generator_settings":{"template":"highway","default_image_id":0,"font":"","enabled":false},"version":2}},"categories":[1,4],"tags":[],"class_list":["post-12994","post","type-post","status-publish","format-standard","has-post-thumbnail","hentry","category-noticias","category-local"],"acf":[],"jetpack_publicize_connections":[],"jetpack_featured_media_url":"https:\/\/i0.wp.com\/blogdoeloiltoncajuhy.com.br\/site\/wp-content\/uploads\/2016\/10\/meireles2.jpg?fit=219%2C300&ssl=1","jetpack_sharing_enabled":true,"publishpress_future_workflow_manual_trigger":{"enabledWorkflows":[]},"_links":{"self":[{"href":"https:\/\/blogdoeloiltoncajuhy.com.br\/site\/wp-json\/wp\/v2\/posts\/12994","targetHints":{"allow":["GET"]}}],"collection":[{"href":"https:\/\/blogdoeloiltoncajuhy.com.br\/site\/wp-json\/wp\/v2\/posts"}],"about":[{"href":"https:\/\/blogdoeloiltoncajuhy.com.br\/site\/wp-json\/wp\/v2\/types\/post"}],"author":[{"embeddable":true,"href":"https:\/\/blogdoeloiltoncajuhy.com.br\/site\/wp-json\/wp\/v2\/users\/2"}],"replies":[{"embeddable":true,"href":"https:\/\/blogdoeloiltoncajuhy.com.br\/site\/wp-json\/wp\/v2\/comments?post=12994"}],"version-history":[{"count":1,"href":"https:\/\/blogdoeloiltoncajuhy.com.br\/site\/wp-json\/wp\/v2\/posts\/12994\/revisions"}],"predecessor-version":[{"id":12997,"href":"https:\/\/blogdoeloiltoncajuhy.com.br\/site\/wp-json\/wp\/v2\/posts\/12994\/revisions\/12997"}],"wp:featuredmedia":[{"embeddable":true,"href":"https:\/\/blogdoeloiltoncajuhy.com.br\/site\/wp-json\/wp\/v2\/media\/12996"}],"wp:attachment":[{"href":"https:\/\/blogdoeloiltoncajuhy.com.br\/site\/wp-json\/wp\/v2\/media?parent=12994"}],"wp:term":[{"taxonomy":"category","embeddable":true,"href":"https:\/\/blogdoeloiltoncajuhy.com.br\/site\/wp-json\/wp\/v2\/categories?post=12994"},{"taxonomy":"post_tag","embeddable":true,"href":"https:\/\/blogdoeloiltoncajuhy.com.br\/site\/wp-json\/wp\/v2\/tags?post=12994"}],"curies":[{"name":"wp","href":"https:\/\/api.w.org\/{rel}","templated":true}]}}