{"id":12986,"date":"2016-10-23T07:36:26","date_gmt":"2016-10-23T10:36:26","guid":{"rendered":"http:\/\/blogdoeloiltoncajuhy.com.br\/site\/?p=12986"},"modified":"2016-10-23T07:36:26","modified_gmt":"2016-10-23T10:36:26","slug":"jo-soares-assina-contrato-com-sbt-e-estreia-no-canal-em-2017","status":"publish","type":"post","link":"https:\/\/blogdoeloiltoncajuhy.com.br\/site\/jo-soares-assina-contrato-com-sbt-e-estreia-no-canal-em-2017\/","title":{"rendered":"J\u00f4 Soares assina contrato com SBT e estreia no canal em 2017"},"content":{"rendered":"<p style=\"text-align: center;\"><strong>Apresentador fica na Globo at\u00e9 dezembro deste ano, de acordo com informa\u00e7\u00f5es do jornal O Dia<\/strong><\/p>\n<figure id=\"attachment_12987\" aria-describedby=\"caption-attachment-12987\" style=\"width: 500px\" class=\"wp-caption aligncenter\"><a href=\"https:\/\/i0.wp.com\/blogdoeloiltoncajuhy.com.br\/site\/wp-content\/uploads\/2016\/10\/j%C3%B4-soares-e1477218932475.jpg\"><img data-recalc-dims=\"1\" fetchpriority=\"high\" decoding=\"async\" class=\"wp-image-12987 size-full\" src=\"https:\/\/i0.wp.com\/blogdoeloiltoncajuhy.com.br\/site\/wp-content\/uploads\/2016\/10\/j%C3%B4-soares-e1477218932475.jpg?resize=500%2C214\" alt=\"jo-soares\" width=\"500\" height=\"214\" \/><\/a><figcaption id=\"caption-attachment-12987\" class=\"wp-caption-text\">*DR<\/figcaption><\/figure>\n<p style=\"text-align: left;\">J\u00f4 Soares vai mesmo retornar ao SBT. O apresentador j\u00e1 est\u00e1 com contrato assinado com a emissora de Silvio Santos, segundo informou o jornalista Leo Dias em sua coluna na edi\u00e7\u00e3o deste s\u00e1bado (22) do jornal O Dia.<\/p>\n<p>J\u00f4 fica na TV Globo somente at\u00e9 dezembro deste ano. Quem o substituir\u00e1 no hor\u00e1rio \u00e9 Pedro Bial, que conduzir\u00e1 um programa de entrevista, com estreia prevista para abril de 2017. O programa de Bial, assim como o de J\u00f4, ser\u00e1 exibido de segunda a sexta.<\/p>\n<p>Vale ressaltar que, atualmente, Bial comanda um programa de entrevistas no mesmo formato no canal pago GNT. Seria um \u201cesquenta\u201d para o ano que vem?<\/p>\n<p><em>*Not\u00edcias ao minuto<\/em><\/p>\n","protected":false},"excerpt":{"rendered":"<p>Apresentador fica na Globo at\u00e9 dezembro deste ano, de acordo com informa\u00e7\u00f5es do jornal O Dia J\u00f4 Soares vai mesmo retornar ao SBT. O apresentador j\u00e1 est\u00e1 com contrato assinado com a emissora de Silvio Santos, segundo informou o jornalista Leo Dias em sua coluna na edi\u00e7\u00e3o deste s\u00e1bado (22) do jornal O Dia. J\u00f4 [&hellip;]<\/p>\n","protected":false},"author":2,"featured_media":12987,"comment_status":"open","ping_status":"open","sticky":false,"template":"","format":"standard","meta":{"_acf_changed":false,"_monsterinsights_skip_tracking":false,"_monsterinsights_sitenote_active":false,"_monsterinsights_sitenote_note":"","_monsterinsights_sitenote_category":0,"_jetpack_memberships_contains_paid_content":false,"footnotes":"","jetpack_publicize_message":"","jetpack_publicize_feature_enabled":true,"jetpack_social_post_already_shared":true,"jetpack_social_options":{"image_generator_settings":{"template":"highway","default_image_id":0,"font":"","enabled":false},"version":2}},"categories":[8,1],"tags":[],"class_list":["post-12986","post","type-post","status-publish","format-standard","has-post-thumbnail","hentry","category-cultura","category-noticias"],"acf":[],"jetpack_publicize_connections":[],"jetpack_featured_media_url":"https:\/\/i0.wp.com\/blogdoeloiltoncajuhy.com.br\/site\/wp-content\/uploads\/2016\/10\/j%C3%B4-soares-e1477218932475.jpg?fit=500%2C214&ssl=1","jetpack_sharing_enabled":true,"publishpress_future_workflow_manual_trigger":{"enabledWorkflows":[]},"_links":{"self":[{"href":"https:\/\/blogdoeloiltoncajuhy.com.br\/site\/wp-json\/wp\/v2\/posts\/12986","targetHints":{"allow":["GET"]}}],"collection":[{"href":"https:\/\/blogdoeloiltoncajuhy.com.br\/site\/wp-json\/wp\/v2\/posts"}],"about":[{"href":"https:\/\/blogdoeloiltoncajuhy.com.br\/site\/wp-json\/wp\/v2\/types\/post"}],"author":[{"embeddable":true,"href":"https:\/\/blogdoeloiltoncajuhy.com.br\/site\/wp-json\/wp\/v2\/users\/2"}],"replies":[{"embeddable":true,"href":"https:\/\/blogdoeloiltoncajuhy.com.br\/site\/wp-json\/wp\/v2\/comments?post=12986"}],"version-history":[{"count":1,"href":"https:\/\/blogdoeloiltoncajuhy.com.br\/site\/wp-json\/wp\/v2\/posts\/12986\/revisions"}],"predecessor-version":[{"id":12988,"href":"https:\/\/blogdoeloiltoncajuhy.com.br\/site\/wp-json\/wp\/v2\/posts\/12986\/revisions\/12988"}],"wp:featuredmedia":[{"embeddable":true,"href":"https:\/\/blogdoeloiltoncajuhy.com.br\/site\/wp-json\/wp\/v2\/media\/12987"}],"wp:attachment":[{"href":"https:\/\/blogdoeloiltoncajuhy.com.br\/site\/wp-json\/wp\/v2\/media?parent=12986"}],"wp:term":[{"taxonomy":"category","embeddable":true,"href":"https:\/\/blogdoeloiltoncajuhy.com.br\/site\/wp-json\/wp\/v2\/categories?post=12986"},{"taxonomy":"post_tag","embeddable":true,"href":"https:\/\/blogdoeloiltoncajuhy.com.br\/site\/wp-json\/wp\/v2\/tags?post=12986"}],"curies":[{"name":"wp","href":"https:\/\/api.w.org\/{rel}","templated":true}]}}