{"id":12983,"date":"2016-10-23T07:32:00","date_gmt":"2016-10-23T10:32:00","guid":{"rendered":"http:\/\/blogdoeloiltoncajuhy.com.br\/site\/?p=12983"},"modified":"2016-10-23T07:32:00","modified_gmt":"2016-10-23T10:32:00","slug":"gilberto-gil-e-internado-em-sp-sem-previsao-de-alta","status":"publish","type":"post","link":"https:\/\/blogdoeloiltoncajuhy.com.br\/site\/gilberto-gil-e-internado-em-sp-sem-previsao-de-alta\/","title":{"rendered":"Gilberto Gil \u00e9 internado em SP sem previs\u00e3o de alta"},"content":{"rendered":"<p style=\"text-align: center;\"><strong>Artista continua tratamento contra insufici\u00eancia renal, informa assessoria<\/strong><\/p>\n<figure id=\"attachment_12984\" aria-describedby=\"caption-attachment-12984\" style=\"width: 1370px\" class=\"wp-caption aligncenter\"><a href=\"https:\/\/i0.wp.com\/blogdoeloiltoncajuhy.com.br\/site\/wp-content\/uploads\/2016\/10\/gilberto-gil-5766.jpg\"><img data-recalc-dims=\"1\" fetchpriority=\"high\" decoding=\"async\" class=\"wp-image-12984 size-full\" src=\"https:\/\/i0.wp.com\/blogdoeloiltoncajuhy.com.br\/site\/wp-content\/uploads\/2016\/10\/gilberto-gil-5766.jpg?resize=800%2C343\" alt=\"gilberto-gil-5766\" width=\"800\" height=\"343\" srcset=\"https:\/\/i0.wp.com\/blogdoeloiltoncajuhy.com.br\/site\/wp-content\/uploads\/2016\/10\/gilberto-gil-5766.jpg?w=1370&amp;ssl=1 1370w, https:\/\/i0.wp.com\/blogdoeloiltoncajuhy.com.br\/site\/wp-content\/uploads\/2016\/10\/gilberto-gil-5766.jpg?resize=300%2C129&amp;ssl=1 300w, https:\/\/i0.wp.com\/blogdoeloiltoncajuhy.com.br\/site\/wp-content\/uploads\/2016\/10\/gilberto-gil-5766.jpg?resize=768%2C329&amp;ssl=1 768w, https:\/\/i0.wp.com\/blogdoeloiltoncajuhy.com.br\/site\/wp-content\/uploads\/2016\/10\/gilberto-gil-5766.jpg?resize=1024%2C439&amp;ssl=1 1024w, https:\/\/i0.wp.com\/blogdoeloiltoncajuhy.com.br\/site\/wp-content\/uploads\/2016\/10\/gilberto-gil-5766.jpg?resize=250%2C107&amp;ssl=1 250w\" sizes=\"(max-width: 800px) 100vw, 800px\" \/><\/a><figcaption id=\"caption-attachment-12984\" class=\"wp-caption-text\">Foto: Reuters<\/figcaption><\/figure>\n<p style=\"text-align: left;\">O cantor Gilberto Gil, de 73 anos, foi internado na sexta-feira (21) no Hospital S\u00edrio-Liban\u00eas, em S\u00e3o Paulo, sem previs\u00e3o de quando receber\u00e1 alta. Ele passa por tratamento contra insufici\u00eancia renal, de acordo com sua assessoria de imprensa.<\/p>\n<p>Desde o in\u00edcio deste ano, Gil \u00e9 internado todos os meses para fazer exames. No m\u00eas passado, chegou a ficar durante uma semana no hospital.<\/p>\n<p>A fim de agradecer os m\u00e9dicos que t\u00eam cuidado de sua sa\u00fade, o cantor comp\u00f4s uma m\u00fasica em homenagem \u00e0 cardiologista que fez uma opera\u00e7\u00e3o nele no in\u00edcio de outubro.<\/p>\n<p><em>*Not\u00edcias ao minuto<\/em><\/p>\n","protected":false},"excerpt":{"rendered":"<p>Artista continua tratamento contra insufici\u00eancia renal, informa assessoria O cantor Gilberto Gil, de 73 anos, foi internado na sexta-feira (21) no Hospital S\u00edrio-Liban\u00eas, em S\u00e3o Paulo, sem previs\u00e3o de quando receber\u00e1 alta. Ele passa por tratamento contra insufici\u00eancia renal, de acordo com sua assessoria de imprensa. Desde o in\u00edcio deste ano, Gil \u00e9 internado todos [&hellip;]<\/p>\n","protected":false},"author":2,"featured_media":12984,"comment_status":"open","ping_status":"open","sticky":false,"template":"","format":"standard","meta":{"_acf_changed":false,"_monsterinsights_skip_tracking":false,"_monsterinsights_sitenote_active":false,"_monsterinsights_sitenote_note":"","_monsterinsights_sitenote_category":0,"_jetpack_memberships_contains_paid_content":false,"footnotes":"","jetpack_publicize_message":"","jetpack_publicize_feature_enabled":true,"jetpack_social_post_already_shared":true,"jetpack_social_options":{"image_generator_settings":{"template":"highway","default_image_id":0,"font":"","enabled":false},"version":2}},"categories":[8,1],"tags":[],"class_list":["post-12983","post","type-post","status-publish","format-standard","has-post-thumbnail","hentry","category-cultura","category-noticias"],"acf":[],"jetpack_publicize_connections":[],"jetpack_featured_media_url":"https:\/\/i0.wp.com\/blogdoeloiltoncajuhy.com.br\/site\/wp-content\/uploads\/2016\/10\/gilberto-gil-5766.jpg?fit=1370%2C587&ssl=1","jetpack_sharing_enabled":true,"publishpress_future_workflow_manual_trigger":{"enabledWorkflows":[]},"_links":{"self":[{"href":"https:\/\/blogdoeloiltoncajuhy.com.br\/site\/wp-json\/wp\/v2\/posts\/12983","targetHints":{"allow":["GET"]}}],"collection":[{"href":"https:\/\/blogdoeloiltoncajuhy.com.br\/site\/wp-json\/wp\/v2\/posts"}],"about":[{"href":"https:\/\/blogdoeloiltoncajuhy.com.br\/site\/wp-json\/wp\/v2\/types\/post"}],"author":[{"embeddable":true,"href":"https:\/\/blogdoeloiltoncajuhy.com.br\/site\/wp-json\/wp\/v2\/users\/2"}],"replies":[{"embeddable":true,"href":"https:\/\/blogdoeloiltoncajuhy.com.br\/site\/wp-json\/wp\/v2\/comments?post=12983"}],"version-history":[{"count":1,"href":"https:\/\/blogdoeloiltoncajuhy.com.br\/site\/wp-json\/wp\/v2\/posts\/12983\/revisions"}],"predecessor-version":[{"id":12985,"href":"https:\/\/blogdoeloiltoncajuhy.com.br\/site\/wp-json\/wp\/v2\/posts\/12983\/revisions\/12985"}],"wp:featuredmedia":[{"embeddable":true,"href":"https:\/\/blogdoeloiltoncajuhy.com.br\/site\/wp-json\/wp\/v2\/media\/12984"}],"wp:attachment":[{"href":"https:\/\/blogdoeloiltoncajuhy.com.br\/site\/wp-json\/wp\/v2\/media?parent=12983"}],"wp:term":[{"taxonomy":"category","embeddable":true,"href":"https:\/\/blogdoeloiltoncajuhy.com.br\/site\/wp-json\/wp\/v2\/categories?post=12983"},{"taxonomy":"post_tag","embeddable":true,"href":"https:\/\/blogdoeloiltoncajuhy.com.br\/site\/wp-json\/wp\/v2\/tags?post=12983"}],"curies":[{"name":"wp","href":"https:\/\/api.w.org\/{rel}","templated":true}]}}