{"id":12971,"date":"2016-10-22T10:29:27","date_gmt":"2016-10-22T13:29:27","guid":{"rendered":"http:\/\/blogdoeloiltoncajuhy.com.br\/site\/?p=12971"},"modified":"2016-10-22T10:29:27","modified_gmt":"2016-10-22T13:29:27","slug":"bonfim-contra-a-pec-241-universitarios-farao-protesto-na-proxima-segunda-feira-24","status":"publish","type":"post","link":"https:\/\/blogdoeloiltoncajuhy.com.br\/site\/bonfim-contra-a-pec-241-universitarios-farao-protesto-na-proxima-segunda-feira-24\/","title":{"rendered":"BONFIM: Contra a PEC 241, universit\u00e1rios far\u00e3o protesto na pr\u00f3xima segunda-feira (24)"},"content":{"rendered":"<p><a href=\"https:\/\/i0.wp.com\/blogdoeloiltoncajuhy.com.br\/site\/wp-content\/uploads\/2016\/10\/protesto-educa%C3%A7%C3%A3o2.jpg\"><img data-recalc-dims=\"1\" fetchpriority=\"high\" decoding=\"async\" class=\"aligncenter size-full wp-image-12972\" src=\"https:\/\/i0.wp.com\/blogdoeloiltoncajuhy.com.br\/site\/wp-content\/uploads\/2016\/10\/protesto-educa%C3%A7%C3%A3o2.jpg?resize=552%2C559\" alt=\"protesto-educacao2\" width=\"552\" height=\"559\" srcset=\"https:\/\/i0.wp.com\/blogdoeloiltoncajuhy.com.br\/site\/wp-content\/uploads\/2016\/10\/protesto-educa%C3%A7%C3%A3o2.jpg?w=552&amp;ssl=1 552w, https:\/\/i0.wp.com\/blogdoeloiltoncajuhy.com.br\/site\/wp-content\/uploads\/2016\/10\/protesto-educa%C3%A7%C3%A3o2.jpg?resize=296%2C300&amp;ssl=1 296w, https:\/\/i0.wp.com\/blogdoeloiltoncajuhy.com.br\/site\/wp-content\/uploads\/2016\/10\/protesto-educa%C3%A7%C3%A3o2.jpg?resize=247%2C250&amp;ssl=1 247w, https:\/\/i0.wp.com\/blogdoeloiltoncajuhy.com.br\/site\/wp-content\/uploads\/2016\/10\/protesto-educa%C3%A7%C3%A3o2.jpg?resize=48%2C48&amp;ssl=1 48w\" sizes=\"(max-width: 552px) 100vw, 552px\" \/><\/a>Os estudantes das institui\u00e7\u00f5es: <strong>IF BAIANO<\/strong>, <strong>UNIVASF<\/strong>, <strong>UNEB<\/strong> e demais, far\u00e3o uma manifesta\u00e7\u00e3o nesta segunda-feira (24), \u00e0s 8h da manh\u00e3, com sa\u00edda da Pra\u00e7a Nova do Congresso em dire\u00e7\u00e3o ao Contorno das Casas Populares.<\/p>\n<p>Haver\u00e1 concentra\u00e7\u00e3o na BR-407 com o prop\u00f3sito de protestar contra a aprova\u00e7\u00e3o da PEC 241 que congela os gastos em educa\u00e7\u00e3o e sa\u00fade. Os manifestantes pretendem fazer entrega de panfletos para os cidad\u00e3os e demonstrar\u00e3o com cartazes as medidas impopulares.<\/p>\n<p><em>*BLOG DO ELOILTON CAJUHY<\/em><\/p>\n","protected":false},"excerpt":{"rendered":"<p>Os estudantes das institui\u00e7\u00f5es: IF BAIANO, UNIVASF, UNEB e demais, far\u00e3o uma manifesta\u00e7\u00e3o nesta segunda-feira (24), \u00e0s 8h da manh\u00e3, com sa\u00edda da Pra\u00e7a Nova do Congresso em dire\u00e7\u00e3o ao Contorno das Casas Populares. Haver\u00e1 concentra\u00e7\u00e3o na BR-407 com o prop\u00f3sito de protestar contra a aprova\u00e7\u00e3o da PEC 241 que congela os gastos em educa\u00e7\u00e3o [&hellip;]<\/p>\n","protected":false},"author":2,"featured_media":12972,"comment_status":"open","ping_status":"open","sticky":false,"template":"","format":"standard","meta":{"_acf_changed":false,"_monsterinsights_skip_tracking":false,"_monsterinsights_sitenote_active":false,"_monsterinsights_sitenote_note":"","_monsterinsights_sitenote_category":0,"_jetpack_memberships_contains_paid_content":false,"footnotes":"","jetpack_publicize_message":"","jetpack_publicize_feature_enabled":true,"jetpack_social_post_already_shared":true,"jetpack_social_options":{"image_generator_settings":{"template":"highway","default_image_id":0,"font":"","enabled":false},"version":2}},"categories":[14,1,4],"tags":[],"class_list":["post-12971","post","type-post","status-publish","format-standard","has-post-thumbnail","hentry","category-educacao","category-noticias","category-local"],"acf":[],"jetpack_publicize_connections":[],"jetpack_featured_media_url":"https:\/\/i0.wp.com\/blogdoeloiltoncajuhy.com.br\/site\/wp-content\/uploads\/2016\/10\/protesto-educa%C3%A7%C3%A3o2.jpg?fit=552%2C559&ssl=1","jetpack_sharing_enabled":true,"publishpress_future_workflow_manual_trigger":{"enabledWorkflows":[]},"_links":{"self":[{"href":"https:\/\/blogdoeloiltoncajuhy.com.br\/site\/wp-json\/wp\/v2\/posts\/12971","targetHints":{"allow":["GET"]}}],"collection":[{"href":"https:\/\/blogdoeloiltoncajuhy.com.br\/site\/wp-json\/wp\/v2\/posts"}],"about":[{"href":"https:\/\/blogdoeloiltoncajuhy.com.br\/site\/wp-json\/wp\/v2\/types\/post"}],"author":[{"embeddable":true,"href":"https:\/\/blogdoeloiltoncajuhy.com.br\/site\/wp-json\/wp\/v2\/users\/2"}],"replies":[{"embeddable":true,"href":"https:\/\/blogdoeloiltoncajuhy.com.br\/site\/wp-json\/wp\/v2\/comments?post=12971"}],"version-history":[{"count":1,"href":"https:\/\/blogdoeloiltoncajuhy.com.br\/site\/wp-json\/wp\/v2\/posts\/12971\/revisions"}],"predecessor-version":[{"id":12973,"href":"https:\/\/blogdoeloiltoncajuhy.com.br\/site\/wp-json\/wp\/v2\/posts\/12971\/revisions\/12973"}],"wp:featuredmedia":[{"embeddable":true,"href":"https:\/\/blogdoeloiltoncajuhy.com.br\/site\/wp-json\/wp\/v2\/media\/12972"}],"wp:attachment":[{"href":"https:\/\/blogdoeloiltoncajuhy.com.br\/site\/wp-json\/wp\/v2\/media?parent=12971"}],"wp:term":[{"taxonomy":"category","embeddable":true,"href":"https:\/\/blogdoeloiltoncajuhy.com.br\/site\/wp-json\/wp\/v2\/categories?post=12971"},{"taxonomy":"post_tag","embeddable":true,"href":"https:\/\/blogdoeloiltoncajuhy.com.br\/site\/wp-json\/wp\/v2\/tags?post=12971"}],"curies":[{"name":"wp","href":"https:\/\/api.w.org\/{rel}","templated":true}]}}