{"id":12969,"date":"2016-10-22T10:19:54","date_gmt":"2016-10-22T13:19:54","guid":{"rendered":"http:\/\/blogdoeloiltoncajuhy.com.br\/site\/?p=12969"},"modified":"2016-10-22T10:19:54","modified_gmt":"2016-10-22T13:19:54","slug":"bonfim-prefeitura-divulga-edital-de-licitacao-para-contratar-empresa-que-vai-administrar-o-hospital-regional","status":"publish","type":"post","link":"https:\/\/blogdoeloiltoncajuhy.com.br\/site\/bonfim-prefeitura-divulga-edital-de-licitacao-para-contratar-empresa-que-vai-administrar-o-hospital-regional\/","title":{"rendered":"BONFIM: Prefeitura divulga edital de licita\u00e7\u00e3o para contratar empresa que vai administrar o Hospital Regional"},"content":{"rendered":"<p><a href=\"https:\/\/i0.wp.com\/blogdoeloiltoncajuhy.com.br\/site\/wp-content\/uploads\/2016\/05\/hospital-regional-dom-antonio-monteiro.jpg\"><img data-recalc-dims=\"1\" fetchpriority=\"high\" decoding=\"async\" class=\"aligncenter size-full wp-image-9899\" src=\"https:\/\/i0.wp.com\/blogdoeloiltoncajuhy.com.br\/site\/wp-content\/uploads\/2016\/05\/hospital-regional-dom-antonio-monteiro.jpg?resize=460%2C345\" alt=\"hospital-regional-dom-antonio-monteiro\" width=\"460\" height=\"345\" srcset=\"https:\/\/i0.wp.com\/blogdoeloiltoncajuhy.com.br\/site\/wp-content\/uploads\/2016\/05\/hospital-regional-dom-antonio-monteiro.jpg?w=460&amp;ssl=1 460w, https:\/\/i0.wp.com\/blogdoeloiltoncajuhy.com.br\/site\/wp-content\/uploads\/2016\/05\/hospital-regional-dom-antonio-monteiro.jpg?resize=300%2C225&amp;ssl=1 300w, https:\/\/i0.wp.com\/blogdoeloiltoncajuhy.com.br\/site\/wp-content\/uploads\/2016\/05\/hospital-regional-dom-antonio-monteiro.jpg?resize=250%2C188&amp;ssl=1 250w\" sizes=\"(max-width: 460px) 100vw, 460px\" \/><\/a>A Prefeitura Municipal de Senhor do Bonfim est\u00e1 publicando edital de licita\u00e7\u00e3o para contratar empresa que vai administrar o Hospital Regional Dom Antonio Monteiro, que foi desapropriado em a\u00e7\u00e3o da Justi\u00e7a do Trabalho, atrav\u00e9s de audi\u00eancias que contaram com a participa\u00e7\u00e3o de representantes dos funcion\u00e1rios daquela casa de sa\u00fade e do governo municipal.<\/p>\n<p>A desapropria\u00e7\u00e3o, segundo informou Mara Lisboa, delegada do Sindsa\u00fade para a regi\u00e3o, foi o melhor caminho encontrado para tentar resolver o passivo trabalhista do hospital. Antes, a ideia do Minist\u00e9rio P\u00fablico local era a de leiloar o pr\u00e9dio do HR, o que traria s\u00e9rios preju\u00edzos para os atuais funcion\u00e1rios e, principalmente, para os ex-trabalhadores que ingressaram com a\u00e7\u00f5es trabalhistas na Justi\u00e7a.<\/p>\n<p>O edital tem 95 p\u00e1ginas. <strong><a href=\"http:\/\/blogdoclebervieira.com.br\/wp-content\/uploads\/2016\/10\/EDITAL-CP-002-Finalizado.pdf\">Clique aqui<\/a><\/strong> e veja.<\/p>\n<p><em>*BLOG DO ELOILTON CAJUHY<\/em><\/p>\n","protected":false},"excerpt":{"rendered":"<p>A Prefeitura Municipal de Senhor do Bonfim est\u00e1 publicando edital de licita\u00e7\u00e3o para contratar empresa que vai administrar o Hospital Regional Dom Antonio Monteiro, que foi desapropriado em a\u00e7\u00e3o da Justi\u00e7a do Trabalho, atrav\u00e9s de audi\u00eancias que contaram com a participa\u00e7\u00e3o de representantes dos funcion\u00e1rios daquela casa de sa\u00fade e do governo municipal. A desapropria\u00e7\u00e3o, [&hellip;]<\/p>\n","protected":false},"author":2,"featured_media":0,"comment_status":"open","ping_status":"open","sticky":false,"template":"","format":"standard","meta":{"_acf_changed":false,"_monsterinsights_skip_tracking":false,"_monsterinsights_sitenote_active":false,"_monsterinsights_sitenote_note":"","_monsterinsights_sitenote_category":0,"_jetpack_memberships_contains_paid_content":false,"footnotes":"","jetpack_publicize_message":"","jetpack_publicize_feature_enabled":true,"jetpack_social_post_already_shared":true,"jetpack_social_options":{"image_generator_settings":{"template":"highway","default_image_id":0,"font":"","enabled":false},"version":2}},"categories":[1,7,4],"tags":[],"class_list":["post-12969","post","type-post","status-publish","format-standard","hentry","category-noticias","category-saude","category-local"],"acf":[],"jetpack_publicize_connections":[],"jetpack_featured_media_url":"","jetpack_sharing_enabled":true,"publishpress_future_workflow_manual_trigger":{"enabledWorkflows":[]},"_links":{"self":[{"href":"https:\/\/blogdoeloiltoncajuhy.com.br\/site\/wp-json\/wp\/v2\/posts\/12969","targetHints":{"allow":["GET"]}}],"collection":[{"href":"https:\/\/blogdoeloiltoncajuhy.com.br\/site\/wp-json\/wp\/v2\/posts"}],"about":[{"href":"https:\/\/blogdoeloiltoncajuhy.com.br\/site\/wp-json\/wp\/v2\/types\/post"}],"author":[{"embeddable":true,"href":"https:\/\/blogdoeloiltoncajuhy.com.br\/site\/wp-json\/wp\/v2\/users\/2"}],"replies":[{"embeddable":true,"href":"https:\/\/blogdoeloiltoncajuhy.com.br\/site\/wp-json\/wp\/v2\/comments?post=12969"}],"version-history":[{"count":1,"href":"https:\/\/blogdoeloiltoncajuhy.com.br\/site\/wp-json\/wp\/v2\/posts\/12969\/revisions"}],"predecessor-version":[{"id":12970,"href":"https:\/\/blogdoeloiltoncajuhy.com.br\/site\/wp-json\/wp\/v2\/posts\/12969\/revisions\/12970"}],"wp:attachment":[{"href":"https:\/\/blogdoeloiltoncajuhy.com.br\/site\/wp-json\/wp\/v2\/media?parent=12969"}],"wp:term":[{"taxonomy":"category","embeddable":true,"href":"https:\/\/blogdoeloiltoncajuhy.com.br\/site\/wp-json\/wp\/v2\/categories?post=12969"},{"taxonomy":"post_tag","embeddable":true,"href":"https:\/\/blogdoeloiltoncajuhy.com.br\/site\/wp-json\/wp\/v2\/tags?post=12969"}],"curies":[{"name":"wp","href":"https:\/\/api.w.org\/{rel}","templated":true}]}}