{"id":12953,"date":"2016-10-21T20:25:43","date_gmt":"2016-10-21T23:25:43","guid":{"rendered":"http:\/\/blogdoeloiltoncajuhy.com.br\/site\/?p=12953"},"modified":"2016-10-21T20:25:43","modified_gmt":"2016-10-21T23:25:43","slug":"policia-civil-de-bonfim-prende-homem-que-roubava-celular-e-ameacava-vitimas","status":"publish","type":"post","link":"https:\/\/blogdoeloiltoncajuhy.com.br\/site\/policia-civil-de-bonfim-prende-homem-que-roubava-celular-e-ameacava-vitimas\/","title":{"rendered":"Pol\u00edcia Civil de Bonfim prende homem que roubava celular e amea\u00e7ava v\u00edtimas"},"content":{"rendered":"<p><a href=\"https:\/\/i0.wp.com\/blogdoeloiltoncajuhy.com.br\/site\/wp-content\/uploads\/2016\/10\/carlos-coelho.jpg\"><img data-recalc-dims=\"1\" fetchpriority=\"high\" decoding=\"async\" class=\"size-full wp-image-12954 alignleft\" src=\"https:\/\/i0.wp.com\/blogdoeloiltoncajuhy.com.br\/site\/wp-content\/uploads\/2016\/10\/carlos-coelho.jpg?resize=259%2C460\" alt=\"carlos-coelho\" width=\"259\" height=\"460\" srcset=\"https:\/\/i0.wp.com\/blogdoeloiltoncajuhy.com.br\/site\/wp-content\/uploads\/2016\/10\/carlos-coelho.jpg?w=259&amp;ssl=1 259w, https:\/\/i0.wp.com\/blogdoeloiltoncajuhy.com.br\/site\/wp-content\/uploads\/2016\/10\/carlos-coelho.jpg?resize=169%2C300&amp;ssl=1 169w, https:\/\/i0.wp.com\/blogdoeloiltoncajuhy.com.br\/site\/wp-content\/uploads\/2016\/10\/carlos-coelho.jpg?resize=141%2C250&amp;ssl=1 141w\" sizes=\"(max-width: 259px) 100vw, 259px\" \/><\/a>Est\u00e1 preso no Complexo Policial de Senhor do Bonfim, o elemento <strong>Carlos Silva Coelho<\/strong>, de 20 anos, acusado de ser o autor de v\u00e1rios roubos de celulares em\u00a0Senhor do Bonfim, crimes cometidos \u00e0 m\u00e3o armada.<\/p>\n<p>Carlos sempre agia usando arma de fogo e com viol\u00eancia e grave amea\u00e7a contra as v\u00edtimas. Ele tem in\u00fameras passagens pela pol\u00edcia de crimes praticados quando ainda era menor de idade. Segundo informa\u00e7\u00f5es da pol\u00edcia, seu pai est\u00e1 preso cumprindo pena por por tr\u00e1fico de drogas e homic\u00eddio.<\/p>\n<p>Ainda de acordo com a Pol\u00edcia Civil de Bonfim, a m\u00e3e de Carlos Coelho tamb\u00e9m j\u00e1 foi condenada por tr\u00e1fico de drogas.<\/p>\n<p>Carlos Silva Coelho foi preso por policiais civis da 19\u00aa COORPIN, em cumprimento a mandado de pris\u00e3o preventiva, nesta sexta-feira (21), e se encontra \u00e0 disposi\u00e7\u00e3o da Justi\u00e7a.<\/p>\n<p><em>*BLOG DO ELOILTON CAJUHY &#8211; Com informa\u00e7\u00f5es da 19\u00aa COORPIN\/Senhor do Bonfim<\/em><\/p>\n","protected":false},"excerpt":{"rendered":"<p>Est\u00e1 preso no Complexo Policial de Senhor do Bonfim, o elemento Carlos Silva Coelho, de 20 anos, acusado de ser o autor de v\u00e1rios roubos de celulares em\u00a0Senhor do Bonfim, crimes cometidos \u00e0 m\u00e3o armada. Carlos sempre agia usando arma de fogo e com viol\u00eancia e grave amea\u00e7a contra as v\u00edtimas. Ele tem in\u00fameras passagens [&hellip;]<\/p>\n","protected":false},"author":2,"featured_media":12954,"comment_status":"open","ping_status":"open","sticky":false,"template":"","format":"standard","meta":{"_acf_changed":false,"_monsterinsights_skip_tracking":false,"_monsterinsights_sitenote_active":false,"_monsterinsights_sitenote_note":"","_monsterinsights_sitenote_category":0,"_jetpack_memberships_contains_paid_content":false,"footnotes":"","jetpack_publicize_message":"","jetpack_publicize_feature_enabled":true,"jetpack_social_post_already_shared":true,"jetpack_social_options":{"image_generator_settings":{"template":"highway","default_image_id":0,"font":"","enabled":false},"version":2}},"categories":[5,1,4],"tags":[],"class_list":["post-12953","post","type-post","status-publish","format-standard","has-post-thumbnail","hentry","category-cotidiano","category-noticias","category-local"],"acf":[],"jetpack_publicize_connections":[],"jetpack_featured_media_url":"https:\/\/i0.wp.com\/blogdoeloiltoncajuhy.com.br\/site\/wp-content\/uploads\/2016\/10\/carlos-coelho.jpg?fit=259%2C460&ssl=1","jetpack_sharing_enabled":true,"publishpress_future_workflow_manual_trigger":{"enabledWorkflows":[]},"_links":{"self":[{"href":"https:\/\/blogdoeloiltoncajuhy.com.br\/site\/wp-json\/wp\/v2\/posts\/12953","targetHints":{"allow":["GET"]}}],"collection":[{"href":"https:\/\/blogdoeloiltoncajuhy.com.br\/site\/wp-json\/wp\/v2\/posts"}],"about":[{"href":"https:\/\/blogdoeloiltoncajuhy.com.br\/site\/wp-json\/wp\/v2\/types\/post"}],"author":[{"embeddable":true,"href":"https:\/\/blogdoeloiltoncajuhy.com.br\/site\/wp-json\/wp\/v2\/users\/2"}],"replies":[{"embeddable":true,"href":"https:\/\/blogdoeloiltoncajuhy.com.br\/site\/wp-json\/wp\/v2\/comments?post=12953"}],"version-history":[{"count":1,"href":"https:\/\/blogdoeloiltoncajuhy.com.br\/site\/wp-json\/wp\/v2\/posts\/12953\/revisions"}],"predecessor-version":[{"id":12955,"href":"https:\/\/blogdoeloiltoncajuhy.com.br\/site\/wp-json\/wp\/v2\/posts\/12953\/revisions\/12955"}],"wp:featuredmedia":[{"embeddable":true,"href":"https:\/\/blogdoeloiltoncajuhy.com.br\/site\/wp-json\/wp\/v2\/media\/12954"}],"wp:attachment":[{"href":"https:\/\/blogdoeloiltoncajuhy.com.br\/site\/wp-json\/wp\/v2\/media?parent=12953"}],"wp:term":[{"taxonomy":"category","embeddable":true,"href":"https:\/\/blogdoeloiltoncajuhy.com.br\/site\/wp-json\/wp\/v2\/categories?post=12953"},{"taxonomy":"post_tag","embeddable":true,"href":"https:\/\/blogdoeloiltoncajuhy.com.br\/site\/wp-json\/wp\/v2\/tags?post=12953"}],"curies":[{"name":"wp","href":"https:\/\/api.w.org\/{rel}","templated":true}]}}