{"id":12949,"date":"2016-10-21T17:37:37","date_gmt":"2016-10-21T20:37:37","guid":{"rendered":"http:\/\/blogdoeloiltoncajuhy.com.br\/site\/?p=12949"},"modified":"2016-10-21T17:37:37","modified_gmt":"2016-10-21T20:37:37","slug":"bonfim-prf-apreende-carga-de-queijo-irregular","status":"publish","type":"post","link":"https:\/\/blogdoeloiltoncajuhy.com.br\/site\/bonfim-prf-apreende-carga-de-queijo-irregular\/","title":{"rendered":"BONFIM: PRF apreende carga de queijo irregular"},"content":{"rendered":"<figure id=\"attachment_12950\" aria-describedby=\"caption-attachment-12950\" style=\"width: 460px\" class=\"wp-caption aligncenter\"><a href=\"https:\/\/i0.wp.com\/blogdoeloiltoncajuhy.com.br\/site\/wp-content\/uploads\/2016\/10\/APREENS%C3%83O-QUEIJO-2.jpg\"><img data-recalc-dims=\"1\" fetchpriority=\"high\" decoding=\"async\" class=\"wp-image-12950 size-full\" src=\"https:\/\/i0.wp.com\/blogdoeloiltoncajuhy.com.br\/site\/wp-content\/uploads\/2016\/10\/APREENS%C3%83O-QUEIJO-2.jpg?resize=460%2C345\" alt=\"apreensao-queijo-2\" width=\"460\" height=\"345\" srcset=\"https:\/\/i0.wp.com\/blogdoeloiltoncajuhy.com.br\/site\/wp-content\/uploads\/2016\/10\/APREENS%C3%83O-QUEIJO-2.jpg?w=460&amp;ssl=1 460w, https:\/\/i0.wp.com\/blogdoeloiltoncajuhy.com.br\/site\/wp-content\/uploads\/2016\/10\/APREENS%C3%83O-QUEIJO-2.jpg?resize=300%2C225&amp;ssl=1 300w, https:\/\/i0.wp.com\/blogdoeloiltoncajuhy.com.br\/site\/wp-content\/uploads\/2016\/10\/APREENS%C3%83O-QUEIJO-2.jpg?resize=250%2C188&amp;ssl=1 250w\" sizes=\"(max-width: 460px) 100vw, 460px\" \/><\/a><figcaption id=\"caption-attachment-12950\" class=\"wp-caption-text\">Foto: PRF\/Senhor do Bonfim<\/figcaption><\/figure>\n<p>Em mais uma opera\u00e7\u00e3o da Delegacia 10\/04 de Senhor do Bonfim, visando a redu\u00e7\u00e3o de acidentes e o combate \u00e0 criminalidade na regi\u00e3o, agentes da Pol\u00edcia Rodovi\u00e1ria Federal (PRF) abordaram na BR-407, KM 118, proximidades de Carrapichel, o ve\u00edculo Fiat Dobl\u00f4, placa de Filad\u00e9lfia-BA.<\/p>\n<p>Ao ser feita uma averigua\u00e7\u00e3o minuciosa no ve\u00edculo, constatou-se no seu interior, 90 tabletes de queijo com 03 KG cada, sem o devido acondicionamento nem nota fiscal do produto. O condutor afirmou que pegou o produto em Filad\u00e9lfia e o levaria para a cidade de Jaguarari.<\/p>\n<p>Diante das irregularidades, o queijo foi apreendido e encaminhado para ADAB de Juazeiro, a fim de serem tomadas as provid\u00eancias cab\u00edveis.<\/p>\n<figure id=\"attachment_12951\" aria-describedby=\"caption-attachment-12951\" style=\"width: 411px\" class=\"wp-caption aligncenter\"><a href=\"https:\/\/i0.wp.com\/blogdoeloiltoncajuhy.com.br\/site\/wp-content\/uploads\/2016\/10\/APREENS%C3%83O-QUEIJO1.jpg\"><img data-recalc-dims=\"1\" decoding=\"async\" class=\"wp-image-12951 size-full\" src=\"https:\/\/i0.wp.com\/blogdoeloiltoncajuhy.com.br\/site\/wp-content\/uploads\/2016\/10\/APREENS%C3%83O-QUEIJO1.jpg?resize=411%2C460\" alt=\"apreensao-queijo1\" width=\"411\" height=\"460\" srcset=\"https:\/\/i0.wp.com\/blogdoeloiltoncajuhy.com.br\/site\/wp-content\/uploads\/2016\/10\/APREENS%C3%83O-QUEIJO1.jpg?w=411&amp;ssl=1 411w, https:\/\/i0.wp.com\/blogdoeloiltoncajuhy.com.br\/site\/wp-content\/uploads\/2016\/10\/APREENS%C3%83O-QUEIJO1.jpg?resize=268%2C300&amp;ssl=1 268w, https:\/\/i0.wp.com\/blogdoeloiltoncajuhy.com.br\/site\/wp-content\/uploads\/2016\/10\/APREENS%C3%83O-QUEIJO1.jpg?resize=223%2C250&amp;ssl=1 223w\" sizes=\"(max-width: 411px) 100vw, 411px\" \/><\/a><figcaption id=\"caption-attachment-12951\" class=\"wp-caption-text\">Foto: PRF\/Senhor do Bonfim<\/figcaption><\/figure>\n<p><em>*BLOG DO ELOILTON CAJUHY &#8211; Com informa\u00e7\u00f5es da PRF\/Delegacia 10\/04 &#8211; Senhor do Bonfim &#8211; BA<\/em><\/p>\n","protected":false},"excerpt":{"rendered":"<p>Em mais uma opera\u00e7\u00e3o da Delegacia 10\/04 de Senhor do Bonfim, visando a redu\u00e7\u00e3o de acidentes e o combate \u00e0 criminalidade na regi\u00e3o, agentes da Pol\u00edcia Rodovi\u00e1ria Federal (PRF) abordaram na BR-407, KM 118, proximidades de Carrapichel, o ve\u00edculo Fiat Dobl\u00f4, placa de Filad\u00e9lfia-BA. Ao ser feita uma averigua\u00e7\u00e3o minuciosa no ve\u00edculo, constatou-se no seu [&hellip;]<\/p>\n","protected":false},"author":2,"featured_media":12951,"comment_status":"open","ping_status":"open","sticky":false,"template":"","format":"standard","meta":{"_acf_changed":false,"_monsterinsights_skip_tracking":false,"_monsterinsights_sitenote_active":false,"_monsterinsights_sitenote_note":"","_monsterinsights_sitenote_category":0,"_jetpack_memberships_contains_paid_content":false,"footnotes":"","jetpack_publicize_message":"","jetpack_publicize_feature_enabled":true,"jetpack_social_post_already_shared":true,"jetpack_social_options":{"image_generator_settings":{"template":"highway","default_image_id":0,"font":"","enabled":false},"version":2}},"categories":[5,1,4],"tags":[],"class_list":["post-12949","post","type-post","status-publish","format-standard","has-post-thumbnail","hentry","category-cotidiano","category-noticias","category-local"],"acf":[],"jetpack_publicize_connections":[],"jetpack_featured_media_url":"https:\/\/i0.wp.com\/blogdoeloiltoncajuhy.com.br\/site\/wp-content\/uploads\/2016\/10\/APREENS%C3%83O-QUEIJO1.jpg?fit=411%2C460&ssl=1","jetpack_sharing_enabled":true,"publishpress_future_workflow_manual_trigger":{"enabledWorkflows":[]},"_links":{"self":[{"href":"https:\/\/blogdoeloiltoncajuhy.com.br\/site\/wp-json\/wp\/v2\/posts\/12949","targetHints":{"allow":["GET"]}}],"collection":[{"href":"https:\/\/blogdoeloiltoncajuhy.com.br\/site\/wp-json\/wp\/v2\/posts"}],"about":[{"href":"https:\/\/blogdoeloiltoncajuhy.com.br\/site\/wp-json\/wp\/v2\/types\/post"}],"author":[{"embeddable":true,"href":"https:\/\/blogdoeloiltoncajuhy.com.br\/site\/wp-json\/wp\/v2\/users\/2"}],"replies":[{"embeddable":true,"href":"https:\/\/blogdoeloiltoncajuhy.com.br\/site\/wp-json\/wp\/v2\/comments?post=12949"}],"version-history":[{"count":1,"href":"https:\/\/blogdoeloiltoncajuhy.com.br\/site\/wp-json\/wp\/v2\/posts\/12949\/revisions"}],"predecessor-version":[{"id":12952,"href":"https:\/\/blogdoeloiltoncajuhy.com.br\/site\/wp-json\/wp\/v2\/posts\/12949\/revisions\/12952"}],"wp:featuredmedia":[{"embeddable":true,"href":"https:\/\/blogdoeloiltoncajuhy.com.br\/site\/wp-json\/wp\/v2\/media\/12951"}],"wp:attachment":[{"href":"https:\/\/blogdoeloiltoncajuhy.com.br\/site\/wp-json\/wp\/v2\/media?parent=12949"}],"wp:term":[{"taxonomy":"category","embeddable":true,"href":"https:\/\/blogdoeloiltoncajuhy.com.br\/site\/wp-json\/wp\/v2\/categories?post=12949"},{"taxonomy":"post_tag","embeddable":true,"href":"https:\/\/blogdoeloiltoncajuhy.com.br\/site\/wp-json\/wp\/v2\/tags?post=12949"}],"curies":[{"name":"wp","href":"https:\/\/api.w.org\/{rel}","templated":true}]}}