{"id":12946,"date":"2016-10-21T11:02:09","date_gmt":"2016-10-21T14:02:09","guid":{"rendered":"http:\/\/blogdoeloiltoncajuhy.com.br\/site\/?p=12946"},"modified":"2016-10-21T11:02:09","modified_gmt":"2016-10-21T14:02:09","slug":"contran-estabelece-que-som-automotivo-alto-pode-provocar-multa-grave","status":"publish","type":"post","link":"https:\/\/blogdoeloiltoncajuhy.com.br\/site\/contran-estabelece-que-som-automotivo-alto-pode-provocar-multa-grave\/","title":{"rendered":"Contran estabelece que som automotivo alto pode provocar multa grave"},"content":{"rendered":"<figure id=\"attachment_12947\" aria-describedby=\"caption-attachment-12947\" style=\"width: 380px\" class=\"wp-caption aligncenter\"><a href=\"https:\/\/i0.wp.com\/blogdoeloiltoncajuhy.com.br\/site\/wp-content\/uploads\/2016\/10\/som-alto.jpg\"><img data-recalc-dims=\"1\" fetchpriority=\"high\" decoding=\"async\" class=\"wp-image-12947 size-full\" src=\"https:\/\/i0.wp.com\/blogdoeloiltoncajuhy.com.br\/site\/wp-content\/uploads\/2016\/10\/som-alto.jpg?resize=380%2C280\" alt=\"som-alto\" width=\"380\" height=\"280\" srcset=\"https:\/\/i0.wp.com\/blogdoeloiltoncajuhy.com.br\/site\/wp-content\/uploads\/2016\/10\/som-alto.jpg?w=380&amp;ssl=1 380w, https:\/\/i0.wp.com\/blogdoeloiltoncajuhy.com.br\/site\/wp-content\/uploads\/2016\/10\/som-alto.jpg?resize=300%2C221&amp;ssl=1 300w, https:\/\/i0.wp.com\/blogdoeloiltoncajuhy.com.br\/site\/wp-content\/uploads\/2016\/10\/som-alto.jpg?resize=250%2C184&amp;ssl=1 250w\" sizes=\"(max-width: 380px) 100vw, 380px\" \/><\/a><figcaption id=\"caption-attachment-12947\" class=\"wp-caption-text\">Foto: Gustavo Epifanio\/G1<\/figcaption><\/figure>\n<p>O Conselho Nacional de Tr\u00e2nsito (Contran) aprovou na quarta-feira (19) uma nova resolu\u00e7\u00e3o que limita o volume permitido para sons automotivos. A norma n\u00ba 624 determina que caso o som esteja aud\u00edvel pelo lado externo de um ve\u00edculo em uma via p\u00fablica, perturbando o sossego p\u00fablico, o condutor deve ser autuado.<\/p>\n<p>A infra\u00e7\u00e3o ser\u00e1 considerada grave e provocar\u00e1 o acr\u00e9scimo de mais cinco pontos na Carteira Nacional de Habilita\u00e7\u00e3o (CNH). A resolu\u00e7\u00e3o n\u00e3o inclui os ve\u00edculos prestadores de servi\u00e7o com emiss\u00e3o sonora de publicidade, divulga\u00e7\u00e3o, entretenimento e comunica\u00e7\u00e3o, desde que estejam autorizados por \u00f3rg\u00e3o ou entidade competente.<\/p>\n<p>Tamb\u00e9m s\u00e3o exclu\u00eddos barulhos produzidos por buzinas, alarmes, sinalizadores de marcha a r\u00e9, sirenes pelo motor e outros componentes obrigat\u00f3rios do pr\u00f3prio ve\u00edculo. At\u00e9 ent\u00e3o, o artigo 228 do C\u00f3digo Brasileiro de Tr\u00e2nsito colocava um limite de 80 decib\u00e9is a uma dist\u00e2ncia de 7 metros e de 98 decib\u00e9is, a 1 metro.<\/p>\n<p><em>*Bahia Not\u00edcias<\/em><\/p>\n","protected":false},"excerpt":{"rendered":"<p>O Conselho Nacional de Tr\u00e2nsito (Contran) aprovou na quarta-feira (19) uma nova resolu\u00e7\u00e3o que limita o volume permitido para sons automotivos. A norma n\u00ba 624 determina que caso o som esteja aud\u00edvel pelo lado externo de um ve\u00edculo em uma via p\u00fablica, perturbando o sossego p\u00fablico, o condutor deve ser autuado. A infra\u00e7\u00e3o ser\u00e1 considerada [&hellip;]<\/p>\n","protected":false},"author":2,"featured_media":12947,"comment_status":"open","ping_status":"open","sticky":false,"template":"","format":"standard","meta":{"_acf_changed":false,"_monsterinsights_skip_tracking":false,"_monsterinsights_sitenote_active":false,"_monsterinsights_sitenote_note":"","_monsterinsights_sitenote_category":0,"_jetpack_memberships_contains_paid_content":false,"footnotes":"","jetpack_publicize_message":"","jetpack_publicize_feature_enabled":true,"jetpack_social_post_already_shared":true,"jetpack_social_options":{"image_generator_settings":{"template":"highway","default_image_id":0,"font":"","enabled":false},"version":2}},"categories":[1],"tags":[],"class_list":["post-12946","post","type-post","status-publish","format-standard","has-post-thumbnail","hentry","category-noticias"],"acf":[],"jetpack_publicize_connections":[],"jetpack_featured_media_url":"https:\/\/i0.wp.com\/blogdoeloiltoncajuhy.com.br\/site\/wp-content\/uploads\/2016\/10\/som-alto.jpg?fit=380%2C280&ssl=1","jetpack_sharing_enabled":true,"publishpress_future_workflow_manual_trigger":{"enabledWorkflows":[]},"_links":{"self":[{"href":"https:\/\/blogdoeloiltoncajuhy.com.br\/site\/wp-json\/wp\/v2\/posts\/12946","targetHints":{"allow":["GET"]}}],"collection":[{"href":"https:\/\/blogdoeloiltoncajuhy.com.br\/site\/wp-json\/wp\/v2\/posts"}],"about":[{"href":"https:\/\/blogdoeloiltoncajuhy.com.br\/site\/wp-json\/wp\/v2\/types\/post"}],"author":[{"embeddable":true,"href":"https:\/\/blogdoeloiltoncajuhy.com.br\/site\/wp-json\/wp\/v2\/users\/2"}],"replies":[{"embeddable":true,"href":"https:\/\/blogdoeloiltoncajuhy.com.br\/site\/wp-json\/wp\/v2\/comments?post=12946"}],"version-history":[{"count":1,"href":"https:\/\/blogdoeloiltoncajuhy.com.br\/site\/wp-json\/wp\/v2\/posts\/12946\/revisions"}],"predecessor-version":[{"id":12948,"href":"https:\/\/blogdoeloiltoncajuhy.com.br\/site\/wp-json\/wp\/v2\/posts\/12946\/revisions\/12948"}],"wp:featuredmedia":[{"embeddable":true,"href":"https:\/\/blogdoeloiltoncajuhy.com.br\/site\/wp-json\/wp\/v2\/media\/12947"}],"wp:attachment":[{"href":"https:\/\/blogdoeloiltoncajuhy.com.br\/site\/wp-json\/wp\/v2\/media?parent=12946"}],"wp:term":[{"taxonomy":"category","embeddable":true,"href":"https:\/\/blogdoeloiltoncajuhy.com.br\/site\/wp-json\/wp\/v2\/categories?post=12946"},{"taxonomy":"post_tag","embeddable":true,"href":"https:\/\/blogdoeloiltoncajuhy.com.br\/site\/wp-json\/wp\/v2\/tags?post=12946"}],"curies":[{"name":"wp","href":"https:\/\/api.w.org\/{rel}","templated":true}]}}