{"id":12926,"date":"2016-10-20T10:10:33","date_gmt":"2016-10-20T13:10:33","guid":{"rendered":"http:\/\/blogdoeloiltoncajuhy.com.br\/site\/?p=12926"},"modified":"2016-10-20T10:10:33","modified_gmt":"2016-10-20T13:10:33","slug":"carreta-da-mamografia-realizou-840-exames-gratuitos-em-andorinha","status":"publish","type":"post","link":"https:\/\/blogdoeloiltoncajuhy.com.br\/site\/carreta-da-mamografia-realizou-840-exames-gratuitos-em-andorinha\/","title":{"rendered":"Carreta da Mamografia realizou 840 exames gratuitos em Andorinha"},"content":{"rendered":"<p><a href=\"https:\/\/i0.wp.com\/blogdoeloiltoncajuhy.com.br\/site\/wp-content\/uploads\/2016\/10\/MAMOGRAFIA-e1476968999953.jpg\"><img data-recalc-dims=\"1\" fetchpriority=\"high\" decoding=\"async\" class=\"aligncenter size-full wp-image-12927\" src=\"https:\/\/i0.wp.com\/blogdoeloiltoncajuhy.com.br\/site\/wp-content\/uploads\/2016\/10\/MAMOGRAFIA-e1476968999953.jpg?resize=560%2C373\" alt=\"mamografia\" width=\"560\" height=\"373\" \/><\/a>O caminh\u00e3o itinerante do programa Sa\u00fade em Sem Fronteiras esteve mais uma vez na cidade de Andorinha onde realizou entre os dias 10 e 17 de outubro um mutir\u00e3o para detectar precocemente o aparecimento do C\u00e2ncer de Mama. No total, 840 exames foram realizados em mulheres com idade entre 40 e 65 anos.<\/p>\n<p>\u201cO c\u00e2ncer de mama \u00e9 a maior causa de morte por tumores em mulheres no Brasil. O programa de rastreamento do governo do Estado em parceria com a prefeitura de Andorinha deseja justamente facilitar o acesso das mulheres ao exame de mamografia e, consequentemente, agilizar o diagn\u00f3stico e tratamento precoce para a doen\u00e7a&#8221;, diz Pablo Campos, Secret\u00e1rio de Municipal da Sa\u00fade.<\/p>\n<p>A unidade m\u00f3vel de mamografia digital que possibilitou o acesso gratuito das mulheres ao exame para detectar c\u00e2ncer de mama, estava equipada com aparelhos modernos, que viabilizaram atendimentos e resultados de maior qualidade no diagn\u00f3stico. As pacientes que apresentarem resultados alterados no exame ser\u00e3o encaminhadas para acompanhamento com especialista.<\/p>\n<p><strong>O que \u00e9 C\u00e2ncer de mama?<\/strong><\/p>\n<p>O c\u00e2ncer de mama \u00e9 um tumor maligno que se desenvolve na mama como consequ\u00eancia de altera\u00e7\u00f5es gen\u00e9ticas em algum conjunto de c\u00e9lulas da mama, que passam a se dividir descontroladamente. Ocorre o crescimento anormal das c\u00e9lulas mam\u00e1rias, tanto do ducto mam\u00e1rio quanto dos gl\u00f3bulos mam\u00e1rios.<\/p>\n<p>No Brasil, o Minist\u00e9rio da Sa\u00fade estima 52.680 casos novos em um ano, com um risco estimado de 52 casos a cada 100 mil mulheres. Segundo dados da Sociedade Brasileira de Mastologia, cerca de uma a cada 12 mulheres ter\u00e3o um tumor nas mamas at\u00e9 os 90 anos de idade.<\/p>\n<p><em>*ASCOM ANDORINHA<\/em><\/p>\n","protected":false},"excerpt":{"rendered":"<p>O caminh\u00e3o itinerante do programa Sa\u00fade em Sem Fronteiras esteve mais uma vez na cidade de Andorinha onde realizou entre os dias 10 e 17 de outubro um mutir\u00e3o para detectar precocemente o aparecimento do C\u00e2ncer de Mama. No total, 840 exames foram realizados em mulheres com idade entre 40 e 65 anos. \u201cO c\u00e2ncer [&hellip;]<\/p>\n","protected":false},"author":2,"featured_media":12927,"comment_status":"open","ping_status":"open","sticky":false,"template":"","format":"standard","meta":{"_acf_changed":false,"_monsterinsights_skip_tracking":false,"_monsterinsights_sitenote_active":false,"_monsterinsights_sitenote_note":"","_monsterinsights_sitenote_category":0,"_jetpack_memberships_contains_paid_content":false,"footnotes":"","jetpack_publicize_message":"","jetpack_publicize_feature_enabled":true,"jetpack_social_post_already_shared":true,"jetpack_social_options":{"image_generator_settings":{"template":"highway","default_image_id":0,"font":"","enabled":false},"version":2}},"categories":[1,11,7],"tags":[],"class_list":["post-12926","post","type-post","status-publish","format-standard","has-post-thumbnail","hentry","category-noticias","category-regional","category-saude"],"acf":[],"jetpack_publicize_connections":[],"jetpack_featured_media_url":"https:\/\/i0.wp.com\/blogdoeloiltoncajuhy.com.br\/site\/wp-content\/uploads\/2016\/10\/MAMOGRAFIA-e1476968999953.jpg?fit=560%2C373&ssl=1","jetpack_sharing_enabled":true,"publishpress_future_workflow_manual_trigger":{"enabledWorkflows":[]},"_links":{"self":[{"href":"https:\/\/blogdoeloiltoncajuhy.com.br\/site\/wp-json\/wp\/v2\/posts\/12926","targetHints":{"allow":["GET"]}}],"collection":[{"href":"https:\/\/blogdoeloiltoncajuhy.com.br\/site\/wp-json\/wp\/v2\/posts"}],"about":[{"href":"https:\/\/blogdoeloiltoncajuhy.com.br\/site\/wp-json\/wp\/v2\/types\/post"}],"author":[{"embeddable":true,"href":"https:\/\/blogdoeloiltoncajuhy.com.br\/site\/wp-json\/wp\/v2\/users\/2"}],"replies":[{"embeddable":true,"href":"https:\/\/blogdoeloiltoncajuhy.com.br\/site\/wp-json\/wp\/v2\/comments?post=12926"}],"version-history":[{"count":1,"href":"https:\/\/blogdoeloiltoncajuhy.com.br\/site\/wp-json\/wp\/v2\/posts\/12926\/revisions"}],"predecessor-version":[{"id":12928,"href":"https:\/\/blogdoeloiltoncajuhy.com.br\/site\/wp-json\/wp\/v2\/posts\/12926\/revisions\/12928"}],"wp:featuredmedia":[{"embeddable":true,"href":"https:\/\/blogdoeloiltoncajuhy.com.br\/site\/wp-json\/wp\/v2\/media\/12927"}],"wp:attachment":[{"href":"https:\/\/blogdoeloiltoncajuhy.com.br\/site\/wp-json\/wp\/v2\/media?parent=12926"}],"wp:term":[{"taxonomy":"category","embeddable":true,"href":"https:\/\/blogdoeloiltoncajuhy.com.br\/site\/wp-json\/wp\/v2\/categories?post=12926"},{"taxonomy":"post_tag","embeddable":true,"href":"https:\/\/blogdoeloiltoncajuhy.com.br\/site\/wp-json\/wp\/v2\/tags?post=12926"}],"curies":[{"name":"wp","href":"https:\/\/api.w.org\/{rel}","templated":true}]}}