{"id":12923,"date":"2016-10-20T10:03:57","date_gmt":"2016-10-20T13:03:57","guid":{"rendered":"http:\/\/blogdoeloiltoncajuhy.com.br\/site\/?p=12923"},"modified":"2016-10-20T10:03:57","modified_gmt":"2016-10-20T13:03:57","slug":"temer-nao-adquire-novos-livros-e-eja-pode-ficar-sem-material-em-2017","status":"publish","type":"post","link":"https:\/\/blogdoeloiltoncajuhy.com.br\/site\/temer-nao-adquire-novos-livros-e-eja-pode-ficar-sem-material-em-2017\/","title":{"rendered":"Temer n\u00e3o adquire novos livros e EJA pode ficar sem material em 2017"},"content":{"rendered":"<figure id=\"attachment_12924\" aria-describedby=\"caption-attachment-12924\" style=\"width: 380px\" class=\"wp-caption aligncenter\"><a href=\"https:\/\/i0.wp.com\/blogdoeloiltoncajuhy.com.br\/site\/wp-content\/uploads\/2016\/10\/eja.jpg\"><img data-recalc-dims=\"1\" fetchpriority=\"high\" decoding=\"async\" class=\"wp-image-12924 size-full\" src=\"https:\/\/i0.wp.com\/blogdoeloiltoncajuhy.com.br\/site\/wp-content\/uploads\/2016\/10\/eja.jpg?resize=380%2C280\" alt=\"eja\" width=\"380\" height=\"280\" srcset=\"https:\/\/i0.wp.com\/blogdoeloiltoncajuhy.com.br\/site\/wp-content\/uploads\/2016\/10\/eja.jpg?w=380&amp;ssl=1 380w, https:\/\/i0.wp.com\/blogdoeloiltoncajuhy.com.br\/site\/wp-content\/uploads\/2016\/10\/eja.jpg?resize=300%2C221&amp;ssl=1 300w, https:\/\/i0.wp.com\/blogdoeloiltoncajuhy.com.br\/site\/wp-content\/uploads\/2016\/10\/eja.jpg?resize=250%2C184&amp;ssl=1 250w\" sizes=\"(max-width: 380px) 100vw, 380px\" \/><\/a><figcaption id=\"caption-attachment-12924\" class=\"wp-caption-text\">Foto: Divulga\u00e7\u00e3o<\/figcaption><\/figure>\n<p>Cerca de 3,4 milh\u00f5es de estudantes do programa Educa\u00e7\u00e3o de Jovens e Adultos (EJA) podem ficar sem livros did\u00e1ticos em 2017 porque o governo de Michel Temer (PMDB) n\u00e3o adquiriu novas obras. A compra deveria ter ocorrido at\u00e9 o in\u00edcio de outubro, para que houvesse tempo para entrega nas escolas.<\/p>\n<p>\u00c0 Folha, o Minist\u00e9rio da Educa\u00e7\u00e3o (MEC) disse que a compra est\u00e1 prevista apenas para dezembro, assim como o material para as bibliotecas, por meio do Programa Nacional Biblioteca da Escola. No caso do PNLD, o MEC disse que as negocia\u00e7\u00f5es com as editoras para compra dos livros did\u00e1ticos j\u00e1 come\u00e7aram e dever\u00e3o ser adquiridos 148 milh\u00f5es de exemplares.<\/p>\n<p>Os livros did\u00e1ticos s\u00e3o adquiridos e distribu\u00eddos para todo o pa\u00eds atrav\u00e9s do Programa Nacional do Livro Did\u00e1tico (PNLD), executado a cada tr\u00eas anos, mas h\u00e1 reposi\u00e7\u00f5es anuais.<\/p>\n<p>De acordo com a Folha, os livros do EJA foram comprados em 2014, mas a reposi\u00e7\u00e3o ainda \u00e9 necess\u00e1ria porque as obras ficam com os alunos e n\u00e3o \u00e9 poss\u00edvel a reutiliza\u00e7\u00e3o.<\/p>\n<p><em>*Bahia Not\u00edcias<\/em><\/p>\n","protected":false},"excerpt":{"rendered":"<p>Cerca de 3,4 milh\u00f5es de estudantes do programa Educa\u00e7\u00e3o de Jovens e Adultos (EJA) podem ficar sem livros did\u00e1ticos em 2017 porque o governo de Michel Temer (PMDB) n\u00e3o adquiriu novas obras. A compra deveria ter ocorrido at\u00e9 o in\u00edcio de outubro, para que houvesse tempo para entrega nas escolas. \u00c0 Folha, o Minist\u00e9rio da [&hellip;]<\/p>\n","protected":false},"author":2,"featured_media":12924,"comment_status":"open","ping_status":"open","sticky":false,"template":"","format":"standard","meta":{"_acf_changed":false,"_monsterinsights_skip_tracking":false,"_monsterinsights_sitenote_active":false,"_monsterinsights_sitenote_note":"","_monsterinsights_sitenote_category":0,"_jetpack_memberships_contains_paid_content":false,"footnotes":"","jetpack_publicize_message":"","jetpack_publicize_feature_enabled":true,"jetpack_social_post_already_shared":true,"jetpack_social_options":{"image_generator_settings":{"template":"highway","default_image_id":0,"font":"","enabled":false},"version":2}},"categories":[14,1],"tags":[],"class_list":["post-12923","post","type-post","status-publish","format-standard","has-post-thumbnail","hentry","category-educacao","category-noticias"],"acf":[],"jetpack_publicize_connections":[],"jetpack_featured_media_url":"https:\/\/i0.wp.com\/blogdoeloiltoncajuhy.com.br\/site\/wp-content\/uploads\/2016\/10\/eja.jpg?fit=380%2C280&ssl=1","jetpack_sharing_enabled":true,"publishpress_future_workflow_manual_trigger":{"enabledWorkflows":[]},"_links":{"self":[{"href":"https:\/\/blogdoeloiltoncajuhy.com.br\/site\/wp-json\/wp\/v2\/posts\/12923","targetHints":{"allow":["GET"]}}],"collection":[{"href":"https:\/\/blogdoeloiltoncajuhy.com.br\/site\/wp-json\/wp\/v2\/posts"}],"about":[{"href":"https:\/\/blogdoeloiltoncajuhy.com.br\/site\/wp-json\/wp\/v2\/types\/post"}],"author":[{"embeddable":true,"href":"https:\/\/blogdoeloiltoncajuhy.com.br\/site\/wp-json\/wp\/v2\/users\/2"}],"replies":[{"embeddable":true,"href":"https:\/\/blogdoeloiltoncajuhy.com.br\/site\/wp-json\/wp\/v2\/comments?post=12923"}],"version-history":[{"count":1,"href":"https:\/\/blogdoeloiltoncajuhy.com.br\/site\/wp-json\/wp\/v2\/posts\/12923\/revisions"}],"predecessor-version":[{"id":12925,"href":"https:\/\/blogdoeloiltoncajuhy.com.br\/site\/wp-json\/wp\/v2\/posts\/12923\/revisions\/12925"}],"wp:featuredmedia":[{"embeddable":true,"href":"https:\/\/blogdoeloiltoncajuhy.com.br\/site\/wp-json\/wp\/v2\/media\/12924"}],"wp:attachment":[{"href":"https:\/\/blogdoeloiltoncajuhy.com.br\/site\/wp-json\/wp\/v2\/media?parent=12923"}],"wp:term":[{"taxonomy":"category","embeddable":true,"href":"https:\/\/blogdoeloiltoncajuhy.com.br\/site\/wp-json\/wp\/v2\/categories?post=12923"},{"taxonomy":"post_tag","embeddable":true,"href":"https:\/\/blogdoeloiltoncajuhy.com.br\/site\/wp-json\/wp\/v2\/tags?post=12923"}],"curies":[{"name":"wp","href":"https:\/\/api.w.org\/{rel}","templated":true}]}}