{"id":12919,"date":"2016-10-20T09:55:56","date_gmt":"2016-10-20T12:55:56","guid":{"rendered":"http:\/\/blogdoeloiltoncajuhy.com.br\/site\/?p=12919"},"modified":"2016-10-20T09:57:42","modified_gmt":"2016-10-20T12:57:42","slug":"justica-libera-aplicacao-de-multas-por-farol-desligado-em-rodovia-sinalizada","status":"publish","type":"post","link":"https:\/\/blogdoeloiltoncajuhy.com.br\/site\/justica-libera-aplicacao-de-multas-por-farol-desligado-em-rodovia-sinalizada\/","title":{"rendered":"Justi\u00e7a libera aplica\u00e7\u00e3o de multas por farol desligado em rodovia sinalizada"},"content":{"rendered":"<p style=\"text-align: center;\"><em><strong>Minist\u00e9rio das Cidades notificou \u00f3rg\u00e3os locais sobre novo entendimento.\u00a0Cobran\u00e7a foi suspensa em setembro; infra\u00e7\u00e3o m\u00e9dia d\u00e1 multa de R$ 85,13<\/strong><\/em><\/p>\n<figure id=\"attachment_12920\" aria-describedby=\"caption-attachment-12920\" style=\"width: 620px\" class=\"wp-caption aligncenter\"><a href=\"https:\/\/i0.wp.com\/blogdoeloiltoncajuhy.com.br\/site\/wp-content\/uploads\/2016\/10\/sinaliza.jpg\"><img data-recalc-dims=\"1\" fetchpriority=\"high\" decoding=\"async\" class=\"wp-image-12920 size-full\" src=\"https:\/\/i0.wp.com\/blogdoeloiltoncajuhy.com.br\/site\/wp-content\/uploads\/2016\/10\/sinaliza.jpg?resize=620%2C465\" alt=\"sinaliza\" width=\"620\" height=\"465\" srcset=\"https:\/\/i0.wp.com\/blogdoeloiltoncajuhy.com.br\/site\/wp-content\/uploads\/2016\/10\/sinaliza.jpg?w=620&amp;ssl=1 620w, https:\/\/i0.wp.com\/blogdoeloiltoncajuhy.com.br\/site\/wp-content\/uploads\/2016\/10\/sinaliza.jpg?resize=300%2C225&amp;ssl=1 300w, https:\/\/i0.wp.com\/blogdoeloiltoncajuhy.com.br\/site\/wp-content\/uploads\/2016\/10\/sinaliza.jpg?resize=250%2C188&amp;ssl=1 250w\" sizes=\"(max-width: 620px) 100vw, 620px\" \/><\/a><figcaption id=\"caption-attachment-12920\" class=\"wp-caption-text\">Placa de sinaliza\u00e7\u00e3o sobre necessidade de farol em rodovia do Distrito Federal (Foto: TV Globo\/Reprodu\u00e7\u00e3o)<\/figcaption><\/figure>\n<p style=\"text-align: left;\">\u00d3rg\u00e3os de tr\u00e2nsito de todo o pa\u00eds est\u00e3o autorizados a retomar a aplica\u00e7\u00e3o de multas para motoristas que trafegarem por rodovias com o farol desligado, nas estradas em que houver sinaliza\u00e7\u00e3o clara sobre o assunto. Um of\u00edcio com o novo entendimento foi enviado pelo Departamento Nacional de Tr\u00e2nsito (Denatran) aos \u00f3rg\u00e3os locais nesta quarta-feira (19).<\/p>\n<p style=\"text-align: left;\">Na pr\u00e1tica, isso significa que as multas podem ser aplicadas sempre que n\u00e3o houver &#8220;ambiguidade&#8221; sobre a necessidade do farol \u2013 nas estradas em \u00e1rea rural e nos trechos urbanos que estiverem devidamente sinalizados, por exemplo. Alguns \u00f3rg\u00e3os, como o Departamento de Estradas de Rodagem do Distrito Federal (DER-DF), j\u00e1 retomaram a fiscaliza\u00e7\u00e3o.<\/p>\n<p style=\"text-align: left;\">Em 2 de setembro, a Justi\u00e7a suspendeu a cobran\u00e7a sob o argumento de que, muitas vezes, os motoristas confundiam as rodovias com ruas e avenidas que comp\u00f5em a malha urbana. A decis\u00e3o n\u00e3o anulou as multas que j\u00e1 tinham sido aplicadas.<\/p>\n<p style=\"text-align: left;\">O Denatran n\u00e3o emitiu regras espec\u00edficas sobre a sinaliza\u00e7\u00e3o que dever\u00e1 ser aplicada. A princ\u00edpio, as placas devem seguir o mesmo padr\u00e3o que j\u00e1 \u00e9 adotado para outros avisos em rodovias, como a delimita\u00e7\u00e3o dos trechos sob concess\u00e3o (onde \u00e9 cobrado ped\u00e1gio).<\/p>\n<p style=\"text-align: left;\"><strong>Na Justi\u00e7a<\/strong><br \/>\nA decis\u00e3o judicial que restaurou a multa foi emitida no \u00faltimo dia 7, quando o Tribunal Regional Federal da 1\u00aa Regi\u00e3o (TRF-1) negou recurso da Advocacia-Geral da Uni\u00e3o (AGU). Ao avaliar o caso, o desembargador Carlos Moreira Alves concordou com a suspens\u00e3o da multa onde houver d\u00favida, mas abriu espa\u00e7o para a cobran\u00e7a nos demais trechos.<\/p>\n<p style=\"text-align: left;\">&#8220;A decis\u00e3o agravada n\u00e3o impede a aplica\u00e7\u00e3o de san\u00e7\u00f5es [&#8230;] nas rodovias que possuam<br \/>\nsinaliza\u00e7\u00e3o que as identifique como tais, [&#8230;] mas t\u00e3o s\u00f3 naquelas em que, por se entremearem com os per\u00edmetros urbanos das cidades que atravessam, a sinaliza\u00e7\u00e3o deve ser tal que lhes permita saber, sem possibilidade de d\u00favida razo\u00e1vel, que se encontram em uma rodovia&#8221;, dizia a decis\u00e3o.<\/p>\n<p style=\"text-align: left;\">No dia 11, quatro dias ap\u00f3s a decis\u00e3o, o <strong>G1<\/strong> questionou o governo federal sobre a poss\u00edvel retomada das multas. Em nota, a AGU informou que s\u00f3 foi notificada oficialmente da decis\u00e3o na \u00faltima segunda (17), quando come\u00e7ou a elaborar o novo parecer t\u00e9cnico.<\/p>\n<p style=\"text-align: left;\">Por isso, os \u00f3rg\u00e3os regionais s\u00f3 foram notificados nesta quarta.\u00a0O recurso da AGU ainda ser\u00e1 levado a plen\u00e1rio no TRF, que pode manter a aplica\u00e7\u00e3o &#8220;seletiva&#8221; das multas, vetar qualquer tipo de notifica\u00e7\u00e3o ou liberar a fiscaliza\u00e7\u00e3o em todos os trechos. N\u00e3o h\u00e1 data prevista para essa nova an\u00e1lise, que tamb\u00e9m poder\u00e1 ser alvo de recurso.<\/p>\n<p style=\"text-align: left;\"><em>*Do G1 DF<\/em><\/p>\n","protected":false},"excerpt":{"rendered":"<p>Minist\u00e9rio das Cidades notificou \u00f3rg\u00e3os locais sobre novo entendimento.\u00a0Cobran\u00e7a foi suspensa em setembro; infra\u00e7\u00e3o m\u00e9dia d\u00e1 multa de R$ 85,13 \u00d3rg\u00e3os de tr\u00e2nsito de todo o pa\u00eds est\u00e3o autorizados a retomar a aplica\u00e7\u00e3o de multas para motoristas que trafegarem por rodovias com o farol desligado, nas estradas em que houver sinaliza\u00e7\u00e3o clara sobre o assunto. [&hellip;]<\/p>\n","protected":false},"author":2,"featured_media":12920,"comment_status":"open","ping_status":"open","sticky":false,"template":"","format":"standard","meta":{"_acf_changed":false,"_monsterinsights_skip_tracking":false,"_monsterinsights_sitenote_active":false,"_monsterinsights_sitenote_note":"","_monsterinsights_sitenote_category":0,"_jetpack_memberships_contains_paid_content":false,"footnotes":"","jetpack_publicize_message":"","jetpack_publicize_feature_enabled":true,"jetpack_social_post_already_shared":true,"jetpack_social_options":{"image_generator_settings":{"template":"highway","default_image_id":0,"font":"","enabled":false},"version":2}},"categories":[5,1],"tags":[],"class_list":["post-12919","post","type-post","status-publish","format-standard","has-post-thumbnail","hentry","category-cotidiano","category-noticias"],"acf":[],"jetpack_publicize_connections":[],"jetpack_featured_media_url":"https:\/\/i0.wp.com\/blogdoeloiltoncajuhy.com.br\/site\/wp-content\/uploads\/2016\/10\/sinaliza.jpg?fit=620%2C465&ssl=1","jetpack_sharing_enabled":true,"publishpress_future_workflow_manual_trigger":{"enabledWorkflows":[]},"_links":{"self":[{"href":"https:\/\/blogdoeloiltoncajuhy.com.br\/site\/wp-json\/wp\/v2\/posts\/12919","targetHints":{"allow":["GET"]}}],"collection":[{"href":"https:\/\/blogdoeloiltoncajuhy.com.br\/site\/wp-json\/wp\/v2\/posts"}],"about":[{"href":"https:\/\/blogdoeloiltoncajuhy.com.br\/site\/wp-json\/wp\/v2\/types\/post"}],"author":[{"embeddable":true,"href":"https:\/\/blogdoeloiltoncajuhy.com.br\/site\/wp-json\/wp\/v2\/users\/2"}],"replies":[{"embeddable":true,"href":"https:\/\/blogdoeloiltoncajuhy.com.br\/site\/wp-json\/wp\/v2\/comments?post=12919"}],"version-history":[{"count":2,"href":"https:\/\/blogdoeloiltoncajuhy.com.br\/site\/wp-json\/wp\/v2\/posts\/12919\/revisions"}],"predecessor-version":[{"id":12922,"href":"https:\/\/blogdoeloiltoncajuhy.com.br\/site\/wp-json\/wp\/v2\/posts\/12919\/revisions\/12922"}],"wp:featuredmedia":[{"embeddable":true,"href":"https:\/\/blogdoeloiltoncajuhy.com.br\/site\/wp-json\/wp\/v2\/media\/12920"}],"wp:attachment":[{"href":"https:\/\/blogdoeloiltoncajuhy.com.br\/site\/wp-json\/wp\/v2\/media?parent=12919"}],"wp:term":[{"taxonomy":"category","embeddable":true,"href":"https:\/\/blogdoeloiltoncajuhy.com.br\/site\/wp-json\/wp\/v2\/categories?post=12919"},{"taxonomy":"post_tag","embeddable":true,"href":"https:\/\/blogdoeloiltoncajuhy.com.br\/site\/wp-json\/wp\/v2\/tags?post=12919"}],"curies":[{"name":"wp","href":"https:\/\/api.w.org\/{rel}","templated":true}]}}