{"id":12910,"date":"2016-10-20T05:51:09","date_gmt":"2016-10-20T08:51:09","guid":{"rendered":"http:\/\/blogdoeloiltoncajuhy.com.br\/site\/?p=12910"},"modified":"2016-10-20T05:51:09","modified_gmt":"2016-10-20T08:51:09","slug":"politica-moro-cassacao-de-cunha-nao-foi-suficiente-para-evitar-obstrucao-a-lava-jato","status":"publish","type":"post","link":"https:\/\/blogdoeloiltoncajuhy.com.br\/site\/politica-moro-cassacao-de-cunha-nao-foi-suficiente-para-evitar-obstrucao-a-lava-jato\/","title":{"rendered":"POL\u00cdTICA &#8211; Moro: cassa\u00e7\u00e3o de Cunha n\u00e3o foi suficiente para evitar obstru\u00e7\u00e3o \u00e0 Lava Jato"},"content":{"rendered":"<p><a href=\"https:\/\/i0.wp.com\/blogdoeloiltoncajuhy.com.br\/site\/wp-content\/uploads\/2016\/10\/sergio-moro_4-e1476953460370.jpg\"><img data-recalc-dims=\"1\" fetchpriority=\"high\" decoding=\"async\" class=\"aligncenter size-full wp-image-12911\" src=\"https:\/\/i0.wp.com\/blogdoeloiltoncajuhy.com.br\/site\/wp-content\/uploads\/2016\/10\/sergio-moro_4-e1476953460370.jpg?resize=500%2C300\" alt=\"sergio-moro_4\" width=\"500\" height=\"300\" \/><\/a>O juiz federal S\u00e9rgio Moro disse ontem\u00a0(19) que a perda do mandato do ex-deputado federal Eduardo Cunha n\u00e3o foi &#8220;suficiente para evitar novas obstru\u00e7\u00f5es&#8221; \u00e0s investiga\u00e7\u00f5es da Opera\u00e7\u00e3o Lava Jato. A afirma\u00e7\u00e3o est\u00e1 na decis\u00e3o na qual o juiz decretou a pris\u00e3o de Cunha por tempo indeterminado. O ex-parlamentar foi preso ontem\u00a0em Bras\u00edlia e transferido para a carceragem da Pol\u00edcia Federal em Curitiba.<\/p>\n<p>Ao atender o pedido de pris\u00e3o feito por procuradores da for\u00e7a-tarefa da Lava Jato, Moro disse que Eduardo Cunha tem como &#8220;modus operandi&#8221; agir &#8220;subrepticiamente, valendo-se de terceiros para obstruir ou intimidar&#8221;.<\/p>\n<p>&#8220;Embora a perda do mandato represente provavelmente alguma perda do poder de obstru\u00e7\u00e3o, esse n\u00e3o foi totalmente esvaziado, desconhecendo-se at\u00e9 o momento a total extens\u00e3o das atividades criminais do ex-parlamentar e a sua rede de influ\u00eancia.&#8221;, disse o juiz.<\/p>\n<p>Segundo Moro, h\u00e1 provas de que Cunha foi &#8221; benefici\u00e1rio de propinas&#8221; em contratos da Petrobras, em valores depositados em contas secretas no exterior e que n\u00e3o foram ainda totalmente recuperados. Para o juiz, a pris\u00e3o foi decretada para evitar a obstru\u00e7\u00e3o das investiga\u00e7\u00f5es e impedir que ele volte a cometer crimes, al\u00e9m de \u201cprevenir que o acusado se refugie no exterior com o produto do crime&#8221;.<\/p>\n<p>A pris\u00e3o foi decretada na a\u00e7\u00e3o penal em que o deputado cassado \u00e9 acusado de receber R$ 5 milh\u00f5es, que foram depositados em contas n\u00e3o declaradas na Su\u00ed\u00e7a. O valor seria oriundo de vantagens indevidas, obtidas com a compra de um campo de petr\u00f3leo pela Petrobras em Benin, na \u00c1frica. O processo foi aberto pelo Supremo Tribunal Federal, mas ap\u00f3s a cassa\u00e7\u00e3o do ex-deputado, a a\u00e7\u00e3o foi enviada para o juiz S\u00e9rgio Moro porque Cunha perdeu o foro privilegiado.<\/p>\n<p><strong>Defesa<\/strong><\/p>\n<p>Em nota, o ex-deputado Eduardo Cunha afirmou que a decreta\u00e7\u00e3o da pris\u00e3o \u00e9 uma &#8220;decis\u00e3o absurda&#8221; e &#8220;sem motiva\u00e7\u00e3o&#8221;.<\/p>\n<p>O documento afirma que &#8220;trata-se de uma decis\u00e3o absurda, sem nenhuma motiva\u00e7\u00e3o e utilizando-se dos argumentos de uma a\u00e7\u00e3o cautelar extinta pelo Supremo Tribunal Federal.<\/p>\n<p>Conforme a nota, &#8220;a referida a\u00e7\u00e3o cautelar do Supremo, que pedia minha pris\u00e3o preventiva, foi extinta e o juiz, nos fundamentos da decreta\u00e7\u00e3o de pris\u00e3o, utiliza os fundamentos dessa a\u00e7\u00e3o cautelar, bem como de fatos atinentes \u00e0 outros inqu\u00e9ritos que n\u00e3o est\u00e3o sob sua jurisdi\u00e7\u00e3o, n\u00e3o sendo ele juiz competente para deliberar&#8221;.\u00a0&#8220;Meus advogados tomar\u00e3o as medidas cab\u00edveis para enfrentar essa absurda decis\u00e3o&#8221;, acrescentou Cunha.<\/p>\n<p><em>*Ag\u00eancia Brasil<\/em><\/p>\n","protected":false},"excerpt":{"rendered":"<p>O juiz federal S\u00e9rgio Moro disse ontem\u00a0(19) que a perda do mandato do ex-deputado federal Eduardo Cunha n\u00e3o foi &#8220;suficiente para evitar novas obstru\u00e7\u00f5es&#8221; \u00e0s investiga\u00e7\u00f5es da Opera\u00e7\u00e3o Lava Jato. A afirma\u00e7\u00e3o est\u00e1 na decis\u00e3o na qual o juiz decretou a pris\u00e3o de Cunha por tempo indeterminado. O ex-parlamentar foi preso ontem\u00a0em Bras\u00edlia e transferido [&hellip;]<\/p>\n","protected":false},"author":2,"featured_media":12911,"comment_status":"open","ping_status":"open","sticky":false,"template":"","format":"standard","meta":{"_acf_changed":false,"_monsterinsights_skip_tracking":false,"_monsterinsights_sitenote_active":false,"_monsterinsights_sitenote_note":"","_monsterinsights_sitenote_category":0,"_jetpack_memberships_contains_paid_content":false,"footnotes":"","jetpack_publicize_message":"","jetpack_publicize_feature_enabled":true,"jetpack_social_post_already_shared":true,"jetpack_social_options":{"image_generator_settings":{"template":"highway","default_image_id":0,"font":"","enabled":false},"version":2}},"categories":[1,3],"tags":[],"class_list":["post-12910","post","type-post","status-publish","format-standard","has-post-thumbnail","hentry","category-noticias","category-politica"],"acf":[],"jetpack_publicize_connections":[],"jetpack_featured_media_url":"https:\/\/i0.wp.com\/blogdoeloiltoncajuhy.com.br\/site\/wp-content\/uploads\/2016\/10\/sergio-moro_4-e1476953460370.jpg?fit=500%2C300&ssl=1","jetpack_sharing_enabled":true,"publishpress_future_workflow_manual_trigger":{"enabledWorkflows":[]},"_links":{"self":[{"href":"https:\/\/blogdoeloiltoncajuhy.com.br\/site\/wp-json\/wp\/v2\/posts\/12910","targetHints":{"allow":["GET"]}}],"collection":[{"href":"https:\/\/blogdoeloiltoncajuhy.com.br\/site\/wp-json\/wp\/v2\/posts"}],"about":[{"href":"https:\/\/blogdoeloiltoncajuhy.com.br\/site\/wp-json\/wp\/v2\/types\/post"}],"author":[{"embeddable":true,"href":"https:\/\/blogdoeloiltoncajuhy.com.br\/site\/wp-json\/wp\/v2\/users\/2"}],"replies":[{"embeddable":true,"href":"https:\/\/blogdoeloiltoncajuhy.com.br\/site\/wp-json\/wp\/v2\/comments?post=12910"}],"version-history":[{"count":1,"href":"https:\/\/blogdoeloiltoncajuhy.com.br\/site\/wp-json\/wp\/v2\/posts\/12910\/revisions"}],"predecessor-version":[{"id":12912,"href":"https:\/\/blogdoeloiltoncajuhy.com.br\/site\/wp-json\/wp\/v2\/posts\/12910\/revisions\/12912"}],"wp:featuredmedia":[{"embeddable":true,"href":"https:\/\/blogdoeloiltoncajuhy.com.br\/site\/wp-json\/wp\/v2\/media\/12911"}],"wp:attachment":[{"href":"https:\/\/blogdoeloiltoncajuhy.com.br\/site\/wp-json\/wp\/v2\/media?parent=12910"}],"wp:term":[{"taxonomy":"category","embeddable":true,"href":"https:\/\/blogdoeloiltoncajuhy.com.br\/site\/wp-json\/wp\/v2\/categories?post=12910"},{"taxonomy":"post_tag","embeddable":true,"href":"https:\/\/blogdoeloiltoncajuhy.com.br\/site\/wp-json\/wp\/v2\/tags?post=12910"}],"curies":[{"name":"wp","href":"https:\/\/api.w.org\/{rel}","templated":true}]}}