{"id":12902,"date":"2016-10-19T16:04:21","date_gmt":"2016-10-19T19:04:21","guid":{"rendered":"http:\/\/blogdoeloiltoncajuhy.com.br\/site\/?p=12902"},"modified":"2016-10-19T16:04:21","modified_gmt":"2016-10-19T19:04:21","slug":"apos-ser-conduzida-coercitivamente-pela-pf-solange-almeida-deixa-depoimento-em-rede-social","status":"publish","type":"post","link":"https:\/\/blogdoeloiltoncajuhy.com.br\/site\/apos-ser-conduzida-coercitivamente-pela-pf-solange-almeida-deixa-depoimento-em-rede-social\/","title":{"rendered":"Ap\u00f3s ser conduzida coercitivamente pela PF, Solange Almeida deixa depoimento em rede social"},"content":{"rendered":"<figure id=\"attachment_12903\" aria-describedby=\"caption-attachment-12903\" style=\"width: 300px\" class=\"wp-caption alignright\"><a href=\"https:\/\/i0.wp.com\/blogdoeloiltoncajuhy.com.br\/site\/wp-content\/uploads\/2016\/10\/solange-almeida211.jpg\"><img data-recalc-dims=\"1\" fetchpriority=\"high\" decoding=\"async\" class=\"wp-image-12903 size-medium\" src=\"https:\/\/i0.wp.com\/blogdoeloiltoncajuhy.com.br\/site\/wp-content\/uploads\/2016\/10\/solange-almeida211.jpg?resize=300%2C221\" alt=\"solange-almeida211\" width=\"300\" height=\"221\" srcset=\"https:\/\/i0.wp.com\/blogdoeloiltoncajuhy.com.br\/site\/wp-content\/uploads\/2016\/10\/solange-almeida211.jpg?resize=300%2C221&amp;ssl=1 300w, https:\/\/i0.wp.com\/blogdoeloiltoncajuhy.com.br\/site\/wp-content\/uploads\/2016\/10\/solange-almeida211.jpg?resize=250%2C184&amp;ssl=1 250w, https:\/\/i0.wp.com\/blogdoeloiltoncajuhy.com.br\/site\/wp-content\/uploads\/2016\/10\/solange-almeida211.jpg?w=380&amp;ssl=1 380w\" sizes=\"(max-width: 300px) 100vw, 300px\" \/><\/a><figcaption id=\"caption-attachment-12903\" class=\"wp-caption-text\">Foto: Reprodu\u00e7\u00e3o Facebook<\/figcaption><\/figure>\n<p>Envolvida na Opera\u00e7\u00e3o \u201cFor All\u201d, que investiga a banda Avi\u00f5es do Forr\u00f3 por suspeita de sonega\u00e7\u00e3o de impostos e lavagem de dinheiro, a vocalista Solange Almeida escreveu um depoimento na manh\u00e3 desta quarta-feira (19) em sua conta de Facebook, demonstrando que algumas vezes precisou dizer \u201csim\u201d, sem ter vontade.<\/p>\n<p><em><strong>\u201cDizer sim quando quero dizer n\u00e3o \u00e9 dar mais valor aos outros do que a mim, \u00e9 n\u00e3o colocar meus limites, e isso \u00e9 n\u00e3o me respeitar. \u00c9 o mesmo que dizer que o que eu sinto n\u00e3o vale nada, que os outros podem passar por cima de mim \u00e0 vontade. E eles passam, sem d\u00f3 nem piedade. Hoje estou aprendendo a dizer n\u00e3o. Quando n\u00e3o quero alguma coisa, simplesmente digo n\u00e3o. Sem raiva nem emo\u00e7\u00e3o. Um n\u00e3o \u00e9 s\u00f3 uma negativa. \u00c9 nosso limite. Um direito que temos de decidir o que desejamos ou n\u00e3o fazer. A isso se d\u00e1 o nome de dignidade. Quando nos colocamos com sinceridade, dizendo o que sentimos, somos respeitados&#8221;<\/strong><\/em>, escreveu a cantora que recebeu nos coment\u00e1rios o apoio dos f\u00e3s.<\/p>\n<p><em>\u201cSobre tudo o que est\u00e1 acontecendo, eu s\u00f3 tenho uma coisa pra te falar: aquele que nunca errou que atire a primeira pedra! Ent\u00e3o essa \u00e9 uma das muitas li\u00e7\u00f5es que Deus nos deixou. E se de fato voc\u00eas erraram, procurem consertar o erro de voc\u00eas, e continuem firmes e com muito sucesso\u201d<\/em>, respondeu uma seguidora.<\/p>\n<p><em>*Bahia Not\u00edcias<\/em><\/p>\n","protected":false},"excerpt":{"rendered":"<p>Envolvida na Opera\u00e7\u00e3o \u201cFor All\u201d, que investiga a banda Avi\u00f5es do Forr\u00f3 por suspeita de sonega\u00e7\u00e3o de impostos e lavagem de dinheiro, a vocalista Solange Almeida escreveu um depoimento na manh\u00e3 desta quarta-feira (19) em sua conta de Facebook, demonstrando que algumas vezes precisou dizer \u201csim\u201d, sem ter vontade. \u201cDizer sim quando quero dizer n\u00e3o [&hellip;]<\/p>\n","protected":false},"author":2,"featured_media":12903,"comment_status":"open","ping_status":"open","sticky":false,"template":"","format":"standard","meta":{"_acf_changed":false,"_monsterinsights_skip_tracking":false,"_monsterinsights_sitenote_active":false,"_monsterinsights_sitenote_note":"","_monsterinsights_sitenote_category":0,"_jetpack_memberships_contains_paid_content":false,"footnotes":"","jetpack_publicize_message":"","jetpack_publicize_feature_enabled":true,"jetpack_social_post_already_shared":true,"jetpack_social_options":{"image_generator_settings":{"template":"highway","default_image_id":0,"font":"","enabled":false},"version":2}},"categories":[5,8,1],"tags":[],"class_list":["post-12902","post","type-post","status-publish","format-standard","has-post-thumbnail","hentry","category-cotidiano","category-cultura","category-noticias"],"acf":[],"jetpack_publicize_connections":[],"jetpack_featured_media_url":"https:\/\/i0.wp.com\/blogdoeloiltoncajuhy.com.br\/site\/wp-content\/uploads\/2016\/10\/solange-almeida211.jpg?fit=380%2C280&ssl=1","jetpack_sharing_enabled":true,"publishpress_future_workflow_manual_trigger":{"enabledWorkflows":[]},"_links":{"self":[{"href":"https:\/\/blogdoeloiltoncajuhy.com.br\/site\/wp-json\/wp\/v2\/posts\/12902","targetHints":{"allow":["GET"]}}],"collection":[{"href":"https:\/\/blogdoeloiltoncajuhy.com.br\/site\/wp-json\/wp\/v2\/posts"}],"about":[{"href":"https:\/\/blogdoeloiltoncajuhy.com.br\/site\/wp-json\/wp\/v2\/types\/post"}],"author":[{"embeddable":true,"href":"https:\/\/blogdoeloiltoncajuhy.com.br\/site\/wp-json\/wp\/v2\/users\/2"}],"replies":[{"embeddable":true,"href":"https:\/\/blogdoeloiltoncajuhy.com.br\/site\/wp-json\/wp\/v2\/comments?post=12902"}],"version-history":[{"count":1,"href":"https:\/\/blogdoeloiltoncajuhy.com.br\/site\/wp-json\/wp\/v2\/posts\/12902\/revisions"}],"predecessor-version":[{"id":12904,"href":"https:\/\/blogdoeloiltoncajuhy.com.br\/site\/wp-json\/wp\/v2\/posts\/12902\/revisions\/12904"}],"wp:featuredmedia":[{"embeddable":true,"href":"https:\/\/blogdoeloiltoncajuhy.com.br\/site\/wp-json\/wp\/v2\/media\/12903"}],"wp:attachment":[{"href":"https:\/\/blogdoeloiltoncajuhy.com.br\/site\/wp-json\/wp\/v2\/media?parent=12902"}],"wp:term":[{"taxonomy":"category","embeddable":true,"href":"https:\/\/blogdoeloiltoncajuhy.com.br\/site\/wp-json\/wp\/v2\/categories?post=12902"},{"taxonomy":"post_tag","embeddable":true,"href":"https:\/\/blogdoeloiltoncajuhy.com.br\/site\/wp-json\/wp\/v2\/tags?post=12902"}],"curies":[{"name":"wp","href":"https:\/\/api.w.org\/{rel}","templated":true}]}}