{"id":12898,"date":"2016-10-19T15:53:02","date_gmt":"2016-10-19T18:53:02","guid":{"rendered":"http:\/\/blogdoeloiltoncajuhy.com.br\/site\/?p=12898"},"modified":"2016-10-19T15:53:02","modified_gmt":"2016-10-19T18:53:02","slug":"operacao-lava-jato-eduardo-cunha-e-preso-pela-pf-em-brasilia-e-levado-para-curitiba","status":"publish","type":"post","link":"https:\/\/blogdoeloiltoncajuhy.com.br\/site\/operacao-lava-jato-eduardo-cunha-e-preso-pela-pf-em-brasilia-e-levado-para-curitiba\/","title":{"rendered":"OPERA\u00c7\u00c3O LAVA JATO: Eduardo Cunha \u00e9 preso pela PF em Bras\u00edlia e levado para Curitiba"},"content":{"rendered":"<figure id=\"attachment_12899\" aria-describedby=\"caption-attachment-12899\" style=\"width: 580px\" class=\"wp-caption aligncenter\"><a href=\"https:\/\/i0.wp.com\/blogdoeloiltoncajuhy.com.br\/site\/wp-content\/uploads\/2016\/10\/cunha-preso1.jpg\"><img data-recalc-dims=\"1\" fetchpriority=\"high\" decoding=\"async\" class=\"wp-image-12899 size-full\" src=\"https:\/\/i0.wp.com\/blogdoeloiltoncajuhy.com.br\/site\/wp-content\/uploads\/2016\/10\/cunha-preso1.jpg?resize=580%2C388\" alt=\"cunha-preso1\" width=\"580\" height=\"388\" srcset=\"https:\/\/i0.wp.com\/blogdoeloiltoncajuhy.com.br\/site\/wp-content\/uploads\/2016\/10\/cunha-preso1.jpg?w=580&amp;ssl=1 580w, https:\/\/i0.wp.com\/blogdoeloiltoncajuhy.com.br\/site\/wp-content\/uploads\/2016\/10\/cunha-preso1.jpg?resize=300%2C201&amp;ssl=1 300w, https:\/\/i0.wp.com\/blogdoeloiltoncajuhy.com.br\/site\/wp-content\/uploads\/2016\/10\/cunha-preso1.jpg?resize=250%2C167&amp;ssl=1 250w\" sizes=\"(max-width: 580px) 100vw, 580px\" \/><\/a><figcaption id=\"caption-attachment-12899\" class=\"wp-caption-text\">Bras\u00edlia &#8211; O ex-presidente da C\u00e2mara dos Deputados, Eduardo Cunha, embarca para Curitiba ap\u00f3s ser preso pela Pol\u00edcia Federal (Foto: Wilson Dias\/Ag\u00eancia Brasil)<\/figcaption><\/figure>\n<p>O deputado cassado Eduardo Cunha foi preso hoje (19) em Bras\u00edlia, no \u00e2mbito da Opera\u00e7\u00e3o Lava Jato. O pedido de pris\u00e3o preventiva do ex-presidente da C\u00e2mara dos Deputados foi emitido pelo juiz S\u00e9rgio Moro, que conduz as investiga\u00e7\u00f5es da Lava Jato, na primeira inst\u00e2ncia.<\/p>\n<p>A Pol\u00edcia Federal (PF) confirmou a pris\u00e3o preventiva e informou que Cunha est\u00e1 sendo levado para Curitiba, onde est\u00e3o sendo conduzidas as investiga\u00e7\u00f5es. A previs\u00e3o \u00e9 de que Cunha chegue entre as 17h e as 18h \u00e0 capital do Paran\u00e1. Ele embarcou no hangar da PF, no Aeroporto de Bras\u00edlia.<\/p>\n<p>Entre os argumentos utilizados para justificar o pedido de pris\u00e3o de Cunha, a for\u00e7a-tarefa de procuradores da Lava Jato afirmou que a liberdade do ex-deputado representava risco \u00e0s investiga\u00e7\u00f5es.<\/p>\n<p>Segundo a acusa\u00e7\u00e3o, &#8220;h\u00e1 evid\u00eancias&#8221; de que existem contas pertencentes a Cunha no exterior que ainda n\u00e3o foram identificadas, fato que coloca em risco as investiga\u00e7\u00f5es. Al\u00e9m disso, os procuradores ressaltaram que Cunha tem dupla nacionalidade (brasileira e italiana) e pode fugir do pa\u00eds.<\/p>\n<p>\u201cEnquanto n\u00e3o houver rastreamento completo do dinheiro e a total identifica\u00e7\u00e3o de sua localiza\u00e7\u00e3o atual, h\u00e1 risco de dissipa\u00e7\u00e3o do produto do crime, o que inviabilizar\u00e1 a sua recupera\u00e7\u00e3o. Enquanto n\u00e3o for afastado o risco de dissipa\u00e7\u00e3o do produto do crime, presente igualmente um risco maior de fuga ao exterior, uma vez que o acusado poderia se valer de recursos il\u00edcitos ali mantidos para facilitar fuga e ref\u00fagio no exterior\u201d, disse Moro na decis\u00e3o.<\/p>\n<p>A pris\u00e3o foi decretada na a\u00e7\u00e3o penal em que o deputado cassado \u00e9 acusado de receber R$ 5 milh\u00f5es, que foram depositados em contas n\u00e3o declaradas na Su\u00ed\u00e7a. O valor seria oriundo de vantagens indevidas, obtidas com a compra de um campo de petr\u00f3leo pela Petrobras em Benin, na \u00c1frica. O processo foi aberto pelo Supremo Federal, mas ap\u00f3s a cassa\u00e7\u00e3o do ex-deputado, a a\u00e7\u00e3o foi enviada para o juiz S\u00e9rgio Moro porque Cunha perdeu o foro privilegiado.<\/p>\n<p><em><a href=\"https:\/\/i0.wp.com\/blogdoeloiltoncajuhy.com.br\/site\/wp-content\/uploads\/2016\/10\/cunha-preso2.jpg\"><img data-recalc-dims=\"1\" decoding=\"async\" class=\"aligncenter wp-image-12900 size-full\" src=\"https:\/\/i0.wp.com\/blogdoeloiltoncajuhy.com.br\/site\/wp-content\/uploads\/2016\/10\/cunha-preso2.jpg?resize=600%2C1026\" alt=\"cunha-preso2\" width=\"600\" height=\"1026\" srcset=\"https:\/\/i0.wp.com\/blogdoeloiltoncajuhy.com.br\/site\/wp-content\/uploads\/2016\/10\/cunha-preso2.jpg?w=600&amp;ssl=1 600w, https:\/\/i0.wp.com\/blogdoeloiltoncajuhy.com.br\/site\/wp-content\/uploads\/2016\/10\/cunha-preso2.jpg?resize=175%2C300&amp;ssl=1 175w, https:\/\/i0.wp.com\/blogdoeloiltoncajuhy.com.br\/site\/wp-content\/uploads\/2016\/10\/cunha-preso2.jpg?resize=599%2C1024&amp;ssl=1 599w, https:\/\/i0.wp.com\/blogdoeloiltoncajuhy.com.br\/site\/wp-content\/uploads\/2016\/10\/cunha-preso2.jpg?resize=146%2C250&amp;ssl=1 146w\" sizes=\"(max-width: 600px) 100vw, 600px\" \/><\/a>*Ag\u00eancia Brasil<\/em><\/p>\n","protected":false},"excerpt":{"rendered":"<p>O deputado cassado Eduardo Cunha foi preso hoje (19) em Bras\u00edlia, no \u00e2mbito da Opera\u00e7\u00e3o Lava Jato. O pedido de pris\u00e3o preventiva do ex-presidente da C\u00e2mara dos Deputados foi emitido pelo juiz S\u00e9rgio Moro, que conduz as investiga\u00e7\u00f5es da Lava Jato, na primeira inst\u00e2ncia. A Pol\u00edcia Federal (PF) confirmou a pris\u00e3o preventiva e informou que [&hellip;]<\/p>\n","protected":false},"author":2,"featured_media":12900,"comment_status":"open","ping_status":"open","sticky":false,"template":"","format":"standard","meta":{"_acf_changed":false,"_monsterinsights_skip_tracking":false,"_monsterinsights_sitenote_active":false,"_monsterinsights_sitenote_note":"","_monsterinsights_sitenote_category":0,"_jetpack_memberships_contains_paid_content":false,"footnotes":"","jetpack_publicize_message":"","jetpack_publicize_feature_enabled":true,"jetpack_social_post_already_shared":true,"jetpack_social_options":{"image_generator_settings":{"template":"highway","default_image_id":0,"font":"","enabled":false},"version":2}},"categories":[1,3],"tags":[],"class_list":["post-12898","post","type-post","status-publish","format-standard","has-post-thumbnail","hentry","category-noticias","category-politica"],"acf":[],"jetpack_publicize_connections":[],"jetpack_featured_media_url":"https:\/\/i0.wp.com\/blogdoeloiltoncajuhy.com.br\/site\/wp-content\/uploads\/2016\/10\/cunha-preso2.jpg?fit=600%2C1026&ssl=1","jetpack_sharing_enabled":true,"publishpress_future_workflow_manual_trigger":{"enabledWorkflows":[]},"_links":{"self":[{"href":"https:\/\/blogdoeloiltoncajuhy.com.br\/site\/wp-json\/wp\/v2\/posts\/12898","targetHints":{"allow":["GET"]}}],"collection":[{"href":"https:\/\/blogdoeloiltoncajuhy.com.br\/site\/wp-json\/wp\/v2\/posts"}],"about":[{"href":"https:\/\/blogdoeloiltoncajuhy.com.br\/site\/wp-json\/wp\/v2\/types\/post"}],"author":[{"embeddable":true,"href":"https:\/\/blogdoeloiltoncajuhy.com.br\/site\/wp-json\/wp\/v2\/users\/2"}],"replies":[{"embeddable":true,"href":"https:\/\/blogdoeloiltoncajuhy.com.br\/site\/wp-json\/wp\/v2\/comments?post=12898"}],"version-history":[{"count":1,"href":"https:\/\/blogdoeloiltoncajuhy.com.br\/site\/wp-json\/wp\/v2\/posts\/12898\/revisions"}],"predecessor-version":[{"id":12901,"href":"https:\/\/blogdoeloiltoncajuhy.com.br\/site\/wp-json\/wp\/v2\/posts\/12898\/revisions\/12901"}],"wp:featuredmedia":[{"embeddable":true,"href":"https:\/\/blogdoeloiltoncajuhy.com.br\/site\/wp-json\/wp\/v2\/media\/12900"}],"wp:attachment":[{"href":"https:\/\/blogdoeloiltoncajuhy.com.br\/site\/wp-json\/wp\/v2\/media?parent=12898"}],"wp:term":[{"taxonomy":"category","embeddable":true,"href":"https:\/\/blogdoeloiltoncajuhy.com.br\/site\/wp-json\/wp\/v2\/categories?post=12898"},{"taxonomy":"post_tag","embeddable":true,"href":"https:\/\/blogdoeloiltoncajuhy.com.br\/site\/wp-json\/wp\/v2\/tags?post=12898"}],"curies":[{"name":"wp","href":"https:\/\/api.w.org\/{rel}","templated":true}]}}