{"id":12895,"date":"2016-10-19T15:45:14","date_gmt":"2016-10-19T18:45:14","guid":{"rendered":"http:\/\/blogdoeloiltoncajuhy.com.br\/site\/?p=12895"},"modified":"2016-10-19T15:45:14","modified_gmt":"2016-10-19T18:45:14","slug":"educacao-candidatos-ja-podem-consultar-locais-de-prova-do-enem-2016","status":"publish","type":"post","link":"https:\/\/blogdoeloiltoncajuhy.com.br\/site\/educacao-candidatos-ja-podem-consultar-locais-de-prova-do-enem-2016\/","title":{"rendered":"EDUCA\u00c7\u00c3O: Candidatos j\u00e1 podem consultar locais de prova do Enem 2016"},"content":{"rendered":"<p>Os candidatos do Exame Nacional do Ensino M\u00e9dio (Enem) 2016 j\u00e1 podem consultar o local onde far\u00e3o as provas, marcadas para os dias 5 e 6 de novembro. O acesso ao cart\u00e3o de confirma\u00e7\u00e3o de inscri\u00e7\u00e3o foi liberado hoje (19), \u00e0s 15h, e est\u00e1 dispon\u00edvel pela internet e tamb\u00e9m no aplicativo do Enem, nas plataformas Android, iOS e Windows Phone.<\/p>\n<figure id=\"attachment_12896\" aria-describedby=\"caption-attachment-12896\" style=\"width: 277px\" class=\"wp-caption alignleft\"><a href=\"https:\/\/i0.wp.com\/blogdoeloiltoncajuhy.com.br\/site\/wp-content\/uploads\/2016\/10\/enem_portao_marcello_casal.jpg\"><img data-recalc-dims=\"1\" decoding=\"async\" class=\"wp-image-12896 size-full\" src=\"https:\/\/i0.wp.com\/blogdoeloiltoncajuhy.com.br\/site\/wp-content\/uploads\/2016\/10\/enem_portao_marcello_casal.jpg?resize=277%2C160\" alt=\"enem_portao_marcello_casal\" width=\"277\" height=\"160\" srcset=\"https:\/\/i0.wp.com\/blogdoeloiltoncajuhy.com.br\/site\/wp-content\/uploads\/2016\/10\/enem_portao_marcello_casal.jpg?w=277&amp;ssl=1 277w, https:\/\/i0.wp.com\/blogdoeloiltoncajuhy.com.br\/site\/wp-content\/uploads\/2016\/10\/enem_portao_marcello_casal.jpg?resize=250%2C144&amp;ssl=1 250w\" sizes=\"(max-width: 277px) 100vw, 277px\" \/><\/a><figcaption id=\"caption-attachment-12896\" class=\"wp-caption-text\">No dia do Enem, estudantes devem chegar aos locais de prova com anteced\u00eancia (Foto: Arquivo\/Marcello Casal\/Ag\u00eancia Brasil)<\/figcaption><\/figure>\n<p>Para evitar os j\u00e1 famosos atrasos, a recomenda\u00e7\u00e3o \u00e9 que os candidatos fa\u00e7am o caminho de casa at\u00e9 o local de prova antes da data do exame para conhecer o trajeto e evitar imprevistos. No dia da prova, a orienta\u00e7\u00e3o \u00e9 chegar com anteced\u00eancia ao local \u2013 os port\u00f5es abrem uma hora antes do in\u00edcio do exame.<\/p>\n<p>O cart\u00e3o de confirma\u00e7\u00e3o, al\u00e9m do local, data e hor\u00e1rio de prova, traz o n\u00famero de inscri\u00e7\u00e3o do estudante, a op\u00e7\u00e3o de l\u00edngua estrangeira e, quando for o caso, a indica\u00e7\u00e3o de atendimento especializado e espec\u00edfico e a solicita\u00e7\u00e3o de certifica\u00e7\u00e3o do ensino m\u00e9dio.<\/p>\n<p>Para obter o cart\u00e3o, o participante deve acessar o site do Enem na \u00e1rea destinada ao participante. \u00c9 preciso informar CPF e senha.<\/p>\n<p><strong>Enem 2016<\/strong><\/p>\n<p>Mais de 8,6 milh\u00f5es de candidatos se inscreveram no Enem neste ano. Nos dois dias de prova, os port\u00f5es ser\u00e3o abertos \u00e0s 12h e fechados \u00e0s 13h, no hor\u00e1rio de Bras\u00edlia. Os estudantes devem ficar atentos ao hor\u00e1rio de ver\u00e3o e verificar na localidade onde moram o hor\u00e1rio exato do exame. As provas come\u00e7am a ser aplicadas \u00e0s 13h30.<\/p>\n<p>No primeiro dia, ser\u00e3o realizadas as provas de ci\u00eancias humanas e de ci\u00eancias da natureza, com dura\u00e7\u00e3o de quatro horas e meia. No segundo dia, os participantes ter\u00e3o cinco horas e meia para resolver quest\u00f5es de linguagens e c\u00f3digos, reda\u00e7\u00e3o e matem\u00e1tica.<\/p>\n<p>A nota do Enem \u00e9 usada na sele\u00e7\u00e3o para vagas em institui\u00e7\u00f5es p\u00fablicas, por meio do Sistema de Sele\u00e7\u00e3o Unificada (Sisu); bolsas na educa\u00e7\u00e3o superior privada, pelo Programa Universidade para Todos (ProUni); al\u00e9m de ser requisito para receber o benef\u00edcio do Fundo de Financiamento Estudantil (Fies). Para pessoas maiores de 18 anos, o Enem pode ser usado como certifica\u00e7\u00e3o do ensino m\u00e9dio.<\/p>\n<p><em>*Ag\u00eancia Brasil<\/em><\/p>\n","protected":false},"excerpt":{"rendered":"<p>Os candidatos do Exame Nacional do Ensino M\u00e9dio (Enem) 2016 j\u00e1 podem consultar o local onde far\u00e3o as provas, marcadas para os dias 5 e 6 de novembro. O acesso ao cart\u00e3o de confirma\u00e7\u00e3o de inscri\u00e7\u00e3o foi liberado hoje (19), \u00e0s 15h, e est\u00e1 dispon\u00edvel pela internet e tamb\u00e9m no aplicativo do Enem, nas plataformas [&hellip;]<\/p>\n","protected":false},"author":2,"featured_media":12896,"comment_status":"open","ping_status":"open","sticky":false,"template":"","format":"standard","meta":{"_acf_changed":false,"_monsterinsights_skip_tracking":false,"_monsterinsights_sitenote_active":false,"_monsterinsights_sitenote_note":"","_monsterinsights_sitenote_category":0,"_jetpack_memberships_contains_paid_content":false,"footnotes":"","jetpack_publicize_message":"","jetpack_publicize_feature_enabled":true,"jetpack_social_post_already_shared":true,"jetpack_social_options":{"image_generator_settings":{"template":"highway","default_image_id":0,"font":"","enabled":false},"version":2}},"categories":[14,1],"tags":[],"class_list":["post-12895","post","type-post","status-publish","format-standard","has-post-thumbnail","hentry","category-educacao","category-noticias"],"acf":[],"jetpack_publicize_connections":[],"jetpack_featured_media_url":"https:\/\/i0.wp.com\/blogdoeloiltoncajuhy.com.br\/site\/wp-content\/uploads\/2016\/10\/enem_portao_marcello_casal.jpg?fit=277%2C160&ssl=1","jetpack_sharing_enabled":true,"publishpress_future_workflow_manual_trigger":{"enabledWorkflows":[]},"_links":{"self":[{"href":"https:\/\/blogdoeloiltoncajuhy.com.br\/site\/wp-json\/wp\/v2\/posts\/12895","targetHints":{"allow":["GET"]}}],"collection":[{"href":"https:\/\/blogdoeloiltoncajuhy.com.br\/site\/wp-json\/wp\/v2\/posts"}],"about":[{"href":"https:\/\/blogdoeloiltoncajuhy.com.br\/site\/wp-json\/wp\/v2\/types\/post"}],"author":[{"embeddable":true,"href":"https:\/\/blogdoeloiltoncajuhy.com.br\/site\/wp-json\/wp\/v2\/users\/2"}],"replies":[{"embeddable":true,"href":"https:\/\/blogdoeloiltoncajuhy.com.br\/site\/wp-json\/wp\/v2\/comments?post=12895"}],"version-history":[{"count":1,"href":"https:\/\/blogdoeloiltoncajuhy.com.br\/site\/wp-json\/wp\/v2\/posts\/12895\/revisions"}],"predecessor-version":[{"id":12897,"href":"https:\/\/blogdoeloiltoncajuhy.com.br\/site\/wp-json\/wp\/v2\/posts\/12895\/revisions\/12897"}],"wp:featuredmedia":[{"embeddable":true,"href":"https:\/\/blogdoeloiltoncajuhy.com.br\/site\/wp-json\/wp\/v2\/media\/12896"}],"wp:attachment":[{"href":"https:\/\/blogdoeloiltoncajuhy.com.br\/site\/wp-json\/wp\/v2\/media?parent=12895"}],"wp:term":[{"taxonomy":"category","embeddable":true,"href":"https:\/\/blogdoeloiltoncajuhy.com.br\/site\/wp-json\/wp\/v2\/categories?post=12895"},{"taxonomy":"post_tag","embeddable":true,"href":"https:\/\/blogdoeloiltoncajuhy.com.br\/site\/wp-json\/wp\/v2\/tags?post=12895"}],"curies":[{"name":"wp","href":"https:\/\/api.w.org\/{rel}","templated":true}]}}