{"id":12892,"date":"2016-10-19T11:06:26","date_gmt":"2016-10-19T14:06:26","guid":{"rendered":"http:\/\/blogdoeloiltoncajuhy.com.br\/site\/?p=12892"},"modified":"2016-10-19T11:06:26","modified_gmt":"2016-10-19T14:06:26","slug":"policia-preso-em-sao-paulo-homem-acusado-de-matar-sargento-da-pm-de-bonfim","status":"publish","type":"post","link":"https:\/\/blogdoeloiltoncajuhy.com.br\/site\/policia-preso-em-sao-paulo-homem-acusado-de-matar-sargento-da-pm-de-bonfim\/","title":{"rendered":"POL\u00cdCIA: Preso em S\u00e3o Paulo, homem acusado de matar sargento da PM de Bonfim"},"content":{"rendered":"<figure id=\"attachment_12893\" aria-describedby=\"caption-attachment-12893\" style=\"width: 331px\" class=\"wp-caption aligncenter\"><a href=\"https:\/\/i0.wp.com\/blogdoeloiltoncajuhy.com.br\/site\/wp-content\/uploads\/2016\/10\/c%C3%A9sar-jos%C3%A9-da-silva.jpeg\"><img data-recalc-dims=\"1\" fetchpriority=\"high\" decoding=\"async\" class=\"wp-image-12893 size-full\" src=\"https:\/\/i0.wp.com\/blogdoeloiltoncajuhy.com.br\/site\/wp-content\/uploads\/2016\/10\/c%C3%A9sar-jos%C3%A9-da-silva.jpeg?resize=331%2C411\" alt=\"cesar-jose-da-silva\" width=\"331\" height=\"411\" srcset=\"https:\/\/i0.wp.com\/blogdoeloiltoncajuhy.com.br\/site\/wp-content\/uploads\/2016\/10\/c%C3%A9sar-jos%C3%A9-da-silva.jpeg?w=331&amp;ssl=1 331w, https:\/\/i0.wp.com\/blogdoeloiltoncajuhy.com.br\/site\/wp-content\/uploads\/2016\/10\/c%C3%A9sar-jos%C3%A9-da-silva.jpeg?resize=242%2C300&amp;ssl=1 242w, https:\/\/i0.wp.com\/blogdoeloiltoncajuhy.com.br\/site\/wp-content\/uploads\/2016\/10\/c%C3%A9sar-jos%C3%A9-da-silva.jpeg?resize=201%2C250&amp;ssl=1 201w\" sizes=\"(max-width: 331px) 100vw, 331px\" \/><\/a><figcaption id=\"caption-attachment-12893\" class=\"wp-caption-text\">C\u00e9sar \u00e9 acusado da morte do PM Big Som (Foto: Pol\u00edcia Civil de S\u00e3o Paulo)<\/figcaption><\/figure>\n<p>Ap\u00f3s intensa investiga\u00e7\u00e3o, comandada por Dr. Virg\u00edlio, Delegado de Pol\u00edcia de Senhor do Bonfim, foi localizado e preso, nesta ter\u00e7a-feira (18), na cidade de Carapicu\u00edba-SP, o indiv\u00edduo identificado como <strong>C\u00e9sar Jos\u00e9 da Silva<\/strong>, acusado de matar o Sargento PM <strong>Carlos Alberto Souza e Silva<\/strong>, mais conhecido como <strong>Big Som<\/strong>.<\/p>\n<p>O crime\u00a0ocorreu no dia 3 de maio do ano passado, pr\u00f3ximo a ch\u00e1cara da v\u00edtima, localizada na regi\u00e3o do Povoado de Bara\u00fana, interior de Senhor do Bonfim. Conforme investiga\u00e7\u00f5es da pol\u00edcia,\u00a0no dia do crime Big Som conduzia seu veiculo na estrada que liga a sede do nosso munic\u00edpio ao Distrito de Igara, quando se envolveu em um acidente de tr\u00e2nsito com o acusado que trafegava pela pista de moto.<\/p>\n<p>Minutos depois do acidente, houve uma discuss\u00e3o entre ambos, nas proximidades da ch\u00e1cara da v\u00edtima, resultando na morte de Carlos Aberto. C\u00e9sar teria desferido v\u00e1rios golpes de faca contra Big Som, que acabou morrendo. Ap\u00f3s o crime, o acusado fugiu do flagrante sendo localizado nesta ter\u00e7a-feira, em Carapicu\u00edba, interior de S\u00e3o Paulo. A pris\u00e3o foi efetuada pela pol\u00edcia paulista, ap\u00f3s contato da Pol\u00edcia Civil de Bonfim.<\/p>\n<p>A Justi\u00e7a de nossa cidade j\u00e1 havia concedido mandado de pris\u00e3o contra C\u00e9sar Jos\u00e9 da Silva. A qualquer momento, ele ser\u00e1 transferido para Senhor do Bonfim, onde ir\u00e1 responder pela morte do Sargento PM Big Som.<\/p>\n<p><em>*BLOG DO ELOILTON CAJUHY &#8211; Com informa\u00e7\u00f5es da Pol\u00edcia Civil de Bonfim<\/em><\/p>\n","protected":false},"excerpt":{"rendered":"<p>Ap\u00f3s intensa investiga\u00e7\u00e3o, comandada por Dr. Virg\u00edlio, Delegado de Pol\u00edcia de Senhor do Bonfim, foi localizado e preso, nesta ter\u00e7a-feira (18), na cidade de Carapicu\u00edba-SP, o indiv\u00edduo identificado como C\u00e9sar Jos\u00e9 da Silva, acusado de matar o Sargento PM Carlos Alberto Souza e Silva, mais conhecido como Big Som. O crime\u00a0ocorreu no dia 3 de [&hellip;]<\/p>\n","protected":false},"author":2,"featured_media":12893,"comment_status":"open","ping_status":"open","sticky":false,"template":"","format":"standard","meta":{"_acf_changed":false,"_monsterinsights_skip_tracking":false,"_monsterinsights_sitenote_active":false,"_monsterinsights_sitenote_note":"","_monsterinsights_sitenote_category":0,"_jetpack_memberships_contains_paid_content":false,"footnotes":"","jetpack_publicize_message":"","jetpack_publicize_feature_enabled":true,"jetpack_social_post_already_shared":true,"jetpack_social_options":{"image_generator_settings":{"template":"highway","default_image_id":0,"font":"","enabled":false},"version":2}},"categories":[5,1,4],"tags":[],"class_list":["post-12892","post","type-post","status-publish","format-standard","has-post-thumbnail","hentry","category-cotidiano","category-noticias","category-local"],"acf":[],"jetpack_publicize_connections":[],"jetpack_featured_media_url":"https:\/\/i0.wp.com\/blogdoeloiltoncajuhy.com.br\/site\/wp-content\/uploads\/2016\/10\/c%C3%A9sar-jos%C3%A9-da-silva.jpeg?fit=331%2C411&ssl=1","jetpack_sharing_enabled":true,"publishpress_future_workflow_manual_trigger":{"enabledWorkflows":[]},"_links":{"self":[{"href":"https:\/\/blogdoeloiltoncajuhy.com.br\/site\/wp-json\/wp\/v2\/posts\/12892","targetHints":{"allow":["GET"]}}],"collection":[{"href":"https:\/\/blogdoeloiltoncajuhy.com.br\/site\/wp-json\/wp\/v2\/posts"}],"about":[{"href":"https:\/\/blogdoeloiltoncajuhy.com.br\/site\/wp-json\/wp\/v2\/types\/post"}],"author":[{"embeddable":true,"href":"https:\/\/blogdoeloiltoncajuhy.com.br\/site\/wp-json\/wp\/v2\/users\/2"}],"replies":[{"embeddable":true,"href":"https:\/\/blogdoeloiltoncajuhy.com.br\/site\/wp-json\/wp\/v2\/comments?post=12892"}],"version-history":[{"count":1,"href":"https:\/\/blogdoeloiltoncajuhy.com.br\/site\/wp-json\/wp\/v2\/posts\/12892\/revisions"}],"predecessor-version":[{"id":12894,"href":"https:\/\/blogdoeloiltoncajuhy.com.br\/site\/wp-json\/wp\/v2\/posts\/12892\/revisions\/12894"}],"wp:featuredmedia":[{"embeddable":true,"href":"https:\/\/blogdoeloiltoncajuhy.com.br\/site\/wp-json\/wp\/v2\/media\/12893"}],"wp:attachment":[{"href":"https:\/\/blogdoeloiltoncajuhy.com.br\/site\/wp-json\/wp\/v2\/media?parent=12892"}],"wp:term":[{"taxonomy":"category","embeddable":true,"href":"https:\/\/blogdoeloiltoncajuhy.com.br\/site\/wp-json\/wp\/v2\/categories?post=12892"},{"taxonomy":"post_tag","embeddable":true,"href":"https:\/\/blogdoeloiltoncajuhy.com.br\/site\/wp-json\/wp\/v2\/tags?post=12892"}],"curies":[{"name":"wp","href":"https:\/\/api.w.org\/{rel}","templated":true}]}}