{"id":12847,"date":"2016-10-16T21:31:16","date_gmt":"2016-10-17T00:31:16","guid":{"rendered":"http:\/\/blogdoeloiltoncajuhy.com.br\/site\/?p=12847"},"modified":"2016-10-16T21:31:16","modified_gmt":"2016-10-17T00:31:16","slug":"o-video-iria-estourar-diz-jovem-sobre-a-pegadinha-do-palhaco-em-juazeiro-ba","status":"publish","type":"post","link":"https:\/\/blogdoeloiltoncajuhy.com.br\/site\/o-video-iria-estourar-diz-jovem-sobre-a-pegadinha-do-palhaco-em-juazeiro-ba\/","title":{"rendered":"\u201cO v\u00eddeo iria estourar\u201d, diz jovem sobre a pegadinha do palha\u00e7o em Juazeiro (BA)"},"content":{"rendered":"<p><a href=\"https:\/\/i0.wp.com\/blogdoeloiltoncajuhy.com.br\/site\/wp-content\/uploads\/2016\/10\/lucas.jpg\"><img data-recalc-dims=\"1\" fetchpriority=\"high\" decoding=\"async\" class=\"size-full wp-image-12848 alignright\" src=\"https:\/\/i0.wp.com\/blogdoeloiltoncajuhy.com.br\/site\/wp-content\/uploads\/2016\/10\/lucas.jpg?resize=169%2C300\" alt=\"lucas\" width=\"169\" height=\"300\" srcset=\"https:\/\/i0.wp.com\/blogdoeloiltoncajuhy.com.br\/site\/wp-content\/uploads\/2016\/10\/lucas.jpg?w=169&amp;ssl=1 169w, https:\/\/i0.wp.com\/blogdoeloiltoncajuhy.com.br\/site\/wp-content\/uploads\/2016\/10\/lucas.jpg?resize=141%2C250&amp;ssl=1 141w\" sizes=\"(max-width: 169px) 100vw, 169px\" \/><\/a>Lucas tem 18 anos, mora em Juazeiro (BA), canta numa banda de rock, j\u00e1 concluiu o ensino m\u00e9dio e est\u00e1 tentando a faculdade. Para ocupar o tempo, como tantos outros jovens, navega pela internet e criou um canal no youtube, onde posta seus v\u00eddeos. Na noite de ontem (15) ele foi encaminhado a delegacia para responder por uma \u201cbrincadeira\u201d que terminou mal.<\/p>\n<p>Pegando carona na \u201cpegadinha\u201d do palha\u00e7o que vem se espalhando pa\u00eds a fora, Lucas se fantasiou e, portando um viol\u00e3o e um machado, tentou assustar as pessoas nas ruas de Juazeiro. A inten\u00e7\u00e3o era gravar um v\u00eddeo e \u201cestourar\u201d de acessos, divulgando seu canal. &#8220;A brincadeira&#8221;, compartilhada com mais dois amigos que estavam gravando a \u201cpegadinha\u201d , come\u00e7ou no centro da cidade e terminou no Bairro S\u00e3o Geraldo, quando a pol\u00edcia chegou e levou a turma toda para a delegacia.\u00a0Lucas e os amigos ficaram detidos por algumas horas at\u00e9 que a situa\u00e7\u00e3o ficasse esclarecida e dever\u00e3o responder pela brincadeira arriscada.<\/p>\n<p>Ainda n\u00e3o conseguimos falar com o delegado respons\u00e1vel para saber se h\u00e1 tipifica\u00e7\u00e3o criminal para o ato infantil dos jovens. O machado foi apreendido. Lucas foi ferido na perna por \u201cbalas de borracha\u201d, aprendeu a li\u00e7\u00e3o e, em conversa com o <strong>Preto no Branco<\/strong> se mostrou assustado e arrependido da travessura \u201dEu n\u00e3o imaginava que chegaria a tanto. Estou arrependido e alerto as outras pessoas a n\u00e3o fazerem o mesmo. Eu s\u00f3 queria gravar um v\u00eddeo assustando as pessoas com aquela fantasia bizarra. Jamais iria fazer mal a qualquer pessoa. Eu sou do bem. Foi uma criancice sim, mas sem maldade nenhuma\u201d, declarou.<\/p>\n<p>Lucas agora ficou famoso em Juazeiro e regi\u00e3o. Ganhou as redes sociais tamb\u00e9m. Seu canal ganhou mais acessos e as solicita\u00e7\u00f5es de amizade no Facebook crescem a cada minuto. Lucas est\u00e1 na m\u00eddia, na imprensa regional \u201dMe assustei quando vi o caso na imprensa. Mas ningu\u00e9m entrou em contato comigo para saber a minha vers\u00e3o. N\u00e3o sou criminoso e n\u00e3o tinha inten\u00e7\u00e3o de causar nenhum dano as pessoas. Por favor, n\u00e3o me interpretem mal e nem me julguem. Foi uma brincadeira que acabou mal\u201d, esclareceu o jovem que fez um apelo na sua p\u00e1gina do Facebook.<\/p>\n<p><em>\u201dSe puderem compartilhar isso, eu agrade\u00e7o. Galera, foi o seguinte, como voc\u00eas j\u00e1 sabem eu criei um canal no youtube pra ver se ganhava alguma grana com finalidade de juntar essa grana para botar uns planos que tenho pra frente. Quis iniciar o canal porque via v\u00e1rias pessoas que n\u00e3o tinham o que fazer ganhando dinheiro com \u201csua falta do que fazer\u201d. Beleza. J\u00e1 tinha procurado trabalhos mas, infelizmente n\u00e3o achei.<\/em><\/p>\n<p><em>A pegadinha do palha\u00e7o est\u00e1 famosa. Pensei que fazendo isso, automaticamente, o v\u00eddeo ia \u2018estourar\u2019 aqui pela regi\u00e3o (falei isso no primeiro v\u00eddeo que publiquei) e logo meu canal ia ficar um pouco conhecido. A partir da\u00ed, j\u00e1 era! S\u00f3 que como voc\u00eas viram, n\u00e3o deu muito certo. Um conselho: baixe esse teu senso de superioridade, porque isso \u00e9 muito \u2018f\u00eai\u2019. Voc\u00ea n\u00e3o \u00e9 superior. Ningu\u00e9m \u00e9 superior a ningu\u00e9m.<\/em><\/p>\n<p><em>Como voc\u00eas viram, n\u00e3o ficou legal. N\u00e3o fa\u00e7am isso, usem sua falta do que fazer pra fazer outra coisa\u201d.<\/em><\/p>\n<p>Ao que parece, Lucas aprendeu a li\u00e7\u00e3o. Que sirva de exemplo para aqueles que querem ganhar \u201clikes\u201d e acessos a qualquer custo.\u00a0Mais bom senso, por favor. Mais bom senso na rede, nas ruas\u2026 Mais leveza tamb\u00e9m, por favor! N\u00e3o condenem o garoto que, deslumbrado com a poss\u00edvel \u201cfama\u201d que poderia conquistar, n\u00e3o mediu consequ\u00eancias e agiu como o garoto que \u00e9.<\/p>\n<p><em>*Sibelle Fonseca<\/em><\/p>\n","protected":false},"excerpt":{"rendered":"<p>Lucas tem 18 anos, mora em Juazeiro (BA), canta numa banda de rock, j\u00e1 concluiu o ensino m\u00e9dio e est\u00e1 tentando a faculdade. Para ocupar o tempo, como tantos outros jovens, navega pela internet e criou um canal no youtube, onde posta seus v\u00eddeos. Na noite de ontem (15) ele foi encaminhado a delegacia para [&hellip;]<\/p>\n","protected":false},"author":2,"featured_media":12848,"comment_status":"open","ping_status":"open","sticky":false,"template":"","format":"standard","meta":{"_acf_changed":false,"_monsterinsights_skip_tracking":false,"_monsterinsights_sitenote_active":false,"_monsterinsights_sitenote_note":"","_monsterinsights_sitenote_category":0,"_jetpack_memberships_contains_paid_content":false,"footnotes":"","jetpack_publicize_message":"","jetpack_publicize_feature_enabled":true,"jetpack_social_post_already_shared":true,"jetpack_social_options":{"image_generator_settings":{"template":"highway","default_image_id":0,"font":"","enabled":false},"version":2}},"categories":[5,1,11],"tags":[],"class_list":["post-12847","post","type-post","status-publish","format-standard","has-post-thumbnail","hentry","category-cotidiano","category-noticias","category-regional"],"acf":[],"jetpack_publicize_connections":[],"jetpack_featured_media_url":"https:\/\/i0.wp.com\/blogdoeloiltoncajuhy.com.br\/site\/wp-content\/uploads\/2016\/10\/lucas.jpg?fit=169%2C300&ssl=1","jetpack_sharing_enabled":true,"publishpress_future_workflow_manual_trigger":{"enabledWorkflows":[]},"_links":{"self":[{"href":"https:\/\/blogdoeloiltoncajuhy.com.br\/site\/wp-json\/wp\/v2\/posts\/12847","targetHints":{"allow":["GET"]}}],"collection":[{"href":"https:\/\/blogdoeloiltoncajuhy.com.br\/site\/wp-json\/wp\/v2\/posts"}],"about":[{"href":"https:\/\/blogdoeloiltoncajuhy.com.br\/site\/wp-json\/wp\/v2\/types\/post"}],"author":[{"embeddable":true,"href":"https:\/\/blogdoeloiltoncajuhy.com.br\/site\/wp-json\/wp\/v2\/users\/2"}],"replies":[{"embeddable":true,"href":"https:\/\/blogdoeloiltoncajuhy.com.br\/site\/wp-json\/wp\/v2\/comments?post=12847"}],"version-history":[{"count":1,"href":"https:\/\/blogdoeloiltoncajuhy.com.br\/site\/wp-json\/wp\/v2\/posts\/12847\/revisions"}],"predecessor-version":[{"id":12849,"href":"https:\/\/blogdoeloiltoncajuhy.com.br\/site\/wp-json\/wp\/v2\/posts\/12847\/revisions\/12849"}],"wp:featuredmedia":[{"embeddable":true,"href":"https:\/\/blogdoeloiltoncajuhy.com.br\/site\/wp-json\/wp\/v2\/media\/12848"}],"wp:attachment":[{"href":"https:\/\/blogdoeloiltoncajuhy.com.br\/site\/wp-json\/wp\/v2\/media?parent=12847"}],"wp:term":[{"taxonomy":"category","embeddable":true,"href":"https:\/\/blogdoeloiltoncajuhy.com.br\/site\/wp-json\/wp\/v2\/categories?post=12847"},{"taxonomy":"post_tag","embeddable":true,"href":"https:\/\/blogdoeloiltoncajuhy.com.br\/site\/wp-json\/wp\/v2\/tags?post=12847"}],"curies":[{"name":"wp","href":"https:\/\/api.w.org\/{rel}","templated":true}]}}