{"id":12845,"date":"2016-10-16T21:20:40","date_gmt":"2016-10-17T00:20:40","guid":{"rendered":"http:\/\/blogdoeloiltoncajuhy.com.br\/site\/?p=12845"},"modified":"2016-10-16T21:20:40","modified_gmt":"2016-10-17T00:20:40","slug":"comece-a-segunda-feira-meditando-evangelho-lc-1213-21","status":"publish","type":"post","link":"https:\/\/blogdoeloiltoncajuhy.com.br\/site\/comece-a-segunda-feira-meditando-evangelho-lc-1213-21\/","title":{"rendered":"COMECE A SEGUNDA-FEIRA MEDITANDO: Evangelho (Lc 12,13-21)"},"content":{"rendered":"<p><a href=\"https:\/\/i0.wp.com\/blogdoeloiltoncajuhy.com.br\/site\/wp-content\/uploads\/2015\/10\/liturgia_diaria.jpg\"><img data-recalc-dims=\"1\" fetchpriority=\"high\" decoding=\"async\" class=\"alignleft wp-image-4757 size-medium\" src=\"https:\/\/i0.wp.com\/blogdoeloiltoncajuhy.com.br\/site\/wp-content\/uploads\/2015\/10\/liturgia_diaria.jpg?resize=300%2C227\" alt=\"liturgia_diaria\" width=\"300\" height=\"227\" srcset=\"https:\/\/i0.wp.com\/blogdoeloiltoncajuhy.com.br\/site\/wp-content\/uploads\/2015\/10\/liturgia_diaria.jpg?resize=300%2C227&amp;ssl=1 300w, https:\/\/i0.wp.com\/blogdoeloiltoncajuhy.com.br\/site\/wp-content\/uploads\/2015\/10\/liturgia_diaria.jpg?resize=250%2C189&amp;ssl=1 250w, https:\/\/i0.wp.com\/blogdoeloiltoncajuhy.com.br\/site\/wp-content\/uploads\/2015\/10\/liturgia_diaria.jpg?w=449&amp;ssl=1 449w\" sizes=\"(max-width: 300px) 100vw, 300px\" \/><\/a>Naquele tempo, algu\u00e9m, do meio da multid\u00e3o, disse a Jesus: \u201cMestre, dize ao meu irm\u00e3o que reparta a heran\u00e7a comigo\u201d.<\/p>\n<p>Jesus respondeu: \u201cHomem, quem me encarregou de julgar ou de dividir vossos bens?\u201d E disse-lhes: \u201cAten\u00e7\u00e3o! Tomai cuidado contra todo tipo de gan\u00e2ncia, porque, mesmo que algu\u00e9m tenha muitas coisas, a vida de um homem n\u00e3o consiste na abund\u00e2ncia de bens\u201d.<\/p>\n<p>E contou-lhes uma par\u00e1bola: \u201cA terra de um homem rico deu uma grande colheita. Ele pensava consigo mesmo: \u2018Que vou fazer? N\u00e3o tenho onde guardar minha colheita\u2019. Ent\u00e3o resolveu: \u2018J\u00e1 sei o que vou fazer! Vou derrubar meus celeiros e construir maiores; neles vou guardar todo o meu trigo, junto com os meus bens.<\/p>\n<p>Ent\u00e3o poderei dizer a mim mesmo: Meu caro, tu tens uma boa reserva para muitos anos. Descansa, come, bebe, aproveita!\u2019 Mas Deus lhe disse: \u2018Louco! Ainda nesta noite, pedir\u00e3o de volta a tua vida. E para quem ficar\u00e1 o que tu acumulaste?\u2019 Assim acontece com quem ajunta tesouros para si mesmo, mas n\u00e3o \u00e9 rico diante de Deus\u201d.<\/p>\n<p><em>*Can\u00e7\u00e3o Nova<\/em><\/p>\n","protected":false},"excerpt":{"rendered":"<p>Naquele tempo, algu\u00e9m, do meio da multid\u00e3o, disse a Jesus: \u201cMestre, dize ao meu irm\u00e3o que reparta a heran\u00e7a comigo\u201d. Jesus respondeu: \u201cHomem, quem me encarregou de julgar ou de dividir vossos bens?\u201d E disse-lhes: \u201cAten\u00e7\u00e3o! Tomai cuidado contra todo tipo de gan\u00e2ncia, porque, mesmo que algu\u00e9m tenha muitas coisas, a vida de um homem [&hellip;]<\/p>\n","protected":false},"author":2,"featured_media":0,"comment_status":"open","ping_status":"open","sticky":false,"template":"","format":"standard","meta":{"_acf_changed":false,"_monsterinsights_skip_tracking":false,"_monsterinsights_sitenote_active":false,"_monsterinsights_sitenote_note":"","_monsterinsights_sitenote_category":0,"_jetpack_memberships_contains_paid_content":false,"footnotes":"","jetpack_publicize_message":"","jetpack_publicize_feature_enabled":true,"jetpack_social_post_already_shared":true,"jetpack_social_options":{"image_generator_settings":{"template":"highway","default_image_id":0,"font":"","enabled":false},"version":2}},"categories":[1,9],"tags":[],"class_list":["post-12845","post","type-post","status-publish","format-standard","hentry","category-noticias","category-reflexao"],"acf":[],"jetpack_publicize_connections":[],"jetpack_featured_media_url":"","jetpack_sharing_enabled":true,"publishpress_future_workflow_manual_trigger":{"enabledWorkflows":[]},"_links":{"self":[{"href":"https:\/\/blogdoeloiltoncajuhy.com.br\/site\/wp-json\/wp\/v2\/posts\/12845","targetHints":{"allow":["GET"]}}],"collection":[{"href":"https:\/\/blogdoeloiltoncajuhy.com.br\/site\/wp-json\/wp\/v2\/posts"}],"about":[{"href":"https:\/\/blogdoeloiltoncajuhy.com.br\/site\/wp-json\/wp\/v2\/types\/post"}],"author":[{"embeddable":true,"href":"https:\/\/blogdoeloiltoncajuhy.com.br\/site\/wp-json\/wp\/v2\/users\/2"}],"replies":[{"embeddable":true,"href":"https:\/\/blogdoeloiltoncajuhy.com.br\/site\/wp-json\/wp\/v2\/comments?post=12845"}],"version-history":[{"count":1,"href":"https:\/\/blogdoeloiltoncajuhy.com.br\/site\/wp-json\/wp\/v2\/posts\/12845\/revisions"}],"predecessor-version":[{"id":12846,"href":"https:\/\/blogdoeloiltoncajuhy.com.br\/site\/wp-json\/wp\/v2\/posts\/12845\/revisions\/12846"}],"wp:attachment":[{"href":"https:\/\/blogdoeloiltoncajuhy.com.br\/site\/wp-json\/wp\/v2\/media?parent=12845"}],"wp:term":[{"taxonomy":"category","embeddable":true,"href":"https:\/\/blogdoeloiltoncajuhy.com.br\/site\/wp-json\/wp\/v2\/categories?post=12845"},{"taxonomy":"post_tag","embeddable":true,"href":"https:\/\/blogdoeloiltoncajuhy.com.br\/site\/wp-json\/wp\/v2\/tags?post=12845"}],"curies":[{"name":"wp","href":"https:\/\/api.w.org\/{rel}","templated":true}]}}