{"id":12839,"date":"2016-10-16T12:22:35","date_gmt":"2016-10-16T15:22:35","guid":{"rendered":"http:\/\/blogdoeloiltoncajuhy.com.br\/site\/?p=12839"},"modified":"2016-10-16T12:22:35","modified_gmt":"2016-10-16T15:22:35","slug":"concursos-8-orgaos-abrem-inscricoes-para-396-vagas-nesta-segunda-feira-17","status":"publish","type":"post","link":"https:\/\/blogdoeloiltoncajuhy.com.br\/site\/concursos-8-orgaos-abrem-inscricoes-para-396-vagas-nesta-segunda-feira-17\/","title":{"rendered":"CONCURSOS: 8 \u00f3rg\u00e3os abrem inscri\u00e7\u00f5es para 396 vagas nesta segunda-feira (17)"},"content":{"rendered":"<p style=\"text-align: center;\"><em><strong>Os sal\u00e1rios chegam a R$ 15.798,73 na Prefeitura de Videira (SC). Somente no Instituto Federal de Educa\u00e7\u00e3o, Ci\u00eancia e Tecnologia do Cear\u00e1 (IFCE) s\u00e3o 189 vagas<\/strong><\/em><\/p>\n<p style=\"text-align: left;\">Pelo menos 8 \u00f3rg\u00e3os abrem inscri\u00e7\u00f5es de concursos, na segunda-feira (17), para um total de 396 vagas e forma\u00e7\u00e3o de cadastro de reserva em cargos de todos os n\u00edveis de escolaridade.\u00a0Nos concursos para forma\u00e7\u00e3o de cadastro de reserva, os candidatos aprovados s\u00e3o chamados conforme a abertura de vagas durante a validade do concurso.<\/p>\n<p style=\"text-align: left;\">Os sal\u00e1rios chegam a R$ 15.798,73 na Prefeitura de Videira (SC). Somente no Instituto Federal de Educa\u00e7\u00e3o, Ci\u00eancia e Tecnologia do Cear\u00e1 (IFCE) s\u00e3o 189 vagas.<\/p>\n<figure id=\"attachment_12840\" aria-describedby=\"caption-attachment-12840\" style=\"width: 762px\" class=\"wp-caption aligncenter\"><a href=\"https:\/\/i0.wp.com\/blogdoeloiltoncajuhy.com.br\/site\/wp-content\/uploads\/2016\/10\/concursopublico.jpg\"><img data-recalc-dims=\"1\" fetchpriority=\"high\" decoding=\"async\" class=\"wp-image-12840 size-full\" src=\"https:\/\/i0.wp.com\/blogdoeloiltoncajuhy.com.br\/site\/wp-content\/uploads\/2016\/10\/concursopublico.jpg?resize=762%2C571\" alt=\"concursopublico\" width=\"762\" height=\"571\" srcset=\"https:\/\/i0.wp.com\/blogdoeloiltoncajuhy.com.br\/site\/wp-content\/uploads\/2016\/10\/concursopublico.jpg?w=762&amp;ssl=1 762w, https:\/\/i0.wp.com\/blogdoeloiltoncajuhy.com.br\/site\/wp-content\/uploads\/2016\/10\/concursopublico.jpg?resize=300%2C225&amp;ssl=1 300w, https:\/\/i0.wp.com\/blogdoeloiltoncajuhy.com.br\/site\/wp-content\/uploads\/2016\/10\/concursopublico.jpg?resize=250%2C187&amp;ssl=1 250w\" sizes=\"(max-width: 762px) 100vw, 762px\" \/><\/a><figcaption id=\"caption-attachment-12840\" class=\"wp-caption-text\">(Foto: Reprodu\u00e7\u00e3o\/TV Anhanguera)<\/figcaption><\/figure>\n<p style=\"text-align: left;\"><strong>C\u00e2mara Municipal de Ju\u00edna (MT)<\/strong><br \/>\nA C\u00e2mara Municipal de Ju\u00edna (MT) vai abrir as inscri\u00e7\u00f5es do concurso p\u00fablico para 2 vagas em cargos de n\u00edveis m\u00e9dio e superior. Os sal\u00e1rios s\u00e3o de R$ 2.790 e R$ 4.032,34. As inscri\u00e7\u00f5es podem ser feitas pelo site www.grupoatame.com.br no per\u00edodo de 17 a 31 de outubro. As provas escritas ser\u00e3o aplicadas em 4 de dezembro <a href=\"http:\/\/atame.btor.com.br\/Concurso\/\" target=\"_blank\" rel=\"noopener nofollow\">(<strong>veja o edital no site da organizadora<\/strong>)<\/a>.<\/p>\n<p style=\"text-align: left;\"><strong>Instituto Federal de Educa\u00e7\u00e3o, Ci\u00eancia e Tecnologia do Cear\u00e1 (IFCE)<\/strong><br \/>\nO Instituto Federal de Educa\u00e7\u00e3o, Ci\u00eancia e Tecnologia do Cear\u00e1 (IFCE) divulgou tr\u00eas editais de concursos p\u00fablicos para um total de 189 vagas em cargos de todos os n\u00edveis de escolaridade. As remunera\u00e7\u00f5es v\u00e3o de R$ 1.834,69 a R$ 3.868,21. As inscri\u00e7\u00f5es podem ser feitas pelo site www.ifce.edu.br entre os dias 17 e 28 de outubro. A sele\u00e7\u00e3o ser\u00e1 feita por meio de provas escrita e pr\u00e1tica, de acordo com o cargo <a href=\"http:\/\/www.ifce.edu.br\/acesso-rapido\/concursos-publicos\/editais\/para-quem-quer-trabalhar-no-ifce\" target=\"_blank\" rel=\"noopener nofollow\">(<strong>veja os editais no site do IFCE<\/strong>)<\/a>.<\/p>\n<div id=\"content-body-7\" class=\"content-body columns col-centered \">\n<div class=\"col-lg-13 col-md-16 col-centered\">\n<p class=\"content-body__text \" data-track-category=\"Link no Texto\" data-track-links=\"\"><strong>Prefeitura de Aimor\u00e9s (MG)<\/strong><br \/>\nA Prefeitura de Aimor\u00e9s (MG) divulgou edital de concurso p\u00fablico para 126 vagas em cargos de n\u00edveis fundamental, m\u00e9dio e superior. Os sal\u00e1rios variam de R$ 880 a R$ 2.282,50. As inscri\u00e7\u00f5es podem ser feitas pelo site www.maximaauditores.com.br entre os dias 17 de outubro e 15 de novembro. A sele\u00e7\u00e3o ser\u00e1 feita por meio de provas objetivas escritas, pr\u00e1ticas e de t\u00edtulos, que est\u00e3o previstas para dezembro deste ano <a href=\"http:\/\/www.maximaauditores.com.br\/v2\/site\/?p=concurso_detalhes&amp;tipo=6&amp;id=94\" target=\"_blank\" rel=\"noopener nofollow\">(veja o edital no site da organizadora)<\/a>.<\/p>\n<\/div>\n<\/div>\n<div id=\"content-body-8\" class=\"content-body columns col-centered \">\n<div class=\"col-lg-13 col-md-16 col-centered\">\n<p class=\"content-body__text \" data-track-category=\"Link no Texto\" data-track-links=\"\"><strong>Prefeitura de Bom Retiro (SC)<\/strong><br \/>\nA Prefeitura de Bom Retiro (SC) anunciou processo seletivo para 6 vagas e forma\u00e7\u00e3o de cadastro de reserva em cargos de n\u00edveis m\u00e9dio e superior. As remunera\u00e7\u00f5es variam de R$ 910,36 a R$ 1.820,72. As inscri\u00e7\u00f5es estar\u00e3o abertas de 17 de outubro a 18 de novembro na secretaria municipal de administra\u00e7\u00e3o e fazenda, localizada na Avenida Major Generoso, 19, das 9h \u00e0s 12h e das 14h \u00e0s 17h. A prova objetiva ser\u00e1 aplicada em 4 de dezembro <a href=\"http:\/\/www.bomretiro.sc.gov.br\/\" target=\"_blank\" rel=\"noopener nofollow\">(veja o edital no site da prefeitura)<\/a>.<\/p>\n<\/div>\n<\/div>\n<div id=\"content-body-9\" class=\"content-body columns col-centered \">\n<div class=\"col-lg-13 col-md-16 col-centered\">\n<p class=\"content-body__text \" data-track-category=\"Link no Texto\" data-track-links=\"\"><strong>Prefeitura de Felisburgo (MG)<\/strong><br \/>\nA Prefeitura de Felisburgo (MG) vai abrir as inscri\u00e7\u00f5es do concurso para 20 vagas em cargos de todos os n\u00edveis de escolaridade. As remunera\u00e7\u00f5es v\u00e3o de R$ 880 a R$ 1.505,69. Os candidatos podem se inscrever de 17 de outubro a 6 de novembro pelo site www.agoraconsultoria.srv.br. A prova objetiva est\u00e1 prevista para o dia 27 de novembro <a href=\"http:\/\/www.agoraconsultoria.srv.br\/v2\/site\/?p=concurso_detalhes&amp;tipo=1&amp;id=88\" target=\"_blank\" rel=\"noopener nofollow\">(veja o edital no site da organizadora)<\/a>.<\/p>\n<\/div>\n<\/div>\n<div id=\"content-body-10\" class=\"content-body columns col-centered \">\n<div class=\"col-lg-13 col-md-16 col-centered\">\n<p class=\"content-body__text \" data-track-category=\"Link no Texto\" data-track-links=\"\"><strong>Prefeitura de Videira (SC)<\/strong><br \/>\nA Prefeitura de Videira (SC) divulgou edital de processo seletivo para 22 vagas em cargos de n\u00edveis fundamental, m\u00e9dio e superior. As remunera\u00e7\u00f5es variam de R$ 880 a R$ 15.798,73. As inscri\u00e7\u00f5es podem ser feitas pelo site www.assconpp.com.br no per\u00edodo de 17 de outubro a 16 de novembro. A prova objetiva ser\u00e1 aplicada na data prov\u00e1vel de 11 de dezembro <a href=\"http:\/\/www.assconpp.com.br\/processo\/68\/prefeitura-municipal-de-videira-sc\" target=\"_blank\" rel=\"noopener nofollow\">(veja o edital no site da organizadora)<\/a>.<\/p>\n<\/div>\n<\/div>\n<div id=\"content-body-11\" class=\"content-body columns col-centered \">\n<div class=\"col-lg-13 col-md-16 col-centered\">\n<p class=\"content-body__text \" data-track-category=\"Link no Texto\" data-track-links=\"\"><strong>Servi\u00e7o Aut\u00f4nomo de \u00c1gua e Esgoto de Aimor\u00e9s (MG)<\/strong><br \/>\nO Servi\u00e7o Aut\u00f4nomo de \u00c1gua e Esgoto de Aimor\u00e9s (MG) vai abrir concurso p\u00fablico para 26 vagas em cargos de n\u00edveis m\u00e9dio e superior. Os sal\u00e1rios v\u00e3o de R$ 880 a R$ 2.552,28. As inscri\u00e7\u00f5es estar\u00e3o abertas de 17 de outubro a 15 de novembro pelo site www.maximaauditores.com.br. As provas escritas est\u00e3o previstas para o dia 27 de novembro <a href=\"http:\/\/www.maximaauditores.com.br\/v2\/site\/?p=concursos&amp;tipoconcurso=1\" target=\"_blank\" rel=\"noopener nofollow\">(veja o edital no site da organizadora)<\/a>.<\/p>\n<p class=\"content-body__text \" data-track-category=\"Link no Texto\" data-track-links=\"\"><strong>Universidade Federal do Rio Grande (FURG)<\/strong><br \/>\nA Universidade Federal do Rio Grande (FURG) far\u00e1 concurso p\u00fablico para 5 vagas em cargos de n\u00edveis m\u00e9dio e superior. As remunera\u00e7\u00f5es variam de R$ 2.294,81a R$ 7.736,42. Os candidatos podem se inscrever pelo site www.furg.br entre os dias 17 e 26 de outubro. As provas est\u00e3o previstas para 20 de novembro. O concurso ter\u00e1 validade de 2 anos e poder\u00e1 ser prorrogado por igual per\u00edodo <a href=\"http:\/\/progep.furg.br\/bin\/edital\/index.php\" target=\"_blank\" rel=\"noopener nofollow\">(veja o edital no site da FURG)<\/a>.<\/p>\n<p class=\"content-body__text \" data-track-category=\"Link no Texto\" data-track-links=\"\"><em>*Por P\u00e2mela Kometani, do G1<\/em><\/p>\n<\/div>\n<\/div>\n","protected":false},"excerpt":{"rendered":"<p>Os sal\u00e1rios chegam a R$ 15.798,73 na Prefeitura de Videira (SC). Somente no Instituto Federal de Educa\u00e7\u00e3o, Ci\u00eancia e Tecnologia do Cear\u00e1 (IFCE) s\u00e3o 189 vagas Pelo menos 8 \u00f3rg\u00e3os abrem inscri\u00e7\u00f5es de concursos, na segunda-feira (17), para um total de 396 vagas e forma\u00e7\u00e3o de cadastro de reserva em cargos de todos os n\u00edveis [&hellip;]<\/p>\n","protected":false},"author":2,"featured_media":12840,"comment_status":"open","ping_status":"open","sticky":false,"template":"","format":"standard","meta":{"_acf_changed":false,"_monsterinsights_skip_tracking":false,"_monsterinsights_sitenote_active":false,"_monsterinsights_sitenote_note":"","_monsterinsights_sitenote_category":0,"_jetpack_memberships_contains_paid_content":false,"footnotes":"","jetpack_publicize_message":"","jetpack_publicize_feature_enabled":true,"jetpack_social_post_already_shared":true,"jetpack_social_options":{"image_generator_settings":{"template":"highway","default_image_id":0,"font":"","enabled":false},"version":2}},"categories":[5,1],"tags":[],"class_list":["post-12839","post","type-post","status-publish","format-standard","has-post-thumbnail","hentry","category-cotidiano","category-noticias"],"acf":[],"jetpack_publicize_connections":[],"jetpack_featured_media_url":"https:\/\/i0.wp.com\/blogdoeloiltoncajuhy.com.br\/site\/wp-content\/uploads\/2016\/10\/concursopublico.jpg?fit=762%2C571&ssl=1","jetpack_sharing_enabled":true,"publishpress_future_workflow_manual_trigger":{"enabledWorkflows":[]},"_links":{"self":[{"href":"https:\/\/blogdoeloiltoncajuhy.com.br\/site\/wp-json\/wp\/v2\/posts\/12839","targetHints":{"allow":["GET"]}}],"collection":[{"href":"https:\/\/blogdoeloiltoncajuhy.com.br\/site\/wp-json\/wp\/v2\/posts"}],"about":[{"href":"https:\/\/blogdoeloiltoncajuhy.com.br\/site\/wp-json\/wp\/v2\/types\/post"}],"author":[{"embeddable":true,"href":"https:\/\/blogdoeloiltoncajuhy.com.br\/site\/wp-json\/wp\/v2\/users\/2"}],"replies":[{"embeddable":true,"href":"https:\/\/blogdoeloiltoncajuhy.com.br\/site\/wp-json\/wp\/v2\/comments?post=12839"}],"version-history":[{"count":1,"href":"https:\/\/blogdoeloiltoncajuhy.com.br\/site\/wp-json\/wp\/v2\/posts\/12839\/revisions"}],"predecessor-version":[{"id":12841,"href":"https:\/\/blogdoeloiltoncajuhy.com.br\/site\/wp-json\/wp\/v2\/posts\/12839\/revisions\/12841"}],"wp:featuredmedia":[{"embeddable":true,"href":"https:\/\/blogdoeloiltoncajuhy.com.br\/site\/wp-json\/wp\/v2\/media\/12840"}],"wp:attachment":[{"href":"https:\/\/blogdoeloiltoncajuhy.com.br\/site\/wp-json\/wp\/v2\/media?parent=12839"}],"wp:term":[{"taxonomy":"category","embeddable":true,"href":"https:\/\/blogdoeloiltoncajuhy.com.br\/site\/wp-json\/wp\/v2\/categories?post=12839"},{"taxonomy":"post_tag","embeddable":true,"href":"https:\/\/blogdoeloiltoncajuhy.com.br\/site\/wp-json\/wp\/v2\/tags?post=12839"}],"curies":[{"name":"wp","href":"https:\/\/api.w.org\/{rel}","templated":true}]}}