{"id":12834,"date":"2016-10-16T11:32:06","date_gmt":"2016-10-16T14:32:06","guid":{"rendered":"http:\/\/blogdoeloiltoncajuhy.com.br\/site\/?p=12834"},"modified":"2016-10-16T11:32:06","modified_gmt":"2016-10-16T14:32:06","slug":"bancos-correios-e-tv-tem-mudancas-durante-horario-de-verao-veja","status":"publish","type":"post","link":"https:\/\/blogdoeloiltoncajuhy.com.br\/site\/bancos-correios-e-tv-tem-mudancas-durante-horario-de-verao-veja\/","title":{"rendered":"Bancos, Correios e TV t\u00eam mudan\u00e7as durante hor\u00e1rio de ver\u00e3o; veja"},"content":{"rendered":"<p style=\"text-align: center;\"><em><strong>Bahia n\u00e3o adere ao hor\u00e1rio de ver\u00e3o, mas alguns servi\u00e7os ser\u00e3o afetados.\u00a0Mudan\u00e7as come\u00e7am a valer a partir deste domingo (16)<\/strong><\/em><\/p>\n<p style=\"text-align: left;\"><a href=\"https:\/\/i0.wp.com\/blogdoeloiltoncajuhy.com.br\/site\/wp-content\/uploads\/2016\/09\/horario-verao2.jpg\"><img data-recalc-dims=\"1\" fetchpriority=\"high\" decoding=\"async\" class=\"aligncenter size-full wp-image-12536\" src=\"https:\/\/i0.wp.com\/blogdoeloiltoncajuhy.com.br\/site\/wp-content\/uploads\/2016\/09\/horario-verao2.jpg?resize=460%2C268\" alt=\"horario-verao2\" width=\"460\" height=\"268\" srcset=\"https:\/\/i0.wp.com\/blogdoeloiltoncajuhy.com.br\/site\/wp-content\/uploads\/2016\/09\/horario-verao2.jpg?w=460&amp;ssl=1 460w, https:\/\/i0.wp.com\/blogdoeloiltoncajuhy.com.br\/site\/wp-content\/uploads\/2016\/09\/horario-verao2.jpg?resize=300%2C175&amp;ssl=1 300w, https:\/\/i0.wp.com\/blogdoeloiltoncajuhy.com.br\/site\/wp-content\/uploads\/2016\/09\/horario-verao2.jpg?resize=250%2C146&amp;ssl=1 250w\" sizes=\"(max-width: 460px) 100vw, 460px\" \/><\/a>Embora n\u00e3o tenha aderido ao hor\u00e1rio de ver\u00e3o pelo quinto ano consecutivo, a Bahia ter\u00e1 algumas mudan\u00e7as nos hor\u00e1rios de funcionamento de alguns servi\u00e7os entre 16 de outubro deste ano e 19 de fevereiro de 2017. <strong>Confira as altera\u00e7\u00f5es:<\/strong><\/p>\n<p style=\"text-align: left;\"><strong>Bancos<\/strong><br \/>\nAs ag\u00eancias banc\u00e1rias do interior do estado ter\u00e3o os hor\u00e1rios de abertura e fechamento antecipados em uma hora. J\u00e1 em Salvador e na regi\u00e3o metropolitana n\u00e3o haver\u00e1 mudan\u00e7as nos hor\u00e1rios de atendimento. Est\u00e3o na regi\u00e3o metropolitana os seguintes munic\u00edpios: Candeias, Cama\u00e7ari, Dias D&#8217;\u00c1vila, Itaparica, Lauro de Freitas, Madre de Deus, Mata de S\u00e3o Jo\u00e3o, S\u00e3o Francisco do Conde, Sim\u00f5es Filho, Vera Cruz; Pojuca e S\u00e3o Sebasti\u00e3o do Pass\u00e9.<\/p>\n<p style=\"text-align: left;\"><strong>Correios<\/strong><br \/>\nSegundo a Empresa Brasileira de Correios e Tel\u00e9grafos, o hor\u00e1rio de funcionamento das ag\u00eancias em todo o estado n\u00e3o ser\u00e1 alterado. Em Salvador e Feira de Santana, entretanto, o hor\u00e1rio limite de postagem para os objetos seguirem no mesmo dia sofrer\u00e1 altera\u00e7\u00f5es.<\/p>\n<p style=\"text-align: left;\"><strong>Loterias<\/strong><br \/>\nSegundo a Caixa Econ\u00f4mica Federal (CEF), as ag\u00eancias lot\u00e9ricas n\u00e3o ir\u00e3o alterar o hor\u00e1rio de funcionamento. Entretanto, as apostas seguem o hor\u00e1rio de Bras\u00edlia e, portanto, ser\u00e3o encerradas com uma hora de anteced\u00eancia.<\/p>\n<p style=\"text-align: left;\"><strong>Programa\u00e7\u00e3o TV Bahia<\/strong><br \/>\nN\u00e3o haver\u00e1 mudan\u00e7a no hor\u00e1rio de exibi\u00e7\u00e3o dos telejornais locais, como tamb\u00e9m do conte\u00fado esportivo: Jornal da Manh\u00e3 (6h), Bahia Meio Dia (12h), Globo Esporte (12h45) e BATV (19h45). Nos s\u00e1bados, o Mosaico Baiano continua sendo exibido por volta das 13h55. Aos domingos, o Bahia Rural ser\u00e1 apresentado com uma hora de anteced\u00eancia, logo ap\u00f3s \u00e0 Santa Missa.<\/p>\n<p style=\"text-align: left;\">O Jornal Nacional passa a ser exibido com uma hora de anteced\u00eancia, \u00e0s 19h30. Logo ap\u00f3s, ser\u00e1 apresentada a novela Haja Cora\u00e7\u00e3o, \u00e0s 20h15. A novela &#8220;A Lei do Amor&#8221; segue em hor\u00e1rio normal, por volta das 21h10. Aos domingos, toda a progama\u00e7\u00e3o ser\u00e1 adiantada em uma hora.<\/p>\n<p style=\"text-align: left;\"><strong>Fora do hor\u00e1rio de ver\u00e3o<\/strong><br \/>\nPelo quinto ano consecutivo, a Bahia n\u00e3o vai aderir ao hor\u00e1rio de ver\u00e3o em 2016. A informa\u00e7\u00e3o foi divulgada pelo governo estadual em 29 de setembro. A \u00faltima vez que a Bahia adiantou os rel\u00f3gios no ver\u00e3o foi em 2011, ap\u00f3s oito anos sem participar.<\/p>\n<p style=\"text-align: left;\">Em nota, o governador Rui Costa informou que &#8220;tomou a decis\u00e3o com base na opini\u00e3o da maioria da popula\u00e7\u00e3o do estado, que \u00e9 contr\u00e1ria \u00e0 mudan\u00e7a&#8221;. O gestor aponta ainda que houve pedidos do meio empresarial contr\u00e1rios \u00e0 ades\u00e3o do estado ao sistema.<\/p>\n<p style=\"text-align: left;\">Rui Costa apontou tamb\u00e9m a baixa economia de energia el\u00e9trica no per\u00edodo do hor\u00e1rio de ver\u00e3o no estado como um fator determinante para a Bahia n\u00e3o entrar no sistema aplicado em boa parte do pa\u00eds.<\/p>\n<p style=\"text-align: left;\"><em>*Do G1 BA<\/em><\/p>\n","protected":false},"excerpt":{"rendered":"<p>Bahia n\u00e3o adere ao hor\u00e1rio de ver\u00e3o, mas alguns servi\u00e7os ser\u00e3o afetados.\u00a0Mudan\u00e7as come\u00e7am a valer a partir deste domingo (16) Embora n\u00e3o tenha aderido ao hor\u00e1rio de ver\u00e3o pelo quinto ano consecutivo, a Bahia ter\u00e1 algumas mudan\u00e7as nos hor\u00e1rios de funcionamento de alguns servi\u00e7os entre 16 de outubro deste ano e 19 de fevereiro de [&hellip;]<\/p>\n","protected":false},"author":2,"featured_media":0,"comment_status":"open","ping_status":"open","sticky":false,"template":"","format":"standard","meta":{"_acf_changed":false,"_monsterinsights_skip_tracking":false,"_monsterinsights_sitenote_active":false,"_monsterinsights_sitenote_note":"","_monsterinsights_sitenote_category":0,"_jetpack_memberships_contains_paid_content":false,"footnotes":"","jetpack_publicize_message":"","jetpack_publicize_feature_enabled":true,"jetpack_social_post_already_shared":true,"jetpack_social_options":{"image_generator_settings":{"template":"highway","default_image_id":0,"font":"","enabled":false},"version":2}},"categories":[5,1],"tags":[],"class_list":["post-12834","post","type-post","status-publish","format-standard","hentry","category-cotidiano","category-noticias"],"acf":[],"jetpack_publicize_connections":[],"jetpack_featured_media_url":"","jetpack_sharing_enabled":true,"publishpress_future_workflow_manual_trigger":{"enabledWorkflows":[]},"_links":{"self":[{"href":"https:\/\/blogdoeloiltoncajuhy.com.br\/site\/wp-json\/wp\/v2\/posts\/12834","targetHints":{"allow":["GET"]}}],"collection":[{"href":"https:\/\/blogdoeloiltoncajuhy.com.br\/site\/wp-json\/wp\/v2\/posts"}],"about":[{"href":"https:\/\/blogdoeloiltoncajuhy.com.br\/site\/wp-json\/wp\/v2\/types\/post"}],"author":[{"embeddable":true,"href":"https:\/\/blogdoeloiltoncajuhy.com.br\/site\/wp-json\/wp\/v2\/users\/2"}],"replies":[{"embeddable":true,"href":"https:\/\/blogdoeloiltoncajuhy.com.br\/site\/wp-json\/wp\/v2\/comments?post=12834"}],"version-history":[{"count":1,"href":"https:\/\/blogdoeloiltoncajuhy.com.br\/site\/wp-json\/wp\/v2\/posts\/12834\/revisions"}],"predecessor-version":[{"id":12835,"href":"https:\/\/blogdoeloiltoncajuhy.com.br\/site\/wp-json\/wp\/v2\/posts\/12834\/revisions\/12835"}],"wp:attachment":[{"href":"https:\/\/blogdoeloiltoncajuhy.com.br\/site\/wp-json\/wp\/v2\/media?parent=12834"}],"wp:term":[{"taxonomy":"category","embeddable":true,"href":"https:\/\/blogdoeloiltoncajuhy.com.br\/site\/wp-json\/wp\/v2\/categories?post=12834"},{"taxonomy":"post_tag","embeddable":true,"href":"https:\/\/blogdoeloiltoncajuhy.com.br\/site\/wp-json\/wp\/v2\/tags?post=12834"}],"curies":[{"name":"wp","href":"https:\/\/api.w.org\/{rel}","templated":true}]}}