{"id":12816,"date":"2016-10-14T20:34:09","date_gmt":"2016-10-14T23:34:09","guid":{"rendered":"http:\/\/blogdoeloiltoncajuhy.com.br\/site\/?p=12816"},"modified":"2016-10-14T20:35:23","modified_gmt":"2016-10-14T23:35:23","slug":"estudo-preve-perda-de-r-24-bi-anuais-para-educacao-com-pec-241-mec-contesta","status":"publish","type":"post","link":"https:\/\/blogdoeloiltoncajuhy.com.br\/site\/estudo-preve-perda-de-r-24-bi-anuais-para-educacao-com-pec-241-mec-contesta\/","title":{"rendered":"Estudo prev\u00ea perda de R$ 24 bi anuais para educa\u00e7\u00e3o com PEC 241; MEC contesta"},"content":{"rendered":"<p><a href=\"https:\/\/i0.wp.com\/blogdoeloiltoncajuhy.com.br\/site\/wp-content\/uploads\/2016\/10\/sala_de_aula_ensino_medio2-e1476488034208.jpg\"><img data-recalc-dims=\"1\" fetchpriority=\"high\" decoding=\"async\" class=\"aligncenter size-full wp-image-12817\" src=\"https:\/\/i0.wp.com\/blogdoeloiltoncajuhy.com.br\/site\/wp-content\/uploads\/2016\/10\/sala_de_aula_ensino_medio2-e1476488034208.jpg?resize=540%2C361\" alt=\"sala_de_aula_ensino_medio2\" width=\"540\" height=\"361\" \/><\/a>Cerca de R$ 24 bilh\u00f5es poder\u00e3o deixar de ser investidos por ano em educa\u00e7\u00e3o, a partir da vig\u00eancia da Proposta de Emenda \u00e0 Constitui\u00e7\u00e3o (PEC) 241\/2016, de acordo com a Consultoria de Or\u00e7amento e Fiscaliza\u00e7\u00e3o Financeira (Conof) da C\u00e2mara dos Deputados. A estimativa, a qual a <strong>Ag\u00eancia Brasil<\/strong> teve acesso, est\u00e1 em fase final de elabora\u00e7\u00e3o na Casa.<\/p>\n<p>O n\u00famero \u2013 R$ 24 bilh\u00f5es \u2013 considera os or\u00e7amentos destinados \u00e0 Manuten\u00e7\u00e3o e Desenvolvimento do Ensino (MDE) e ao Minist\u00e9rio da Educa\u00e7\u00e3o (MEC). Atualmente, a Uni\u00e3o deve investir pelo menos 18% dos impostos em educa\u00e7\u00e3o. Com a PEC, essa obrigatoriedade cai e o m\u00ednimo que deve ser investido passa a ser, a partir de 2018, o valor do ano anterior corrigido pelo \u00cdndice Nacional de Pre\u00e7os ao Consumidor Amplo (IPCA).<\/p>\n<p>Procurado para responder a respeito do tema, o ministro da Educa\u00e7\u00e3o, Mendon\u00e7a Filho, diz, por meio de nota, que o estudo da C\u00e2mara parte de pressupostos equivocados, porque leva em considera\u00e7\u00e3o a manuten\u00e7\u00e3o do quadro econ\u00f4mico atual, \u201cque \u00e9 muito ruim, mas poder\u00e1 ficar ainda pior se n\u00e3o houver equil\u00edbrio das contas p\u00fablicas\u201d.<\/p>\n<p>Os R$ 24 bilh\u00f5es correspondem \u00e0 diferen\u00e7a do m\u00ednimo constitucional para 2017, de 18% dos impostos arrecadados pela Uni\u00e3o, fixados pelo Projeto de Lei Or\u00e7ament\u00e1ria, e as aplica\u00e7\u00f5es totais previstas, observadas as regras impostas pela PEC 241\/2016. Em 2017, a previs\u00e3o \u00e9 que o governo invista al\u00e9m do limite constitucional.<\/p>\n<p>De acordo com os c\u00e1lculos da consultoria, cerca de R$ 24 bilh\u00f5es representam o investimento que fica descoberto com as regras da PEC. Esse investimento a mais n\u00e3o \u00e9 obrigat\u00f3rio para a Uni\u00e3o e seguir\u00e1 sendo opcional com a aprova\u00e7\u00e3o da PEC, ou seja, pode aplicar nas \u00e1reas que desejar.<\/p>\n<p>Com a PEC 241\/2016, o investimento total &#8220;vai depender de governo a governo, que poder\u00e1 investir mais do que o m\u00ednimo&#8221;, explica o consultor Cl\u00e1udio Riyudi Tanno, respons\u00e1vel pela elabora\u00e7\u00e3o de estudo t\u00e9cnico que analisa os impactos do novo regime fiscal constante na PEC nas pol\u00edticas educacionais.<\/p>\n<p>Embora educa\u00e7\u00e3o e sa\u00fade tenham sido liberadas de um teto espec\u00edfico, h\u00e1 um teto global de gastos do governo e \u00e9 esse teto que preocupa as entidades do setor. Tanno avalia que esse teto far\u00e1 com que as despesas obrigat\u00f3rias acabem tomando grande espa\u00e7o e, com isso, os novos investimentos fiquem de lado.<\/p>\n<p>&#8220;Tem a possibilidade de aumentar [o investimento em educa\u00e7\u00e3o], mas no cen\u00e1rio de compress\u00e3o de despesas \u00e9 dif\u00edcil imaginar o crescimento em educa\u00e7\u00e3o, que ter\u00e1 que ser em detrimento de outras \u00e1reas&#8221;, afirmou.<\/p>\n<p>Segundo Tanno, os R$ 24 bilh\u00f5es descobertos calculados a partir do Projeto de Lei Or\u00e7ament\u00e1ria Anual s\u00e3o uma refer\u00eancia para os pr\u00f3ximos 20 anos porque 2017 \u00e9 a base para a corre\u00e7\u00e3o das despesas em educa\u00e7\u00e3o.<\/p>\n<p><em>*Ag\u00eancia Brasil<\/em><\/p>\n","protected":false},"excerpt":{"rendered":"<p>Cerca de R$ 24 bilh\u00f5es poder\u00e3o deixar de ser investidos por ano em educa\u00e7\u00e3o, a partir da vig\u00eancia da Proposta de Emenda \u00e0 Constitui\u00e7\u00e3o (PEC) 241\/2016, de acordo com a Consultoria de Or\u00e7amento e Fiscaliza\u00e7\u00e3o Financeira (Conof) da C\u00e2mara dos Deputados. A estimativa, a qual a Ag\u00eancia Brasil teve acesso, est\u00e1 em fase final de [&hellip;]<\/p>\n","protected":false},"author":2,"featured_media":12817,"comment_status":"open","ping_status":"open","sticky":false,"template":"","format":"standard","meta":{"_acf_changed":false,"_monsterinsights_skip_tracking":false,"_monsterinsights_sitenote_active":false,"_monsterinsights_sitenote_note":"","_monsterinsights_sitenote_category":0,"_jetpack_memberships_contains_paid_content":false,"footnotes":"","jetpack_publicize_message":"","jetpack_publicize_feature_enabled":true,"jetpack_social_post_already_shared":true,"jetpack_social_options":{"image_generator_settings":{"template":"highway","default_image_id":0,"font":"","enabled":false},"version":2}},"categories":[14,1],"tags":[],"class_list":["post-12816","post","type-post","status-publish","format-standard","has-post-thumbnail","hentry","category-educacao","category-noticias"],"acf":[],"jetpack_publicize_connections":[],"jetpack_featured_media_url":"https:\/\/i0.wp.com\/blogdoeloiltoncajuhy.com.br\/site\/wp-content\/uploads\/2016\/10\/sala_de_aula_ensino_medio2-e1476488034208.jpg?fit=540%2C361&ssl=1","jetpack_sharing_enabled":true,"publishpress_future_workflow_manual_trigger":{"enabledWorkflows":[]},"_links":{"self":[{"href":"https:\/\/blogdoeloiltoncajuhy.com.br\/site\/wp-json\/wp\/v2\/posts\/12816","targetHints":{"allow":["GET"]}}],"collection":[{"href":"https:\/\/blogdoeloiltoncajuhy.com.br\/site\/wp-json\/wp\/v2\/posts"}],"about":[{"href":"https:\/\/blogdoeloiltoncajuhy.com.br\/site\/wp-json\/wp\/v2\/types\/post"}],"author":[{"embeddable":true,"href":"https:\/\/blogdoeloiltoncajuhy.com.br\/site\/wp-json\/wp\/v2\/users\/2"}],"replies":[{"embeddable":true,"href":"https:\/\/blogdoeloiltoncajuhy.com.br\/site\/wp-json\/wp\/v2\/comments?post=12816"}],"version-history":[{"count":2,"href":"https:\/\/blogdoeloiltoncajuhy.com.br\/site\/wp-json\/wp\/v2\/posts\/12816\/revisions"}],"predecessor-version":[{"id":12819,"href":"https:\/\/blogdoeloiltoncajuhy.com.br\/site\/wp-json\/wp\/v2\/posts\/12816\/revisions\/12819"}],"wp:featuredmedia":[{"embeddable":true,"href":"https:\/\/blogdoeloiltoncajuhy.com.br\/site\/wp-json\/wp\/v2\/media\/12817"}],"wp:attachment":[{"href":"https:\/\/blogdoeloiltoncajuhy.com.br\/site\/wp-json\/wp\/v2\/media?parent=12816"}],"wp:term":[{"taxonomy":"category","embeddable":true,"href":"https:\/\/blogdoeloiltoncajuhy.com.br\/site\/wp-json\/wp\/v2\/categories?post=12816"},{"taxonomy":"post_tag","embeddable":true,"href":"https:\/\/blogdoeloiltoncajuhy.com.br\/site\/wp-json\/wp\/v2\/tags?post=12816"}],"curies":[{"name":"wp","href":"https:\/\/api.w.org\/{rel}","templated":true}]}}