{"id":12806,"date":"2016-10-14T11:58:30","date_gmt":"2016-10-14T14:58:30","guid":{"rendered":"http:\/\/blogdoeloiltoncajuhy.com.br\/site\/?p=12806"},"modified":"2016-10-14T17:37:30","modified_gmt":"2016-10-14T20:37:30","slug":"campo-formoso-menina-tem-doencas-raras-e-remedio-custa-r-53-mil-familia-faz-campanha","status":"publish","type":"post","link":"https:\/\/blogdoeloiltoncajuhy.com.br\/site\/campo-formoso-menina-tem-doencas-raras-e-remedio-custa-r-53-mil-familia-faz-campanha\/","title":{"rendered":"CAMPO FORMOSO: Menina tem doen\u00e7as raras e rem\u00e9dio custa R$ 53 mil; fam\u00edlia faz campanha"},"content":{"rendered":"<p style=\"text-align: center;\"><em><strong>Crian\u00e7a de 6 anos tem mastocitose e FCAS; ela mora no norte da Bahia.\u00a0M\u00e3e relatou que garota j\u00e1 teve choque anafil\u00e1tico ap\u00f3s picada de formiga<\/strong><\/em><\/p>\n<figure id=\"attachment_12807\" aria-describedby=\"caption-attachment-12807\" style=\"width: 619px\" class=\"wp-caption aligncenter\"><a href=\"https:\/\/i0.wp.com\/blogdoeloiltoncajuhy.com.br\/site\/wp-content\/uploads\/2016\/10\/luna.jpg\"><img data-recalc-dims=\"1\" fetchpriority=\"high\" decoding=\"async\" class=\"wp-image-12807 size-full\" src=\"https:\/\/i0.wp.com\/blogdoeloiltoncajuhy.com.br\/site\/wp-content\/uploads\/2016\/10\/luna.jpg?resize=619%2C346\" alt=\"luna\" width=\"619\" height=\"346\" srcset=\"https:\/\/i0.wp.com\/blogdoeloiltoncajuhy.com.br\/site\/wp-content\/uploads\/2016\/10\/luna.jpg?w=619&amp;ssl=1 619w, https:\/\/i0.wp.com\/blogdoeloiltoncajuhy.com.br\/site\/wp-content\/uploads\/2016\/10\/luna.jpg?resize=300%2C168&amp;ssl=1 300w, https:\/\/i0.wp.com\/blogdoeloiltoncajuhy.com.br\/site\/wp-content\/uploads\/2016\/10\/luna.jpg?resize=250%2C140&amp;ssl=1 250w\" sizes=\"(max-width: 619px) 100vw, 619px\" \/><\/a><figcaption id=\"caption-attachment-12807\" class=\"wp-caption-text\">Luna \u00e9 portadora de duas doen\u00e7as raras (Imagem: Reprodu\u00e7\u00e3o TV Bahia)<\/figcaption><\/figure>\n<p style=\"text-align: left;\">A fam\u00edlia de uma menina de 6 anos, que possui duas doen\u00e7as raras, promove uma campanha de financiamento coletivo na internet para cobrir os custos com uma medica\u00e7\u00e3o que custa R$ 53 mil, para tratar uma das doen\u00e7as da crian\u00e7a. A fam\u00edlia \u00e9 da cidade de Campo Formoso, mas precisa viajar todo m\u00eas para S\u00e3o Paulo, o tratamento \u00e9 feito.\u00a0A campanha de arrecada\u00e7\u00e3o foi aberta no dia 5 de setembro, com previs\u00e3o para ser encerrada em dezembro. At\u00e9 esta quinta-feira (13), o site havia registrado R$ 6.380 em doa\u00e7\u00f5es.<\/p>\n<figure id=\"attachment_12808\" aria-describedby=\"caption-attachment-12808\" style=\"width: 300px\" class=\"wp-caption aligncenter\"><a href=\"https:\/\/i0.wp.com\/blogdoeloiltoncajuhy.com.br\/site\/wp-content\/uploads\/2016\/10\/luna2.jpg\"><img data-recalc-dims=\"1\" decoding=\"async\" class=\"wp-image-12808 size-full\" src=\"https:\/\/i0.wp.com\/blogdoeloiltoncajuhy.com.br\/site\/wp-content\/uploads\/2016\/10\/luna2.jpg?resize=300%2C225\" alt=\"luna2\" width=\"300\" height=\"225\" srcset=\"https:\/\/i0.wp.com\/blogdoeloiltoncajuhy.com.br\/site\/wp-content\/uploads\/2016\/10\/luna2.jpg?w=300&amp;ssl=1 300w, https:\/\/i0.wp.com\/blogdoeloiltoncajuhy.com.br\/site\/wp-content\/uploads\/2016\/10\/luna2.jpg?resize=250%2C188&amp;ssl=1 250w\" sizes=\"(max-width: 300px) 100vw, 300px\" \/><\/a><figcaption id=\"caption-attachment-12808\" class=\"wp-caption-text\">Manchas no corpo de Luna por conta da mastocitose (Foto: Imagem\/Tv S\u00e3o Francisco)<\/figcaption><\/figure>\n<p style=\"text-align: left;\">De acordo com a fam\u00edlia, Luna \u00e9 portadora das doen\u00e7as mastocitose e FCAS. Elas causam alergias e comprometem o sistema imunol\u00f3gico da crian\u00e7a. Luna sente dores de cabe\u00e7a, febre e diarreia.<br \/>\nA fam\u00edlia descobriu que Luna era portadora de mastocisose quando ela tinha um ano e dois meses. O primeiro sinal da doen\u00e7a foram pequenas manchas amarronzadas pelo corpo.<\/p>\n<p style=\"text-align: left;\">A m\u00e3e de Luna, Eliane Carvalho dos Santos, conta que precisa estar sempre alerta porque as crises da garotinha s\u00e3o frequentes.\u00a0&#8220;Luna \u00e9 uma menina que requer muito cuidado. Imagine que uma picada de formiga uma vez quase a levou \u00e0 morte. Ela teve choque anafil\u00e1tico, teve que tomar adrenalina. Isso \u00e9 o m\u00ednimo, porque no sol e no frio, ela passa mal. \u00c9 muito complicada nossa rotina&#8221;, relatou Eliane.<\/p>\n<p style=\"text-align: left;\">Segundo os pais de Luna, o diagn\u00f3stico do FCAS, uma s\u00edndrome associada ao frio, ocorreu em maio deste ano. Os m\u00e9dicos informaram \u00e0 fam\u00edlia que no Brasil apenas Luna e outra crian\u00e7a possuem a doen\u00e7a. Ap\u00f3s quatro meses do diagn\u00f3stico, ela ainda n\u00e3o iniciou o tratamento porque o custo \u00e9 muito alto.<\/p>\n<figure id=\"attachment_12809\" aria-describedby=\"caption-attachment-12809\" style=\"width: 300px\" class=\"wp-caption aligncenter\"><a href=\"https:\/\/i0.wp.com\/blogdoeloiltoncajuhy.com.br\/site\/wp-content\/uploads\/2016\/10\/luna3.jpg\"><img data-recalc-dims=\"1\" decoding=\"async\" class=\"wp-image-12809 size-full\" src=\"https:\/\/i0.wp.com\/blogdoeloiltoncajuhy.com.br\/site\/wp-content\/uploads\/2016\/10\/luna3.jpg?resize=300%2C225\" alt=\"luna3\" width=\"300\" height=\"225\" srcset=\"https:\/\/i0.wp.com\/blogdoeloiltoncajuhy.com.br\/site\/wp-content\/uploads\/2016\/10\/luna3.jpg?w=300&amp;ssl=1 300w, https:\/\/i0.wp.com\/blogdoeloiltoncajuhy.com.br\/site\/wp-content\/uploads\/2016\/10\/luna3.jpg?resize=250%2C188&amp;ssl=1 250w\" sizes=\"(max-width: 300px) 100vw, 300px\" \/><\/a><figcaption id=\"caption-attachment-12809\" class=\"wp-caption-text\">Luna e a m\u00e3e, Eliane Carvalho (Foto: Imagem\/TV S\u00e3o Francisco)<\/figcaption><\/figure>\n<p style=\"text-align: left;\">Antes mesmo do diagn\u00f3stico do FCAS, os pais da crian\u00e7a j\u00e1 tinham um alto custo com rem\u00e9dios por conta do tratamento da mastocitose. Luna j\u00e1 toma v\u00e1rios rem\u00e9dios por dia, um deles custa em m\u00e9dia R$ 6 mil.<\/p>\n<p style=\"text-align: left;\">Sem poder bancar com o tratamento, a m\u00e3e entrou na Justi\u00e7a e o municipio foi obrigado a comprar a medica\u00e7\u00e3o. Al\u00e9m dos rem\u00e9dios, a menina tamb\u00e9m segue uma alimenta\u00e7\u00e3o rigorosa.\u00a0O medicamento indicado para o tratamento da FCAS, que custa R$ 53 mil, n\u00e3o \u00e9 oferecido pelo Sistema \u00danico de Sa\u00fade (SUS). Al\u00e9m disso, os pais da crian\u00e7a tamb\u00e9m ter\u00e3o custos com interna\u00e7\u00e3o e aplica\u00e7\u00e3o, pois o rem\u00e9dio s\u00f3 pode ser manipulado em uma unidade hospitalar.<\/p>\n<p style=\"text-align: left;\">No dia 28 de setembro, quando o STF iria definir alternativas para o acesso a rem\u00e9dios de alto custo, o ministro Teori Zavascki pediu vista (mais tempo para estudar a a\u00e7\u00e3o) e suspendeu o julgamento. Para conseguir o rem\u00e9dio, a fam\u00edlia depende de uma decis\u00e3o favor\u00e1vel do Supremo, para saber se o governo ter\u00e1 a obriga\u00e7\u00e3o de pagar por medicamentos caros que n\u00e3o est\u00e3o na lista do SUS.<\/p>\n<p style=\"text-align: left;\">&#8220;Luna est\u00e1 tomando uma medica\u00e7\u00e3o que \u00e9 baratinha, todo mundo consegue pagar, custa em torno de R$ 17. Mas com essa medica\u00e7\u00e3o, ela corre o risco de perder a vis\u00e3o, de ter parada dos outros \u00f3rg\u00e3os e eu n\u00e3o posso parar. Se eu n\u00e3o conseguir o mais caro [o rem\u00e9dio], ela vai ter que ficar tomando essa&#8221;, disse a m\u00e3e.<\/p>\n<p style=\"text-align: left;\"><em>*Do G1 BA<\/em><\/p>\n<p style=\"text-align: left;\"><strong>SE VOC\u00ca DESEJAR CONTRIBUIR COM LUNA, <a href=\"https:\/\/www.vakinha.com.br\/vaquinha\/estrelinha\">CLIQUE AQUI<\/a><\/strong><\/p>\n","protected":false},"excerpt":{"rendered":"<p>Crian\u00e7a de 6 anos tem mastocitose e FCAS; ela mora no norte da Bahia.\u00a0M\u00e3e relatou que garota j\u00e1 teve choque anafil\u00e1tico ap\u00f3s picada de formiga A fam\u00edlia de uma menina de 6 anos, que possui duas doen\u00e7as raras, promove uma campanha de financiamento coletivo na internet para cobrir os custos com uma medica\u00e7\u00e3o que custa [&hellip;]<\/p>\n","protected":false},"author":2,"featured_media":12809,"comment_status":"open","ping_status":"open","sticky":false,"template":"","format":"standard","meta":{"_acf_changed":false,"_monsterinsights_skip_tracking":false,"_monsterinsights_sitenote_active":false,"_monsterinsights_sitenote_note":"","_monsterinsights_sitenote_category":0,"_jetpack_memberships_contains_paid_content":false,"footnotes":"","jetpack_publicize_message":"","jetpack_publicize_feature_enabled":true,"jetpack_social_post_already_shared":true,"jetpack_social_options":{"image_generator_settings":{"template":"highway","default_image_id":0,"font":"","enabled":false},"version":2}},"categories":[1,11,7],"tags":[],"class_list":["post-12806","post","type-post","status-publish","format-standard","has-post-thumbnail","hentry","category-noticias","category-regional","category-saude"],"acf":[],"jetpack_publicize_connections":[],"jetpack_featured_media_url":"https:\/\/i0.wp.com\/blogdoeloiltoncajuhy.com.br\/site\/wp-content\/uploads\/2016\/10\/luna3.jpg?fit=300%2C225&ssl=1","jetpack_sharing_enabled":true,"publishpress_future_workflow_manual_trigger":{"enabledWorkflows":[]},"_links":{"self":[{"href":"https:\/\/blogdoeloiltoncajuhy.com.br\/site\/wp-json\/wp\/v2\/posts\/12806","targetHints":{"allow":["GET"]}}],"collection":[{"href":"https:\/\/blogdoeloiltoncajuhy.com.br\/site\/wp-json\/wp\/v2\/posts"}],"about":[{"href":"https:\/\/blogdoeloiltoncajuhy.com.br\/site\/wp-json\/wp\/v2\/types\/post"}],"author":[{"embeddable":true,"href":"https:\/\/blogdoeloiltoncajuhy.com.br\/site\/wp-json\/wp\/v2\/users\/2"}],"replies":[{"embeddable":true,"href":"https:\/\/blogdoeloiltoncajuhy.com.br\/site\/wp-json\/wp\/v2\/comments?post=12806"}],"version-history":[{"count":3,"href":"https:\/\/blogdoeloiltoncajuhy.com.br\/site\/wp-json\/wp\/v2\/posts\/12806\/revisions"}],"predecessor-version":[{"id":12812,"href":"https:\/\/blogdoeloiltoncajuhy.com.br\/site\/wp-json\/wp\/v2\/posts\/12806\/revisions\/12812"}],"wp:featuredmedia":[{"embeddable":true,"href":"https:\/\/blogdoeloiltoncajuhy.com.br\/site\/wp-json\/wp\/v2\/media\/12809"}],"wp:attachment":[{"href":"https:\/\/blogdoeloiltoncajuhy.com.br\/site\/wp-json\/wp\/v2\/media?parent=12806"}],"wp:term":[{"taxonomy":"category","embeddable":true,"href":"https:\/\/blogdoeloiltoncajuhy.com.br\/site\/wp-json\/wp\/v2\/categories?post=12806"},{"taxonomy":"post_tag","embeddable":true,"href":"https:\/\/blogdoeloiltoncajuhy.com.br\/site\/wp-json\/wp\/v2\/tags?post=12806"}],"curies":[{"name":"wp","href":"https:\/\/api.w.org\/{rel}","templated":true}]}}